{"id":121151,"date":"2020-12-08T18:51:13","date_gmt":"2020-12-08T23:51:13","guid":{"rendered":"https:\/\/www.bibula.com\/?p=121151"},"modified":"2020-12-08T18:51:13","modified_gmt":"2020-12-08T23:51:13","slug":"przewodniczacy-episkopatu-do-premiera-prosze-o-zmniejszenie-limitu-wiernych-do-1-osoby-na-7-m2","status":"publish","type":"post","link":"https:\/\/www.bibula.com\/?p=121151","title":{"rendered":"Przewodnicz\u0105cy Episkopatu do Premiera: Prosz\u0119 o zmniejszenie limitu wiernych do 1 osoby na 7 m2"},"content":{"rendered":"<p><strong>Prosz\u0119, aby od Wigilii Uroczysto\u015bci Bo\u017cego Narodzenia, obowi\u0105zuj\u0105cy dot\u0105d limit wiernych (1 osoba na 15 m<sup>2<\/sup>) zosta\u0142 zmniejszony do 1 osoby na 7 m<sup>2<\/sup> \u2013 napisa\u0142 przewodnicz\u0105cy Konferencji Episkopatu Polski abp Stanis\u0142aw G\u0105decki w li\u015bcie do premiera Mateusza Morawieckiego.<\/strong><\/p>\r\n<p>Podkre\u015bli\u0142, \u017ce zbli\u017caj\u0105ca si\u0119 uroczysto\u015b\u0107 Bo\u017cego Narodzenia jest dla chrze\u015bcijan czasem szczeg\u00f3lnym. \u201eNale\u017cy wi\u0119c zrobi\u0107 wszystko, aby \u2013 przy zachowaniu norm bezpiecze\u0144stwa \u2013 jak najwi\u0119ksza liczba os\u00f3b mia\u0142a mo\u017cliwo\u015b\u0107 uczestnictwa w \u015bwi\u0105tecznej liturgii, w tym we Mszy \u015awi\u0119tej Pasterskiej\u201d \u2013 napisa\u0142.<\/p>\r\n<p>\u201ePodtrzymuj\u0105c surowe obostrzenia w ko\u015bcio\u0142ach, redukujemy ca\u0142y okres \u015bwi\u0105teczny do kwestii dokonywania zakup\u00f3w, dla robienia kt\u00f3rych rezygnuje si\u0119 nawet z wolnej niedzieli\u201d \u2013 podkre\u015bli\u0142 w li\u015bcie. Zauwa\u017cy\u0142 te\u017c, \u017ce ograniczaj\u0105c mo\u017cliwo\u015b\u0107 sprawowania akt\u00f3w kultu publicznego rz\u0105d \u201eustanawia niebezpieczny precedens, kt\u00f3ry mo\u017ce skutkowa\u0107 powa\u017cnymi konsekwencjami w przysz\u0142o\u015bci, mo\u017ce zosta\u0107 wykorzystany przez rz\u0105dy wrogo nastawione do religii i Ko\u015bcio\u0142a\u201d.<\/p>\r\n<p>Przewodnicz\u0105cy Episkopatu zaznaczy\u0142, \u017ce religia odgrywa wa\u017cn\u0105 rol\u0119 w zachowaniu zdrowia duchowego i mentalnego, kt\u00f3re w czasie pandemii jest powa\u017cnie zagro\u017cone. \u201eMam nadziej\u0119, \u017ce odpowiedzialny udzia\u0142 w liturgii wi\u0119kszej liczby wiernych, przyczyni si\u0119 do wzmocnienia kondycji duchowej Polak\u00f3w, tak potrzebnej dla intensywnej pracy na rzecz umacniania naszej ziemskiej ojczyzny\u201d \u2013 napisa\u0142.<\/p>\r\n<p>BP KEP<\/p>\r\n<p><strong>Publikujemy pe\u0142ny tekst listu:<\/strong><\/p>\r\n<p style=\"padding-left: 40px; text-align: right;\">Warszawa, dnia 8 grudnia 2020 roku<\/p>\r\n<p style=\"padding-left: 40px; text-align: right;\"><em>W Uroczysto\u015b\u0107 Niepokalanego Pocz\u0119cia<br>\r\nNaj\u015bwi\u0119tszej Maryi Panny<\/em><\/p>\r\n<p>&nbsp;<\/p>\r\n<p style=\"padding-left: 40px; text-align: right;\">Wielce Szanowny Pan<br>\r\nMateusz <strong>MORAWIECKI<\/strong><br>\r\n<em>Prezes Rady Ministr\u00f3w<\/em><\/p>\r\n<p style=\"padding-left: 40px;\">Wielce Szanowny Panie Premierze,<\/p>\r\n<p style=\"padding-left: 40px;\">W ostatnich dniach dostrzegamy w Polsce malej\u0105c\u0105 liczb\u0119 dobow\u0105 zaka\u017ce\u0144 koronawirusem. Z pewno\u015bci\u0105 jest to efekt tak decyzji w\u0142adz pa\u0144stwowych, wyra\u017canych w kolejnych obostrzeniach sanitarnych w sferze publicznej, jak i odpowiedzialnej i solidarnej postawy wi\u0119kszo\u015bci naszych Rodak\u00f3w.<\/p>\r\n<p style=\"padding-left: 40px;\">Cieszy nas to, \u017ce poszczeg\u00f3lne sfery \u017cycia publicznego, w tym gospodarka \u2013 po ca\u0142kowitym lub cz\u0119\u015bciowym zamro\u017ceniu \u2013 wracaj\u0105 do zwyczajnego funkcjonowania. Podobnie dzieje si\u0119 w innych krajach Europy.<\/p>\r\n<p style=\"padding-left: 40px;\">Ko\u015bci\u00f3\u0142 katolicki od pocz\u0105tku trwania pandemii ze zrozumieniem podchodzi\u0142 do decyzji w\u0142adz pa\u0144stwowych, r\u00f3wnie\u017c gdy dotyka\u0142y one sfery \u017cycia religijnego. W licznych apelach biskupi zach\u0119cali wiernych do przestrzegania na\u0142o\u017conych ogranicze\u0144. Jednocze\u015bnie jednak Ko\u015bci\u00f3\u0142 nie zrezygnowa\u0142 ze swoich praw, w tym z prawa do wolno\u015bci religijnej, gwarantowanej przez art. 53 Konstytucji Rzeczypospolitej Polskiej.<\/p>\r\n<p style=\"padding-left: 40px;\">Na gruncie prawnym \u2013 podobnie jak na gruncie teologicznym \u2013 mo\u017cemy powiedzie\u0107, \u017ce wolno\u015b\u0107 religijna nie jest po prostu jednym z praw cz\u0142owieka, ale nale\u017cy ona do fundamentalnych praw cz\u0142owieka, kt\u00f3rych ochrona jest warunkiem <em>sine qua non<\/em> demokratycznego pa\u0144stwa prawnego.<\/p>\r\n<p style=\"padding-left: 40px;\">Tymczasem za\u015b zbli\u017ca si\u0119 uroczysto\u015b\u0107 Bo\u017cego Narodzenia. Dla milion\u00f3w ludzi na ca\u0142ym \u015bwiecie, a przede wszystkim dla nas chrze\u015bcijan jest to czas szczeg\u00f3lny. Wspomnienie narodzin Jezusa w Betlejem, to nie tylko pami\u0105tka minionych wydarze\u0144, ale to \u2013 zw\u0142aszcza w Eucharystii \u2013 stawanie w rzeczywistej obecno\u015bci Chrystusa, kt\u00f3ry przynosi nam prawdziw\u0105 nadziej\u0119 i si\u0142\u0119 do pokonywania trud\u00f3w codzienno\u015bci.<\/p>\r\n<p style=\"padding-left: 40px;\">Nale\u017cy wi\u0119c zrobi\u0107 wszystko, aby \u2013 przy zachowaniu norm bezpiecze\u0144stwa \u2013 jak najwi\u0119ksza liczba os\u00f3b mia\u0142a mo\u017cliwo\u015b\u0107 uczestnictwa w \u015bwi\u0105tecznej liturgii, w tym we Mszy \u015awi\u0119tej Pasterskiej.<\/p>\r\n<p style=\"padding-left: 40px;\">W zwi\u0105zku z powy\u017cszym prosz\u0119, aby od Wigilii Uroczysto\u015bci Bo\u017cego Narodzenia, obowi\u0105zuj\u0105cy dot\u0105d limit wiernych (1 osoba na 15 m<sup>2<\/sup>) zosta\u0142 zmniejszony do 1 osoby na 7 m<sup>2<\/sup>.<\/p>\r\n<p style=\"padding-left: 40px;\">Warto wspomnie\u0107 np. o efektach rozm\u00f3w przedstawicieli Konferencji Biskup\u00f3w Francji z rz\u0105dem, w wyniku kt\u00f3rych uzgodniono, \u017ce do 15 grudnia wymagane b\u0119dzie pozostawienie dw\u00f3ch wolnych miejsc mi\u0119dzy ka\u017cd\u0105 osob\u0105 lub rodzin\u0105 i zajmowanie tylko co drugiego rz\u0119du, z nadziej\u0105, \u017ce po 15 grudnia restrykcje zostan\u0105 ponownie poluzowane, by da\u0107 mo\u017cliwo\u015b\u0107 wiernym swobodnego prze\u017cycia Uroczysto\u015bci Bo\u017cego Narodzenia.<\/p>\r\n<p style=\"padding-left: 40px;\">Podtrzymuj\u0105c surowe obostrzenia w ko\u015bcio\u0142ach, redukujemy ca\u0142y okres \u015bwi\u0105teczny do kwestii dokonywania zakup\u00f3w, dla robienia kt\u00f3rych rezygnuje si\u0119 nawet z wolnej niedzieli. W okresie coraz wi\u0119kszego sekularyzmu wolno\u015b\u0107 religijna jest wa\u017cnym i wartym ochrony prawem, gdy\u017c jej przestrzeganie s\u0142u\u017cy zar\u00f3wno jednostce jak i dobru spo\u0142ecze\u0144stwa. Dzisiejszy rz\u0105d \u2013 ograniczaj\u0105c mo\u017cliwo\u015b\u0107 sprawowania akt\u00f3w kultu publicznego \u2013 ustanawia niebezpieczny precedens, kt\u00f3ry mo\u017ce skutkowa\u0107 powa\u017cnymi konsekwencjami w przysz\u0142o\u015bci, mo\u017ce zosta\u0107 wykorzystany przez rz\u0105dy wrogo nastawione do religii i Ko\u015bcio\u0142a.<\/p>\r\n<p style=\"padding-left: 40px;\">Religia odgrywa znacz\u0105c\u0105 rol\u0119 w zachowaniu zdrowia duchowego i mentalnego, kt\u00f3re w czasie pandemii jest powa\u017cnie zagro\u017cone. Mam nadziej\u0119, \u017ce odpowiedzialny udzia\u0142 w liturgii wi\u0119kszej liczby wiernych, przyczyni si\u0119 do wzmocnienia kondycji duchowej Polak\u00f3w, tak potrzebnej dla intensywnej pracy na rzecz umacniania naszej ziemskiej ojczyzny.<\/p>\r\n<p style=\"padding-left: 40px;\">Ufam, \u017ce kolejny ju\u017c m\u00f3j list do Pana Premiera spotka si\u0119 tym razem ze zrozumieniem i pozytywn\u0105 odpowiedzi\u0105.<\/p>\r\n<p style=\"padding-left: 40px;\">+ Stanis\u0142aw G\u0105decki<\/p>\r\n<p style=\"padding-left: 40px;\"><em>Arcybiskup Metropolita Pozna\u0144ski<\/em><\/p>\r\n<p style=\"padding-left: 40px;\"><em>Przewodnicz\u0105cy Konferencji Episkopatu Polski<\/em><\/p>\r\n<p style=\"padding-left: 40px;\"><em>Wiceprzewodnicz\u0105cy Rady Konferencji Episkopat\u00f3w (CCEE)<\/em><\/p>\r\n<p>Za: <a href=\"https:\/\/episkopat.pl\/przewodniczacy-episkopatu-do-premiera-prosze-o-zmniejszenie-limitu-wiernych-do-1-osoby-na-7-m2\/\">episkopat.pl (08-12-2020)<\/a><\/p>\r\n<h4>&nbsp;<\/h4>\r\n<hr style=\"background-color: #000000; border-width: 0; color: #000000; height: 2px; line-height: 0; text-align: center; width: 100%;\">\r\n<h4>&nbsp;<\/h4>\r\n<blockquote>\r\n<p>[<strong>Wybrane wypowiedzi internaut\u00f3w pod w\/w listem zamieszczonym na stronie <a href=\"https:\/\/www.pch24.pl\/przewodniczacy-kep-do-premiera--prosze-o-zmiane-limitu-wiernych-do-1-osoby-na-7-m2,80455,i.html\">PoloniaChristiana &#8211; pch24.pl<\/a>:<\/strong>]<\/p>\r\n<p>@mniej narzeka\u0107 &#8211; Po co ludzie maj\u0105 pisa\u0107 do w\u0142adzy pa\u0144stwowej? W\u0142adza pa\u0144stwowa nie ma prawa ustala\u0107 ilo\u015bci wiernych w ko\u015bciele! Bardzo \u017ale si\u0119 sta\u0142o, \u017ce biskupi pozwolili sobie na narzucanie jakich\u015b limit\u00f3w w ko\u015bcio\u0142ach. My musimy naciska\u0107 na proboszcz\u00f3w, by wpuszczali wszystkich ch\u0119tnych do ko\u015bcio\u0142a.<br>\r\n<em>stal<\/em><br>\r\n<br>\r\nNie prosi\u0107! Ko\u015bci\u00f3\u0142 nie musi stosowa\u0107 si\u0119 do rz\u0105dowych obostrze\u0144! W pa\u017adzierniku S\u0105d Rejonowy w Le\u017cajsku uniewinni\u0142 proboszcza jednej z podle\u017cajskich parafii, kt\u00f3rego policja oskar\u017cy\u0142a o z\u0142amanie limitu wiernych w ko\u015bciele. W\u00f3wczas obowi\u0105zywa\u0142 limit 50 os\u00f3b, kt\u00f3ry zosta\u0142 znacznie przekroczony co stwierdzi\u0142 patrol policji wezwany przez jakiego\u015b drania. Ksi\u0105dz odwo\u0142a\u0142 si\u0119 od mandatu i <strong>S\u0105d wyda\u0142 wyrok uniewinniaj\u0105cy, poniewa\u017c stwierdzi\u0142, \u017ce przepisy, kt\u00f3re zosta\u0142y wskazane we wniosku policji nie maj\u0105 regulacji ustawowej<\/strong>. Szczeg\u00f3lnie chodzi tu o rozporz\u0105dzenie reguluj\u0105ce liczb\u0119 ludzi w ko\u015bciele. Rzecznik prasowy SO w Rzeszowie stwierdzi\u0142: &#8222;W ocenie s\u0105du mamy tu do czynienia z wadliwym stanowieniem prawa&#8221;.<br>\r\n<em>stal<\/em><br>\r\n<br>\r\nW czasach komuny hierarchowie i zwykli ksi\u0119\u017ca mieli odwag\u0119 przeciwstawi\u0107 si\u0119 tyranii sowieckiej agentury. <strong>Teraz mamy uni\u017con\u0105 pro\u015bb\u0119 biskupa<\/strong>, aby pozwolono mu odprawia\u0107 msz\u0119. \u017ba\u0142osne. KEP powinno wyda\u0107 komunikat, w kt\u00f3rym &#8211; powo\u0142uj\u0105c si\u0119 na zapisy konkordatu &#8211; poinformuje wiernych, \u017ce rz\u0105dowe limity ko\u0144cz\u0105 si\u0119 na bramie ko\u015bcio\u0142a. Zapraszaj\u0105 wi\u0119c do licznego udzia\u0142u w KA\u017bDEJ mszy. Oczywi\u015bcie, przy zachowaniu zasady fides &amp; ratio.<br>\r\n<em>Dante<\/em><br>\r\n<br>\r\ndostojnik ko\u015bcielny prosi si\u0119 rz\u0105du maso\u0144skiego. Ju\u017c nic mnie nie zaskoczy.<br>\r\n<em>Trotyl<\/em><br>\r\n<br>\r\nW sumie powinno by\u0107: &#8222;prosz\u0119 aby obowi\u0105zuj\u0105cy dot\u0105d limit wiernych zosta\u0142 ZWI\u0118KSZONY&#8221;. Zmniejszony ma by\u0107 metra\u017c na jedn\u0105 osob\u0119, a nie limit.<br>\r\n<em>Hmm<\/em><br>\r\n<br>\r\nDlaczego on prosi? Czy ko\u015bcio\u0142y s\u0105 w\u0142asnosci\u0105 pa\u0144stwa? Po co si\u0119 tak poni\u017ca? Powinien sam zadecydowa\u0107 o ewentualnych limitach &#8211; a najlepiej o ich zniesieniu &#8211; i \u017cadnych urz\u0119dnik\u00f3w nie pyta\u0107 ani nawet nie informowa\u0107.<br>\r\n<em>Kosmonauta<\/em><br>\r\n<br>\r\nkoniec \u015bwiata! biskup KK prosi urz\u0119dnika pa\u0144stwowego, \u017ceby pozwoli\u0142 wiernym przyj\u015b\u0107 do ko\u015bcio\u0142a<br>\r\n<em>witek<\/em><br>\r\n<br>\r\nPa\u0144stwo nie ma prawa ingerowa\u0107 w Ko\u015bci\u00f3\u0142. A nawet pa\u0144stwowe s\u0105dy uznawa\u0142y, \u017ce te rozporz\u0105dzenia odno\u015bnie ko\u015bcio\u0142\u00f3w nie maj\u0105 mocy.<br>\r\n<em>K.<\/em><br>\r\n<br>\r\n<\/p>\r\n<\/blockquote>","protected":false},"excerpt":{"rendered":"Prosz\u0119, aby od Wigilii Uroczysto\u015bci Bo\u017cego Narodzenia, obowi\u0105zuj\u0105cy dot\u0105d limit wiernych (1 osoba na 15 m2) zosta\u0142 zmniejszony do 1 osoby na 7 m2 \u2013 napisa\u0142 przewodnicz\u0105cy Konferencji Episkopatu Polski abp Stanis\u0142aw G\u0105decki w li\u015bcie do premiera Mateusza Morawieckiego. Podkre\u015bli\u0142, \u017ce zbli\u017caj\u0105ca si\u0119 uroczysto\u015b\u0107 Bo\u017cego Narodzenia jest dla chrze\u015bcijan czasem szczeg\u00f3lnym. \u201eNale\u017cy wi\u0119c zrobi\u0107 wszystko, [&hellip;]","protected":false},"author":1,"featured_media":0,"comment_status":"closed","ping_status":"closed","sticky":false,"template":"","format":"standard","meta":{"_acf_changed":false,"_monsterinsights_skip_tracking":false,"_monsterinsights_sitenote_active":false,"_monsterinsights_sitenote_note":"","_monsterinsights_sitenote_category":0,"ngg_post_thumbnail":0,"footnotes":"","_wp_rev_ctl_limit":""},"categories":[451,5],"tags":[433,98,20,33],"acf":[],"_links":{"self":[{"href":"https:\/\/www.bibula.com\/index.php?rest_route=\/wp\/v2\/posts\/121151"}],"collection":[{"href":"https:\/\/www.bibula.com\/index.php?rest_route=\/wp\/v2\/posts"}],"about":[{"href":"https:\/\/www.bibula.com\/index.php?rest_route=\/wp\/v2\/types\/post"}],"author":[{"embeddable":true,"href":"https:\/\/www.bibula.com\/index.php?rest_route=\/wp\/v2\/users\/1"}],"replies":[{"embeddable":true,"href":"https:\/\/www.bibula.com\/index.php?rest_route=%2Fwp%2Fv2%2Fcomments&post=121151"}],"version-history":[{"count":2,"href":"https:\/\/www.bibula.com\/index.php?rest_route=\/wp\/v2\/posts\/121151\/revisions"}],"predecessor-version":[{"id":121153,"href":"https:\/\/www.bibula.com\/index.php?rest_route=\/wp\/v2\/posts\/121151\/revisions\/121153"}],"wp:attachment":[{"href":"https:\/\/www.bibula.com\/index.php?rest_route=%2Fwp%2Fv2%2Fmedia&parent=121151"}],"wp:term":[{"taxonomy":"category","embeddable":true,"href":"https:\/\/www.bibula.com\/index.php?rest_route=%2Fwp%2Fv2%2Fcategories&post=121151"},{"taxonomy":"post_tag","embeddable":true,"href":"https:\/\/www.bibula.com\/index.php?rest_route=%2Fwp%2Fv2%2Ftags&post=121151"}],"curies":[{"name":"wp","href":"https:\/\/api.w.org\/{rel}","templated":true}]}}