{"id":121147,"date":"2020-12-07T20:40:34","date_gmt":"2020-12-08T01:40:34","guid":{"rendered":"https:\/\/www.bibula.com\/?p=121147"},"modified":"2020-12-08T18:51:55","modified_gmt":"2020-12-08T23:51:55","slug":"roberto-de-mattei-najbezpieczniejsza-szczepionka-przeciw-zlu","status":"publish","type":"post","link":"https:\/\/www.bibula.com\/?p=121147","title":{"rendered":"Roberto de Mattei: Najbezpieczniejsza szczepionka przeciw z\u0142u"},"content":{"rendered":"<p><strong>W ci\u0105gu ostatnich kilku tygodni kilka spo\u015br\u00f3d najwi\u0119kszych koncern\u00f3w farmaceutycznych og\u0142osi\u0142o rych\u0142e rozpocz\u0119cie produkcji szczepionek na COVID-19. Komentuj\u0105c te doniesienia profesor Andrea Crisanti wypowiedzia\u0142 si\u0119 w spos\u00f3b doskonale \u015bwiadcz\u0105cy o jego zdrowym rozs\u0105dku. Odpowiadaj\u0105c na pytanie, czy przyjmie szczepionk\u0119, powiedzia\u0142: \u201eNormalnie wyprodukowanie szczepionki zajmuje od oko\u0142o pi\u0119ciu do o\u015bmiu lat. Dlatego, przy braku dost\u0119pnych danych, nie przyj\u0105\u0142bym pierwszej szczepionki, kt\u00f3ra powinna pojawi\u0107 si\u0119 w styczniu. Chcia\u0142bym mie\u0107 pewno\u015b\u0107, \u017ce ta szczepionka zosta\u0142a odpowiednio przetestowania oraz \u017ce spe\u0142nia kryteria bezpiecze\u0144stwa i skuteczno\u015bci. Jako obywatel mam takie prawo i nie zamierzam akceptowa\u0107 drogi na skr\u00f3ty\u201d.<\/strong><\/p>\r\n<p>To odpowied\u017a w pe\u0142ni odpowiadaj\u0105ca zdrowemu rozs\u0105dkowi. Roztropna i uwzgl\u0119dniaj\u0105ca zasad\u0119 ostro\u017cno\u015bci, tak cz\u0119sto przywo\u0142ywan\u0105 w przypadku ochrony \u015brodowiska. To, dlaczego zasada ta nie mia\u0142aby mie\u0107 zastosowania w zakresie ochrony zdrowia, jest rzecz\u0105 niejasn\u0105. Prof. Crisanti nie jest szczepionkom przeciwny, s\u0142usznie jednak utrzymuje, \u017ce komunikaty prasowe koncern\u00f3w farmaceutycznych nie s\u0105 dostateczn\u0105 gwarancj\u0105 bezpiecze\u0144stwa, dlatego te\u017c czeka na dane naukowe, kt\u00f3re zweryfikuj\u0105 odpowiednie agencje. Wskutek zaprezentowania tych roztropnych s\u0142\u00f3w zosta\u0142 przez mass-media i niekt\u00f3rych koleg\u00f3w poddany demonizacji.<\/p>\r\n<p>Crisanti broni\u0142 si\u0119 w li\u015bcie opublikowanym 23 listopada na \u0142amach \u201eCorriere della Sera\u201d. W li\u015bcie tym pisa\u0142 m.in. tak: \u201eStra\u017cnicy naukowej ortodoksji nie dopuszczaj\u0105 do siebie \u017cadnych w\u0105tpliwo\u015bci ani waha\u0144, wymagaj\u0105 skoku wiary od tych, kt\u00f3rzy nie posiadaj\u0105 dost\u0119pu do poufnych informacji. Grzmi\u0105 oburzeni, \u017ce <em>szczepionka zadzia\u0142a!<\/em>. Sam mam nadziej\u0119, \u017ce to prawda, niemniej jednak, pozw\u00f3lcie mi na wyra\u017cenie sprzeciwu: szczepionka nie jest rzecz\u0105 \u015bwi\u0119t\u0105. Wiar\u0119 zostawmy religii, a w\u0105tpliwo\u015bci i dyskusj\u0119 nauce \u2013 s\u0105 one jej gwarancj\u0105 i czynnikami rozwoju\u201d.<\/p>\r\n<p>Przytaczam te stwierdzenia, bo wydaj\u0105 si\u0119 one by\u0107 g\u0142osem zdrowego rozs\u0105dku w czasach, w kt\u00f3rych rozs\u0105dku cz\u0119sto brakuje. Ludzie tacy jak my, nieb\u0119d\u0105cy immunologami ani mikrobiologami, niezdolni wskutek tego do formu\u0142owania naukowych prognoz, mo\u017cemy jedynie podj\u0105\u0107 wysi\u0142ek polegaj\u0105cy na niewyrzekaniu si\u0119 w\u0142a\u015bciwego korzystania z logiki. Nie mo\u017cemy zrobi\u0107 nic innego, jak tylko zgodzi\u0107 si\u0119 z prof. Crisantim. Poza zdrowym rozs\u0105dkiem rzecz\u0105 konieczn\u0105 jest tak\u017ce prze\u017cycie tej pandemii w \u015bwietle wiary, mo\u017cemy wskazywa\u0107 na istnienie \u015brodka przeciwko koronawirusowi, kt\u00f3ry jest zdecydowanie najskuteczniejszy, zapobiega bowiem nie tylko chorobom cia\u0142a \u2013 przed kt\u00f3rymi wszyscy czuj\u0105 l\u0119k \u2013 ale tym tak\u017ce bardziej niebezpiecznym: chorom duszy, o kt\u00f3rych nikt nie m\u00f3wi.<\/p>\r\n<p>Mam na my\u015bli Cudowny Medalik, kt\u00f3ry wspominamy 27 listopada. Tego dnia roku 1830 siostrze Katarzynie Labour\u00e8 ukaza\u0142a si\u0119 Naj\u015bwi\u0119tsza Maryja Panna. Siostra Katarzyna mia\u0142a w\u00f3wczas 24 lata i by\u0142a nowicjuszk\u0105 w domu Si\u00f3str Mi\u0142osierdzia na Rue du Bac w Pary\u017cu. Katarzyna Labour\u00e9 relacjonowa\u0142a, \u017ce widzia\u0142a \u201enieco owalny kszta\u0142t otaczaj\u0105cy Naj\u015bwi\u0119tsz\u0105 Dziewic\u0119 Maryj\u0119, na kt\u00f3rego p\u00f3\u0142kolu \u2013 od prawej r\u0119ki Maryi w stron\u0119 r\u0119ki lewej \u2013 odczyta\u0107 mo\u017cna by\u0142o te oto s\u0142owa zapisane z\u0142otymi literami: \u00bbO Maryjo bez grzechu pocz\u0119ta, m\u00f3dl si\u0119 za nami, kt\u00f3rzy si\u0119 do Ciebie uciekamy\u00ab. Nast\u0119pnie us\u0142ysza\u0142am g\u0142os m\u00f3wi\u0105cy do mnie: \u00bbPostaraj si\u0119, by wybito medale wed\u0142ug tego wzoru. Wszyscy, kt\u00f3rzy go b\u0119d\u0105 nosili, dost\u0105pi\u0105 wielkich \u0142ask, szczeg\u00f3lniej je\u017celi go b\u0119d\u0105 nosili na szyi\u00ab. W tej chwili zdawa\u0142o mi si\u0119, \u017ce obraz si\u0119 obraca. Nagle zdawa\u0142o mi si\u0119, \u017ce obraz si\u0119 obr\u00f3ci\u0142 i ujrza\u0142am drug\u0105 stron\u0119 Medalika. By\u0142a na niej litera <em>M<\/em> (monogram Maryi), zwie\u0144czony krzy\u017cem, kt\u00f3ry u podstawy mia\u0142 liter\u0119 <em>I<\/em> (monogram imienia Iesus). Poni\u017cej znajdowa\u0142y si\u0119 dwa serca, jedno otoczone cierniami (przedstawiaj\u0105ce serce Jezusa), oraz drugie, przeszyte mieczem (serce Maryi). Na koniec, wszystko to otacza\u0142o 12 gwiazd\u201d.<\/p>\r\n<p>Pierwszych 1500 egzemplarzy medalika, o kt\u00f3ry prosi\u0142a Maryja, wykonanych zosta\u0142o w roku 1832. Od tego czasu \u0142aski i cuda zwielokrotni\u0142y liczb\u0119 pr\u00f3\u015bb o ten medalik. Grzesznicy nawracali si\u0119, umieraj\u0105cy doznawali uzdrowienia, niebezpiecze\u0144stwa bywa\u0142y oddalone; otrzymywano wszelkiego rodzaju \u0142aski. Niezwyk\u0142ym o\u015brodkiem upowszechnienia medalika sta\u0142a si\u0119 paryska parafia pw. Matki Bo\u017cej Zwyci\u0119skiej. Katarzyna Labour\u00e9 by\u0142\u0105 cich\u0105 aposto\u0142k\u0105 Cudownego Medalika a\u017c do swej \u015bmierci 13 grudnia 1876 roku. \u0141\u0105czna liczba medalik\u00f3w wybitych do jej \u015bmierci wynios\u0142a ponad milion. Najbardziej zdumiewaj\u0105cym owocem tego nowego nabo\u017ce\u0144stwa by\u0142o nawr\u00f3cenie Alfonsa Ratisbonne\u2019a, kt\u00f3remu to Naj\u015bwi\u0119tsza Maryja Panna od Cudownego Medalika objawi\u0142a si\u0119 20 stycznia 1842 roku w rzymskim ko\u015bciele Sant\u2019Andrea delle Fratte.<\/p>\r\n<p>W roku 1884 papie\u017c Leon XIII \u2013 w pi\u0119\u0107dziesi\u0105t\u0105 rocznice objawie\u0144 \u2013 uzna\u0142 cudowne nawr\u00f3cenie Ratisbonne\u2019a za autentyczne i og\u0142osi\u0142 \u015bwi\u0119to Cudownego Medalika, obchodzone co roku 27 listopada. 27 lipca 1947 roku Katarzyna Labour\u00e9 zosta\u0142a og\u0142oszona przez Piusa XII \u015bwi\u0119t\u0105; dzi\u015b jej cia\u0142o odbiera cze\u015b\u0107 w kaplicy objawie\u0144 przy rue du Bac, spoczywaj\u0105c obok \u015bwi\u0119tej Ludwiki de Marillac, wsp\u00f3\u0142za\u0142o\u017cycielki Zgromadzenia Si\u00f3str Mi\u0142osierdzia.<\/p>\r\n<p>Dlaczego Matka Bo\u017ca wybra\u0142a prosty medalik w celu udzielania swych \u0142ask? Z tego samego powodu, dla kt\u00f3rego wybra\u0142a skromn\u0105 nowicjuszk\u0119, by pokaza\u0107, \u017ce Opatrzno\u015b\u0107 zawsze korzysta z pozornie s\u0142abych po to, by obali\u0107 wrog\u00f3w uwa\u017caj\u0105cych si\u0119 za niezwyci\u0119\u017conych. Jak uczy \u015bw. Pawe\u0142: \u201eB\u00f3g wybra\u0142 w\u0142a\u015bnie to, co g\u0142upie w oczach \u015bwiata, aby zawstydzi\u0107 m\u0119drc\u00f3w, wybra\u0142 to, co niemocne, aby mocnych poni\u017cy\u0107; i to, co nie jest szlachetnie urodzone wed\u0142ug \u015bwiata i wzgardzone, i to, co nie jest, wyr\u00f3\u017cni\u0142 B\u00f3g, by to co jest, unicestwi\u0107, tak by si\u0119 \u017cadne stworzenie nie che\u0142pi\u0142o wobec Boga\u201d (1 Kor 1, 27-29).<\/p>\r\n<p>W objawieniu danym \u015bw. Katarzynie Labour\u00e9 27 listopada Matka Bo\u017ca zwyci\u0119sko stoi na globie \u2013 symbolizuj\u0105cym \u015bwiat \u2013 a w r\u0119ku trzyma drugi, mniejszy, ofiarowuj\u0105c go Bogu. Skoro ofiarowuje go Bogu, to znaczy, \u017ce nale\u017cy do Niej. Matka Bo\u017ce jest po\u015bredniczk\u0105 wszelkich \u0142ask, wsp\u00f3\u0142odkupicielk\u0105 rodzaju ludzkiego, kr\u00f3low\u0105 Nieba i Ziemi. \u015awiat jest Jej w\u0142asno\u015bci\u0105, nie nale\u017cy do przyw\u00f3dc\u00f3w globalizmu. Istnieje \u015bwi\u0119ty porz\u0105dek \u015bwiata, to Jej porz\u0105dek.<\/p>\r\n<p>19 lipca 1931 roku Pius XI, przy okazji procesu beatyfikacyjnego Katarzyny Labour\u00e9, odni\u00f3s\u0142 si\u0119 do z\u0142a dotykaj\u0105cego Ko\u015bci\u00f3\u0142. Jak powiedzia\u0142, \u201ew tych dniach Cudowny Medalik ja\u015bnieje, tak jakby w spos\u00f3b widzialny i namacalny wzywa\u0142 nas do modlitwy, w kt\u00f3rej nie ma \u017cadnych granic, mo\u017cliwe s\u0105 cuda \u2013 a zw\u0142aszcza cuda. Cudem jest to, kiedy \u015blepiec przejrzy na oczy, musimy wi\u0119c prosi\u0107 Maryj\u0119, Kr\u00f3low\u0105 Medalika, o kolejny cud: by przejrzeli ci, kt\u00f3rzy widzie\u0107 nie chc\u0105\u201d.<\/p>\r\n<p>Cudowny Medalik nale\u017cy po\u015bwi\u0119ci\u0107, a nast\u0119pnie nosi\u0107 \u2013 najlepiej na szyi. Niech jego czciciele nie tylko go nosz\u0105 na szyi czy te\u017c przy sobie, niech go tak\u017ce upowszechniaj\u0105 gdziekolwiek jest to tylko mo\u017cliwe: w swoich domach, w miejscach naznaczonych b\u00f3lem i grzechem. Cudowny Medalik, na ca\u0142ym \u015bwiecie noszony z wiar\u0105 przez wielu katolik\u00f3w, wci\u0105\u017c spe\u0142nia dzi\u015b swoje niezwyk\u0142e zadanie, jest cudown\u0105 szczepionk\u0105 przeciwko z\u0142u naszych czas\u00f3w. Ostatnim wielkim cudem, o kt\u00f3ry prosimy za jego spraw\u0105, jest rozproszenie ciemno\u015bci spowijaj\u0105cych \u015bwiat, w kt\u00f3rym \u017cyjemy.<\/p>\r\n<p><em><strong>Roberto de Mattei<\/strong><\/em><br>\r\nRadioRomaLibera<\/p>\r\n<p>T\u0142um. mat<\/p>\r\n<p><a href=\"https:\/\/darmaryi.pl\/\" target=\"_blank\" rel=\"noopener noreferrer\"><img fetchpriority=\"high\" decoding=\"async\" class=\"aligncenter\" src=\"https:\/\/www.pch24.pl\/files\/2020%20GRAFIKI\/portal_1170x236.jpg\" alt=\"\" width=\"596\" height=\"120\"><\/a><\/p>\r\n<blockquote>\r\n<p>[<strong>Wybrane wypowiedzi internaut\u00f3w pod w\/w tekstem na stronie \u017ar\u00f3d\u0142owej:<\/strong>]<\/p>\r\n<p>Szczepionka zw\u0142aszcza niesprawdzona i szkodliwa, b\u0119dzie skuteczna przeciw koronawirusowi. Jak kto\u015b umrze z powodu szczepionki, to ju\u017c raczej nie zachoruje na koronawirusa<br>\r\n<em>Marek<\/em><br>\r\n<br>\r\nAve Maria! Wymiar duchowy i cielesny mog\u0105 is\u0107 w parze. Zgadzam si\u0119 z profesorem, \u017ce <strong>cudowny medalik, kt\u00f3ry sama nosz\u0119, jest obron\u0105 przed wszelkim z\u0142em, r\u00f3wnie\u017c przed z\u0142em przymusu toksycznych szczepionek.<\/strong><br>\r\n<em>ewcia<\/em><br>\r\n<br>\r\nOd pocz\u0105tku tzw. pandemii nosz\u0119 cudowny medalik, chodz\u0119 bez maseczki i ca\u0142y czas ciesz\u0119 si\u0119 dobrym zdrowiem, nawet katar mi si\u0119 nie przypl\u0105ta\u0142 wi\u0119c mog\u0119 potwierdzi\u0107, \u017ce cudowny medalik jest znakomit\u0105 ochron\u0105. Moim zdaniem chroni tak\u017ce ludzi, z kt\u00f3rymi kontaktuj\u0119 si\u0119 na co dzie\u0144. Nie wiem czy jest po\u015bwi\u0119cony ale otrzyma\u0142am go wraz z zamawianymi ksi\u0105\u017ckami z Te Deum wi\u0119c mam nadziej\u0119, \u017ce tak. Do tego oczywi\u015bcie modlitwy, r\u00f3\u017caniec i przede wszystkim wiara. Wszystkie medaliki jakie dosta\u0142am rozda\u0142am rodzinie i znajomym, wszyscy zdrowi. wierz\u0119, \u017ce uda si\u0119 pokona\u0107 to pandemiczne k\u0142amstwo i wyzwoli\u0107 ludzi z tego l\u0119ku spowodowanego straszeniem przez rz\u0105d i media. Osobi\u015bcie te\u017c nie wierz\u0119, \u017ce w ci\u0105gu roku mo\u017cna wynale\u017a\u0107 i wyprodukowa\u0107 szczepionk\u0119. Uwa\u017cam, \u017ce to w\u0142a\u015bnie z powodu tej szczepionki stworzono ca\u0142\u0105 t\u0105 pandemi\u0119. Koniecznie chcieliby nas ni\u0105 uszcz\u0119\u015bliwi\u0107. Dla mnie to bardzo podejrzane. Licz\u0119 na opatrzno\u015b\u0107 Bo\u017c\u0105 tak, \u017ce masowe szczepienie ludzi nie dojdzie do skutku.<br>\r\n<em>Tina<\/em><br>\r\n<br>\r\nPandemia jest wywo\u0142ana w celu realizacji NWO.Teraz \u0142adnie potestuj\u0105 szczepionk\u0119 na tysi\u0105cach zaszczepionych.Nast\u0119pne b\u0119dzie chipowanie,rejestracja w systemach.<br>\r\n<em>Johny Mnemonic<\/em><br>\r\n<br>\r\n<\/p>\r\n<\/blockquote>","protected":false},"excerpt":{"rendered":"W ci\u0105gu ostatnich kilku tygodni kilka spo\u015br\u00f3d najwi\u0119kszych koncern\u00f3w farmaceutycznych og\u0142osi\u0142o rych\u0142e rozpocz\u0119cie produkcji szczepionek na COVID-19. Komentuj\u0105c te doniesienia profesor Andrea Crisanti wypowiedzia\u0142 si\u0119 w spos\u00f3b doskonale \u015bwiadcz\u0105cy o jego zdrowym rozs\u0105dku. Odpowiadaj\u0105c na pytanie, czy przyjmie szczepionk\u0119, powiedzia\u0142: \u201eNormalnie wyprodukowanie szczepionki zajmuje od oko\u0142o pi\u0119ciu do o\u015bmiu lat. Dlatego, przy braku dost\u0119pnych danych, [&hellip;]","protected":false},"author":1,"featured_media":0,"comment_status":"closed","ping_status":"closed","sticky":false,"template":"","format":"standard","meta":{"_acf_changed":false,"_monsterinsights_skip_tracking":false,"_monsterinsights_sitenote_active":false,"_monsterinsights_sitenote_note":"","_monsterinsights_sitenote_category":0,"ngg_post_thumbnail":0,"footnotes":"","_wp_rev_ctl_limit":""},"categories":[451,9],"tags":[119,433,20],"acf":[],"_links":{"self":[{"href":"https:\/\/www.bibula.com\/index.php?rest_route=\/wp\/v2\/posts\/121147"}],"collection":[{"href":"https:\/\/www.bibula.com\/index.php?rest_route=\/wp\/v2\/posts"}],"about":[{"href":"https:\/\/www.bibula.com\/index.php?rest_route=\/wp\/v2\/types\/post"}],"author":[{"embeddable":true,"href":"https:\/\/www.bibula.com\/index.php?rest_route=\/wp\/v2\/users\/1"}],"replies":[{"embeddable":true,"href":"https:\/\/www.bibula.com\/index.php?rest_route=%2Fwp%2Fv2%2Fcomments&post=121147"}],"version-history":[{"count":1,"href":"https:\/\/www.bibula.com\/index.php?rest_route=\/wp\/v2\/posts\/121147\/revisions"}],"predecessor-version":[{"id":121148,"href":"https:\/\/www.bibula.com\/index.php?rest_route=\/wp\/v2\/posts\/121147\/revisions\/121148"}],"wp:attachment":[{"href":"https:\/\/www.bibula.com\/index.php?rest_route=%2Fwp%2Fv2%2Fmedia&parent=121147"}],"wp:term":[{"taxonomy":"category","embeddable":true,"href":"https:\/\/www.bibula.com\/index.php?rest_route=%2Fwp%2Fv2%2Fcategories&post=121147"},{"taxonomy":"post_tag","embeddable":true,"href":"https:\/\/www.bibula.com\/index.php?rest_route=%2Fwp%2Fv2%2Ftags&post=121147"}],"curies":[{"name":"wp","href":"https:\/\/api.w.org\/{rel}","templated":true}]}}