{"id":121137,"date":"2020-12-07T19:14:18","date_gmt":"2020-12-08T00:14:18","guid":{"rendered":"https:\/\/www.bibula.com\/?p=121137"},"modified":"2020-12-07T19:14:18","modified_gmt":"2020-12-08T00:14:18","slug":"mozliwosc-piekla","status":"publish","type":"post","link":"https:\/\/www.bibula.com\/?p=121137","title":{"rendered":"Mo\u017cliwo\u015b\u0107 piek\u0142a"},"content":{"rendered":"<p>Najnowsz\u0105 wypowied\u017a o. Tadeusza Rydzyka CSsR, podczas mszy jubileuszowej z okazji 29 rocznicy powstania Radia Maryja, broni\u0105ca by\u0142ego biskupa kaliskiego Edwarda Janiaka, rzekomo oskar\u017canego bez \u017cadnych dowod\u00f3w, \u201cna podstawie filmide\u0142\u201d, nale\u017cy uzna\u0107 jednoznacznie za skandaliczn\u0105. Zapewne utwierdzi\u0142a w przekonaniu o biskupiej i ksi\u0119\u017cej doskona\u0142o\u015bci coraz mniej licznych, bezkrytycznych s\u0142uchaczy rozg\u0142o\u015bni, jednak wielu katolik\u00f3w g\u0142\u0119boko rozczarowa\u0142a, a zapewne nie zabrak\u0142o i takich, dla kt\u00f3rych oczywiste negowanie fakt\u00f3w i, kolokwialnie m\u00f3wi\u0105c, odwracanie kota ogonem, sta\u0142o si\u0119 ostatecznym impulsem do opuszczenia Ko\u015bcio\u0142a. Mo\u017ce nie wszyscy wiedz\u0105, \u017ce Radio Maryja od ponad dziesi\u0119ciu lat mia\u0142o bardzo bliskie zwi\u0105zki z diecezja kalisk\u0105. W ka\u017cdy pierwszy czwartek miesi\u0105ca odbywa\u0142y si\u0119 w tamtejszym sanktuarium \u015bw. J\u00f3zefa Msze transmitowane na falach eteru, niemal zawsze pod przewodnictwem, kt\u00f3rego\u015b z tamtejszych biskup\u00f3w. O. Rydzyk w jakim\u015b sensie rozpaczliwie broni swoich dokona\u0144. Szkoda, \u017ce tak \u017ale i g\u0142upio.<\/p>\r\n<p>Trudno nie zauwa\u017cy\u0107, \u017ce jego dzia\u0142anie jest motywowane swoistym klerykalizmem. Jednak czy zuchwa\u0142o\u015b\u0107 i odra\u017caj\u0105cy charakter biskupich i ksi\u0119zowskich grzech\u00f3w nie bierze si\u0119 czasami tak\u017ce z zapomnienia prawdy wiary o Bogu, kt\u00f3ry karze za z\u0142o? Czy tak powszechny w ostatnich dziesi\u0119cioleciach trend do g\u0142oszenia po\u015br\u00f3d Bo\u017cych atrybut\u00f3w jedynie mi\u0142osierdzia, kosztem przemilczania sprawiedliwo\u015bci, nie ma czego\u015b wsp\u00f3lnego z nazbyt lekkim traktowaniem przez biskup\u00f3w seksualnych drapie\u017cc\u00f3w po\u015br\u00f3d podw\u0142adnych sobie kap\u0142an\u00f3w? Ale czy w polskim Ko\u015bciele wywo\u0142uje to jak\u0105kolwiek refleksj\u0119? Okazuje si\u0119, \u017ce katecheta, a przy okazji Nauczyciel Roku 2019, ksi\u0105dz Damian Wy\u017ckiewicz, w wydanej przez \u201cWi\u0119\u017a\u201d <a href=\"https:\/\/deon.pl\/czytelnia\/ksiazki\/kiedy-katecheza-falszuje-obraz-boga,1030960\"><span style=\"text-decoration: underline;\">rozmowie<\/span><\/a> z Dawidem Gospodarkiem,&nbsp; uwa\u017ca, \u017ce przekazywanie dzieciom i m\u0142odzie\u017cy na katechizacji prawdy o Bogu, kt\u00f3ry jest r\u00f3wnie\u017c S\u0119dzi\u0105 i karze za z\u0142o, to powielanie wyobra\u017cenia \u201cstereotypowego i zafa\u0142szowanego\u201d. Tak, zapewne wyobra\u017cenie o Bogu S\u0119dzim to \u201cresztki christianitas\u201d, kt\u00f3re trzeba \u201cwymie\u015b\u0107\u201d, jak <a href=\"https:\/\/www.facebook.com\/ewa.kiedio\/posts\/4222729461086895\"><span style=\"text-decoration: underline;\">napisa\u0142a<\/span><\/a> w podsumowaniu swojego wyst\u0105pienia na niedawnej debacie w Fundacji Batorego Ewa Kiedio.<\/p>\r\n<p>Nie wiem czy w czasach, kiedy Christianitas by\u0142a czym\u015b oczywistym, boja\u017a\u0144 Bo\u017ca by\u0142a w\u015br\u00f3d ludzi powszechniejsza ni\u017c dzisiaj. Chyba tak, nie w tym jednak rzecz. Ot\u00f3\u017c \u017cywi\u0119 przekonanie, \u017ce by\u0142y to czasy zdrowego antyklerykalizmu, oczywistego przekonania, \u017ce s\u0105d Bo\u017cy b\u0119dzie dokonany nad ka\u017cdym chrze\u015bcijaninem, tak\u017ce papie\u017cem, biskupem, ksi\u0119dzem i mnichem.Wystarczy popatrze\u0107 na tak popularne wtedy <a href=\"http:\/\/imaginemdei.blogspot.com\/2018\/09\/the-summer-of-pain.html\"><span style=\"text-decoration: underline;\">prezentacje<\/span><\/a> S\u0105du Ostatecznego. Ilu\u017c duchownych mo\u017cna tam znale\u017a\u0107 w\u015br\u00f3d pot\u0119pionych! Nie, nie chodzi mi o to, \u017ceby gadaniem o karze wiekuistej zast\u0105pi\u0107 sprawiedliwo\u015b\u0107 doczesn\u0105. Raczej, \u017ceby np. ojcu Rydzykowi u\u015bwiadomi\u0107, \u017ce kara doczesna jest konieczna, bo bez niej ten kamie\u0144 m\u0142y\u0144ski ju\u017c zawieszony u szyi biskupa Janiaka, mo\u017ce nie zosta\u0107 zdj\u0119ty, kiedy stanie z S\u0119dzi\u0105 twarz\u0105 w twarz.&nbsp;<\/p>\r\n<p><em><strong>Piotr Chrzanowski<\/strong><\/em><\/p>\r\n<p class=\"zrodlo\">Za: <a href=\"http:\/\/christianitas.org\/news\/mozliwosc-piekla\/\">Christianistas.pl (2020.12.07)<\/a><\/p>\r\n<h4>&nbsp;<\/h4>\r\n<hr style=\"background-color: #000000; border-width: 0; color: #000000; height: 2px; line-height: 0; text-align: center; width: 100%;\">\r\n<h4>&nbsp;<\/h4>\r\n<h2>Ziemkiewicz komentuje g\u0142o\u015bne s\u0142owa o. Rydzyka: \u201eMy\u015bli w kategoriach korporacji zawodowej\u201d [VIDEO]<\/h2>\r\n<p><strong>Rafa\u0142 Ziemkiewicz w najnowszym videoblogu odni\u00f3s\u0142 si\u0119 do postaci ojca Tadeusza Rydzyka. Zwr\u00f3ci\u0142 uwag\u0119 zar\u00f3wno na jego zalety, jak i wady.<\/strong><\/p>\r\n<p>O. Rydzyk w trakcie Mszy \u015awi\u0119tej z okazji 29. urodzin Radia Maryja powiedzia\u0142 kilka zda\u0144, kt\u00f3re odbi\u0142y si\u0119 szerokim echem w mediach.<\/p>\r\n<p>Redemptorysta odni\u00f3s\u0142 si\u0119 m.in. do osoby biskupa Edwarda Janiaka, kt\u00f3ry niedawno z\u0142o\u017cy\u0142 rezygnacj\u0119 \u2013 przyj\u0119t\u0105 przez papie\u017ca Franciszka. Duchowny podejrzewany jest o tuszowanie pedofilii w Ko\u015bciele.<\/p>\r\n<p><strong>Czytaj tak\u017ce:<\/strong> <a href=\"https:\/\/nczas.com\/2020\/06\/25\/biskup-janiak-odsuniety-przez-papieza-franciszka-w-tle-wiele-kontrowersji\/\">Biskup Janiak odsuni\u0119ty przez papie\u017ca Franciszka. W tle wiele kontrowersji<\/a><\/p>\r\n<p>Rydzyk broni\u0142 hierarchy, sugerowa\u0142, \u017ce zosta\u0142 rozszarpany przez media przy biernej postawie katolik\u00f3w. Nazwa\u0142 bpa Janiaka nawet \u201ewsp\u00f3\u0142czesnym m\u0119czennikiem medi\u00f3w\u201d.<\/p>\r\n<p>Zarzuci\u0142 te\u017c wiernym, \u017ce swoj\u0105 wiedz\u0119 opieraj\u0105 na \u201efilmid\u0142ach\u201d (nie powiedzia\u0142 tego wprost, ale najprawdopodobniej nawi\u0105zywa\u0142 do film\u00f3w dokumentalnych braci Sekielskich).<\/p>\r\n<p>\u2013 <em>Katolicy niem\u0105drzy i s\u0142abi powtarzaj\u0105. B\u0119d\u0105 odpowiedzialni za to kamienowanie s\u0142owami. A teraz zw\u0142aszcza te filmy, te filmid\u0142a. Jeszcze niekt\u00f3rzy to nazywaj\u0105 \u201edokument\u201d<\/em> \u2013 m\u00f3wi\u0142.<\/p>\r\n<p>\u2013 <em>Zwr\u00f3\u0107my uwag\u0119 na to, co m\u00f3wi\u0105, i nie dajmy si\u0119. Nie dajmy si\u0119. I w Ko\u015bciele si\u0119 nie dajmy. To, \u017ce ksi\u0105dz zgrzeszy\u0142? No zgrzeszy\u0142. A kto nie ma pokus? Niech si\u0119 poka\u017ce<\/em> \u2013 wzywa\u0142 Rydzyk.<\/p>\r\n<p>W Mszy \u015awi\u0119tej uczestniczyli politycy obozu Zjednoczonej Prawicy. Po powy\u017cszych wypowiedziach o. Rydzyka bili brawo, co zwyczajowo oznacza, \u017ce akceptowali jego retoryk\u0119.<\/p>\r\n<h3>Ziemkiewicz komentuje s\u0142owa o. Rydzyka<\/h3>\r\n<p>Do s\u0142\u00f3w za\u0142o\u017cyciela Radia Maryja i Telewizji TRWAM odni\u00f3s\u0142 si\u0119 publicysta Rafa\u0142 Ziemkiewicz. Zarzuci\u0142 redemptory\u015bcie, \u017ce broni Ko\u015bcio\u0142a za wszelk\u0105 cen\u0119, nie zwa\u017caj\u0105c na fakty.<\/p>\r\n<p>\u2013 <em>Przy swoich licznych zaletach o. Rydzyk ma jednak ogromn\u0105 wad\u0119. Jego spos\u00f3b my\u015blenia o Ko\u015bciele nie jest my\u015bleniem o depozycie wiary, tylko wy\u0142\u0105cznie ziemskiej cz\u0119\u015bci Ko\u015bcio\u0142a. My\u015bli w kategoriach korporacji zawodowej. \u201cBronimy swoich za wszelk\u0105 cen\u0119\u201d. Je\u017celi prawda nie pasuje, to wy\u017csza warto\u015b\u0107, dobro korporacji, nakazuje, by prawd\u0119 zakopa\u0107, a tych kt\u00f3rzy w ni\u0105 wierz\u0105 zepchn\u0105\u0107 na margines<\/em> \u2013 m\u00f3wi\u0142 Ziemkiewicz w wideoblogu.<\/p>\r\n<p>Zaapelowa\u0142 jednak, by rzetelnie ocenia\u0107 osob\u0119 o. Rydzyka i nie do\u0142\u0105cza\u0107 do \u201elinczu\u201d za powy\u017csze wypowiedzi.<\/p>\r\n<p>\u2013 <em>Je\u017celi powiem, \u017ce o. Rydzyk nie jest ani potworem, ani anio\u0142em, tylko jak ka\u017cdy cz\u0142owiek zrobi\u0142 w \u017cyciu troch\u0119 dobrego, a troch\u0119 z\u0142ego, to si\u0119 pa\u0144stwo za g\u0142owy chwyc\u0105. Nie poddawajmy si\u0119 owczemu p\u0119dowi<\/em> \u2013 apelowa\u0142 Ziemkiewicz.<\/p>\r\n<p><iframe title=\"Listy do Radia M\" src=\"https:\/\/www.youtube.com\/embed\/f7Qzv20eVT8?feature=oembed\" allowfullscreen=\"allowfullscreen\" data-mce-fragment=\"1\" width=\"600\" height=\"362\" frameborder=\"0\"><\/iframe><\/p>\r\n<p class=\"zrodlo\">Za: <a href=\"https:\/\/nczas.com\/2020\/12\/07\/ziemkiewicz-komentuje-glosne-slowa-o-rydzyka-mysli-w-kategoriach-korporacji-zawodowej-video\/\">Najwy\u017cszy Czas! (7 grudnia 2020)<\/a><\/p>\r\n<h4>&nbsp;<\/h4>\r\n<hr style=\"background-color: #000000; border-width: 0; color: #000000; height: 2px; line-height: 0; text-align: center; width: 100%;\">\r\n<h4>&nbsp;<\/h4>\r\n<h2>Zakon Redemptoryst\u00f3w odni\u00f3s\u0142 si\u0119 do s\u0142\u00f3w o. Rydzyka. Jest oficjalne o\u015bwiadczenie<\/h2>\r\n<p><strong><em>&#8211; Pot\u0119piamy ca\u0142kowicie grzech i przest\u0119pstwo pedofilii, jak r\u00f3wnie\u017c wszelkie ukrywanie lub zw\u0142ok\u0119 w wyja\u015bnianiu tych spraw. Wszystkim osobom pokrzywdzonym g\u0142\u0119boko wsp\u00f3\u0142czujemy i otaczamy modlitw<\/em>\u0105 \u2013 podkre\u015bli\u0142 rzecznik Prowincji Warszawskiej Redemptoryst\u00f3w o. Mariusz Mazurkiewicz CSsR.<\/strong><\/p>\r\n<p>W zwi\u0105zku z wyst\u0105pieniem o. Tadeusza Rydzyka CSsR, dyrektora Radia Maryja, w czasie toru\u0144skich uroczysto\u015bci kolejnej rocznicy za\u0142o\u017cenia Radia w sobot\u0119, 5 grudnia 2020 r., Prowincja Warszawska Redemptoryst\u00f3w wyda\u0142a o\u015bwiadczenie.<\/p>\r\n<p>\u201eWs\u0142uchani w jasny g\u0142os Ko\u015bcio\u0142a mamy przekonanie, \u017ce wyja\u015bnianie prawdy jest pierwszym krokiem w uleczeniu ran zadanych przez przest\u0119pc\u00f3w poszczeg\u00f3lnym ofiarom jak i ca\u0142ej wsp\u00f3lnocie Ko\u015bcio\u0142a. Radio Maryja i inne media z nim zwi\u0105zane niejednokrotnie wyra\u017ca\u0142y swoje stanowisko pot\u0119pienia dla pedofilii i konieczno\u015bci pomocy ofiarom, zgodne z dokumentami Stolicy Apostolskiej i Ko\u015bcio\u0142a katolickiego w Polsce\u201d \u2013 zaznaczy\u0142 rzecznik redemptoryst\u00f3w.<\/p>\r\n<p>Doda\u0142, \u017ce wypowied\u017a o. Tadeusza Rydzyka by\u0142a komentarzem do obecnej sytuacji medialnej. \u201eOjciec Dyrektor nie komentowa\u0142 decyzji Ko\u015bcio\u0142a dotycz\u0105cej ks. biskupa E. Janiaka\u201d \u2013 wskaza\u0142 o. Mazurkiewicz.<\/p>\r\n<p>Redemptory\u015bci podkre\u015blaj\u0105, \u017ce \u201eczym\u015b podstawowym i bezdyskusyjnym pozostaje dla nas konieczno\u015b\u0107 zachowania prawa oskar\u017conych do obrony, potrzeba pow\u015bci\u0105gliwo\u015bci w ferowaniu po\u015bpiesznych wyrok\u00f3w, a tak\u017ce dog\u0142\u0119bnego i sprawiedliwego os\u0105dzenia przypadk\u00f3w wykorzystania seksualnego ma\u0142oletnich i os\u00f3b tzw. bezradnych w Ko\u015bciele oraz opiesza\u0142o\u015bci w wyja\u015bnianiu tych spraw \u2013 nie tylko w Ko\u015bciele, ale r\u00f3wnie\u017c innych \u015brodowiskach\u201d.<\/p>\r\n<p><strong>* * *<\/strong><\/p>\r\n<p style=\"padding-left: 40px;\"><strong>Pe\u0142ny tekst o\u015bwiadczenia<\/strong><\/p>\r\n<p style=\"padding-left: 40px;\"><strong>O\u015bwiadczenie Prowincji Warszawskiej Redemptoryst\u00f3w&nbsp;w zwi\u0105zku z wypowiedzi\u0105&nbsp;Dyrektora Radia Maryja o. Tadeusza Rydzyka CSsR z 5 grudnia 2020 r.<\/strong><\/p>\r\n<p style=\"padding-left: 40px;\">W zwi\u0105zku z wyst\u0105pieniem o. Tadeusza Rydzyka CSsR, dyrektora Radia Maryja, w czasie toru\u0144skich uroczysto\u015bci kolejnej rocznicy za\u0142o\u017cenia Radia w sobot\u0119, 5 grudnia 2020 r., Prowincja Warszawska Redemptoryst\u00f3w oswiadcza:<\/p>\r\n<p style=\"padding-left: 40px;\">Pot\u0119piamy ca\u0142kowicie grzech i przest\u0119pstwo pedofilii, jak r\u00f3wnie\u017c wszelkie ukrywanie ich lub zw\u0142ok\u0119 w wyja\u015bnianiu spraw. Wszystkim osobom pokrzywdzonym g\u0142\u0119boko wsp\u00f3\u0142czujemy i otaczamy modlitw\u0105<\/p>\r\n<p style=\"padding-left: 40px;\">Ws\u0142uchani w jasny g\u0142os Ko\u015bcio\u0142a mamy przekonanie, \u017ce wyja\u015bnianie prawdy jest pierwszym krokiem w uleczeniu ran zadanych przez przest\u0119pc\u00f3w poszczeg\u00f3lnym ofiarom jak i ca\u0142ej wsp\u00f3lnocie Ko\u015bcio\u0142a. Radio Maryja i inne media z nim zwi\u0105zane niejednokrotnie wyra\u017ca\u0142y swoje stanowisko pot\u0119pienia dla pedofilii i konieczno\u015bci pomocy ofiarom, zgodne z dokumentami Stolicy Apostolskiej i Ko\u015bcio\u0142a katolickiego w Polsce.<\/p>\r\n<p style=\"padding-left: 40px;\">Wypowied\u017a o. Tadeusza Rydzyka 5 grudnia 2020 r. by\u0142a komentarzem do obecnej sytuacji medialnej. Ojciec Dyrektor nie komentowa\u0142 decyzji Ko\u015bcio\u0142a dotycz\u0105cej ks. biskupa Janiaka.<\/p>\r\n<p style=\"padding-left: 40px;\">Podkre\u015blamy r\u00f3wnie\u017c, \u017ce czym\u015b podstawowym i bezdyskusyjnym pozostaje dla nas konieczno\u015b\u0107 zachowania prawa oskar\u017conych do obrony, konieczno\u015b\u0107 pow\u015bci\u0105gliwo\u015bci w ferowaniu po\u015bpiesznych wyrok\u00f3w, a tak\u017ce dog\u0142\u0119bnego i sprawiedliwego os\u0105dzenia przypadk\u00f3w wykorzystania seksualnego ma\u0142oletnich i tzw. os\u00f3b bezradnych w Ko\u015bciele oraz opiesza\u0142o\u015bci w wyja\u015bnianiu tych spraw \u2013 nie tylko w Ko\u015bciele, ale r\u00f3wnie\u017c innych \u015brodowiskach.<\/p>\r\n<p style=\"padding-left: 40px;\"><em>o. Mariusz Mazurkiewicz CSsR,&nbsp;rzecznik Prowincji Warszawskiej Redemptoryst\u00f3w<\/em><\/p>\r\n<p style=\"padding-left: 40px;\"><em>Warszawa, 7 grudnia 2020 r.<\/em><\/p>\r\n<p>mp\/redemptor.pl<\/p>\r\n<p class=\"zrodlo\">Za: <a href=\"https:\/\/www.fronda.pl\/a\/zakon-redemptorystow-odniosl-sie-do-slow-o-rydzyka-jest-oficjalne-oswiadczenie,153968.html\">Fronda.pl (<span class=\"time\">07.12.20<\/span>)<\/a><\/p>\r\n<h4>&nbsp;<\/h4>\r\n<hr style=\"background-color: #000000; border-width: 0; color: #000000; height: 2px; line-height: 0; text-align: center; width: 100%;\">\r\n<h4>&nbsp;<\/h4>","protected":false},"excerpt":{"rendered":"Najnowsz\u0105 wypowied\u017a o. Tadeusza Rydzyka CSsR, podczas mszy jubileuszowej z okazji 29 rocznicy powstania Radia Maryja, broni\u0105ca by\u0142ego biskupa kaliskiego Edwarda Janiaka, rzekomo oskar\u017canego bez \u017cadnych dowod\u00f3w, \u201cna podstawie filmide\u0142\u201d, nale\u017cy uzna\u0107 jednoznacznie za skandaliczn\u0105. Zapewne utwierdzi\u0142a w przekonaniu o biskupiej i ksi\u0119\u017cej doskona\u0142o\u015bci coraz mniej licznych, bezkrytycznych s\u0142uchaczy rozg\u0142o\u015bni, jednak wielu katolik\u00f3w g\u0142\u0119boko rozczarowa\u0142a, [&hellip;]","protected":false},"author":1,"featured_media":0,"comment_status":"closed","ping_status":"closed","sticky":false,"template":"","format":"standard","meta":{"_acf_changed":false,"_monsterinsights_skip_tracking":false,"_monsterinsights_sitenote_active":false,"_monsterinsights_sitenote_note":"","_monsterinsights_sitenote_category":0,"ngg_post_thumbnail":0,"footnotes":"","_wp_rev_ctl_limit":""},"categories":[5],"tags":[98,83,86,33],"acf":[],"_links":{"self":[{"href":"https:\/\/www.bibula.com\/index.php?rest_route=\/wp\/v2\/posts\/121137"}],"collection":[{"href":"https:\/\/www.bibula.com\/index.php?rest_route=\/wp\/v2\/posts"}],"about":[{"href":"https:\/\/www.bibula.com\/index.php?rest_route=\/wp\/v2\/types\/post"}],"author":[{"embeddable":true,"href":"https:\/\/www.bibula.com\/index.php?rest_route=\/wp\/v2\/users\/1"}],"replies":[{"embeddable":true,"href":"https:\/\/www.bibula.com\/index.php?rest_route=%2Fwp%2Fv2%2Fcomments&post=121137"}],"version-history":[{"count":1,"href":"https:\/\/www.bibula.com\/index.php?rest_route=\/wp\/v2\/posts\/121137\/revisions"}],"predecessor-version":[{"id":121138,"href":"https:\/\/www.bibula.com\/index.php?rest_route=\/wp\/v2\/posts\/121137\/revisions\/121138"}],"wp:attachment":[{"href":"https:\/\/www.bibula.com\/index.php?rest_route=%2Fwp%2Fv2%2Fmedia&parent=121137"}],"wp:term":[{"taxonomy":"category","embeddable":true,"href":"https:\/\/www.bibula.com\/index.php?rest_route=%2Fwp%2Fv2%2Fcategories&post=121137"},{"taxonomy":"post_tag","embeddable":true,"href":"https:\/\/www.bibula.com\/index.php?rest_route=%2Fwp%2Fv2%2Ftags&post=121137"}],"curies":[{"name":"wp","href":"https:\/\/api.w.org\/{rel}","templated":true}]}}