{"id":121000,"date":"2020-12-04T17:14:23","date_gmt":"2020-12-04T22:14:23","guid":{"rendered":"https:\/\/www.bibula.com\/?p=121000"},"modified":"2020-12-04T17:14:23","modified_gmt":"2020-12-04T22:14:23","slug":"szczepionkowe-kenkarty-czy-niemiecki-rzad-przygotowuje-obywateli-na-pelna-kontrole-i-segregacje","status":"publish","type":"post","link":"https:\/\/www.bibula.com\/?p=121000","title":{"rendered":"Szczepionkowe kenkarty. Czy niemiecki rz\u0105d przygotowuje obywateli na pe\u0142n\u0105 kontrol\u0119 i segregacj\u0119?"},"content":{"rendered":"<p><strong>Niemiecki rz\u0105d przygotowuje opini\u0119 publiczn\u0105 do zaakceptowania podzia\u0142\u00f3w na lepszych i gorszych. \u015awiadectwo szczepie\u0144 musi sta\u0107 si\u0119 oficjalnym dokumentem, podobnie jak dow\u00f3d osobisty. Tak stwierdzi\u0142 w rozmowie z niemieckim dziennikiem \u201eDie Welt\u201d Dieter Cassel, ekonomista zajmuj\u0105cy si\u0119 zdrowiem.<\/strong><\/p>\r\n<p>Jak wyja\u015bni\u0142 Cassel, \u015bwiadectwo szczepie\u0144 dokumentuje, czy kto\u015b zosta\u0142 zaszczepiony, kiedy i czym. \u2013 <em>Dow\u00f3d ten wi\u0105\u017ce si\u0119 z pewnym statystycznym prawdopodobie\u0144stwem, \u017ce osoba ta jest chroniona przed infekcj\u0105 i nie mo\u017ce zara\u017ca\u0107 innych.<\/em> To powinno wystarczy\u0107 jako pow\u00f3d, aby s\u0142usznie traktowa\u0107 t\u0119 osob\u0119 inaczej ni\u017c osob\u0119 niezaszczepion\u0105. Na przyk\u0142ad je\u015bli chodzi o mobilno\u015b\u0107 osobist\u0105 podczas lockdownu lub podczas podr\u00f3\u017cy za granic\u0119 \u2013 stwierdzi\u0142 Cassel.<\/p>\r\n<p><em>\u2013 Przywilej, jaki daje \u015bwiadectwo szczepie\u0144, jest czasami dyskredytowany i budzi strach jako przejaw spo\u0142ecze\u0144stwa dwuklasowego. Jednak jest to nieuniknione, je\u015bli za\u015bwiadczenie o szczepieniach ma pom\u00f3c zwi\u0119kszy\u0107 gotowo\u015b\u0107 do szczepie\u0144<\/em> \u2013 doda\u0142.<\/p>\r\n<p>Cassel wraca do starych nazistowskich idei dzielenia ludzi na lepszych i gorszych i wydawania im odpowiednich do tego dokument\u00f3w. Gdy Hans Frank wprowadza\u0142 na okupowanych przez Niemc\u00f3w ziemiach polskich, gdzie utworzono Generaln\u0105 Guberni\u0119, tzw. kenkarty \u2013 dowody to\u017csamo\u015bci dla Polak\u00f3w, zr\u00f3\u017cnicowa\u0142 je ze wzgl\u0119du na pochodzenie etniczne. I tak Niemcy tym, kt\u00f3rych uznawali za Polak\u00f3w wydawali szare kenkarty, a Cyganom i \u017bydom \u017c\u00f3\u0142te.<\/p>\r\n<h4>\u015awiadectwo szczepie\u0144 jak dow\u00f3d<\/h4>\r\n<p>Je\u015bli si\u0119 wi\u0119c cz\u0142owiek zaszczepi to b\u0119dzie mia\u0142 pewne przywileje i szczepionkowa kenkart\u0119. A jak nie, to nie dostanie jej i Niemcy nie pozwol\u0105 mu podr\u00f3\u017cowa\u0107.<\/p>\r\n<p>Cassel powiedzia\u0142, \u017ce istnieje wiele \u015brodk\u00f3w, kt\u00f3re mo\u017cna podj\u0105\u0107, aby zapewni\u0107 wysokie wska\u017aniki szczepie\u0144. \u2013<em> Mo\u017cesz p\u0142aci\u0107 ludziom za zaszczepienie. Mo\u017cesz r\u00f3wnie\u017c wprowadzi\u0107 obowi\u0105zkowe szczepienia. Mo\u017cesz te\u017c wyda\u0107 motywacyjne \u015bwiadectwo szczepie\u0144, kt\u00f3re jest legalnie wyposa\u017cone w taki spos\u00f3b, \u017ce gwarantuje wi\u0119ksz\u0105 swobod\u0119 ni\u017c jego brak<\/em> \u2013 m\u00f3wi\u0142.<\/p>\r\n<p><em>\u2013 \u015awiadectwo szczepie\u0144 musi sta\u0107 si\u0119 oficjalnym, zabezpieczonym przed fa\u0142szowaniem i nadaj\u0105cym si\u0119 do odczytu maszynowego dokumentem, podobnie jak dow\u00f3d osobisty<\/em> \u2013 doda\u0142.<\/p>\r\n<h4>Czy warto chroni\u0107 starszych?<\/h4>\r\n<p>Na pytanie dziennika, czy chce on dobrowolnych szczepie\u0144 dla wszystkich grup, odpowiedzia\u0142, \u017ce jego zdaniem obowi\u0105zkowe szczepienia personelu medycznego i piel\u0119gniarskiego s\u0105 po\u017c\u0105dane i uzasadnione.<\/p>\r\n<p>Niemiec podzieli\u0142 si\u0119 r\u00f3wnie\u017c swymi eutanazistowskimi pomys\u0142ami. \u2013 <em>Bezsporne jest, \u017ce u os\u00f3b starszych istnieje stosunkowo wysokie ryzyko ci\u0119\u017ckiego, a nawet \u015bmiertelnego przebiegu choroby.<\/em> Ale czy to uzasadnia szczepienie os\u00f3b starszych wcze\u015bniej ni\u017c wszystkich innych ze wzgl\u0119du na ich wiek? Mam co do tego uzasadnione w\u0105tpliwo\u015bci \u2013 stwierdzi\u0142 Cassel.<\/p>\r\n<p>Cywilizowane narody chroni\u0105 swych najs\u0142abszych \u2013 dzieci, starszych, chorych. Ale nie \u201epost\u0119powe\u201d, jak Niemcy, Belgia, Holandia, w kt\u00f3rych \u017cycie tych s\u0142abych ma mniejsz\u0105 warto\u015b\u0107 ni\u017c wygoda zdrowych.<\/p>\r\n<h4>\u017badne traktaty nie pomog\u0105<\/h4>\r\n<p>Te koszmarne opinie nie pojawiaj\u0105 si\u0119 przypadkowo. G\u0142os tego niby eksperta ma przygotowa\u0107 Niemc\u00f3w na segregowanie ich i poddanie kontroli. Nazistowskie zasady, jakie wprowadz\u0105 u siebie, potem b\u0119d\u0105 chcieli zaaplikowa\u0107 ca\u0142ej Europie.<\/p>\r\n<p>Cassel nie zastanawia si\u0119 jak takie segregowanie ludzi ma si\u0119 do praw cz\u0142owieka. A tak\u017ce do niemieckiej konstytucji i tym podobnych zapis\u00f3w maj\u0105cych gwarantowa\u0107 swobody obywatelskie. Niemcy b\u0119d\u0105 chcieli decydowa\u0107 czy kto\u015b z Polski mo\u017ce do nich wjecha\u0107. Najpierw b\u0119dzie musia\u0142 przedstawi\u0107 szczepionkow\u0105 kenkart\u0119. Kto jej nie b\u0119dzie mia\u0142, nie wjedzie i \u017cadne unijne traktaty nie b\u0119d\u0105 si\u0119 liczy\u0107.<\/p>\r\n<p class=\"zrodlo\">Za: <a href=\"https:\/\/nczas.com\/2020\/12\/04\/szczepionkowe-kenkarty-czy-niemiecki-rzad-przygotowuje-obywateli-na-pelna-kontrole-i-segregacje\/\">Najwy\u017cszy Czas! (4 grudnia 2020)<\/a><\/p>","protected":false},"excerpt":{"rendered":"Niemiecki rz\u0105d przygotowuje opini\u0119 publiczn\u0105 do zaakceptowania podzia\u0142\u00f3w na lepszych i gorszych. \u015awiadectwo szczepie\u0144 musi sta\u0107 si\u0119 oficjalnym dokumentem, podobnie jak dow\u00f3d osobisty. Tak stwierdzi\u0142 w rozmowie z niemieckim dziennikiem \u201eDie Welt\u201d Dieter Cassel, ekonomista zajmuj\u0105cy si\u0119 zdrowiem. Jak wyja\u015bni\u0142 Cassel, \u015bwiadectwo szczepie\u0144 dokumentuje, czy kto\u015b zosta\u0142 zaszczepiony, kiedy i czym. \u2013 Dow\u00f3d ten wi\u0105\u017ce [&hellip;]","protected":false},"author":1,"featured_media":0,"comment_status":"closed","ping_status":"closed","sticky":false,"template":"","format":"standard","meta":{"_acf_changed":false,"_monsterinsights_skip_tracking":false,"_monsterinsights_sitenote_active":false,"_monsterinsights_sitenote_note":"","_monsterinsights_sitenote_category":0,"ngg_post_thumbnail":0,"footnotes":"","_wp_rev_ctl_limit":""},"categories":[451],"tags":[433,166,351,20],"acf":[],"_links":{"self":[{"href":"https:\/\/www.bibula.com\/index.php?rest_route=\/wp\/v2\/posts\/121000"}],"collection":[{"href":"https:\/\/www.bibula.com\/index.php?rest_route=\/wp\/v2\/posts"}],"about":[{"href":"https:\/\/www.bibula.com\/index.php?rest_route=\/wp\/v2\/types\/post"}],"author":[{"embeddable":true,"href":"https:\/\/www.bibula.com\/index.php?rest_route=\/wp\/v2\/users\/1"}],"replies":[{"embeddable":true,"href":"https:\/\/www.bibula.com\/index.php?rest_route=%2Fwp%2Fv2%2Fcomments&post=121000"}],"version-history":[{"count":1,"href":"https:\/\/www.bibula.com\/index.php?rest_route=\/wp\/v2\/posts\/121000\/revisions"}],"predecessor-version":[{"id":121001,"href":"https:\/\/www.bibula.com\/index.php?rest_route=\/wp\/v2\/posts\/121000\/revisions\/121001"}],"wp:attachment":[{"href":"https:\/\/www.bibula.com\/index.php?rest_route=%2Fwp%2Fv2%2Fmedia&parent=121000"}],"wp:term":[{"taxonomy":"category","embeddable":true,"href":"https:\/\/www.bibula.com\/index.php?rest_route=%2Fwp%2Fv2%2Fcategories&post=121000"},{"taxonomy":"post_tag","embeddable":true,"href":"https:\/\/www.bibula.com\/index.php?rest_route=%2Fwp%2Fv2%2Ftags&post=121000"}],"curies":[{"name":"wp","href":"https:\/\/api.w.org\/{rel}","templated":true}]}}