{"id":120984,"date":"2020-12-04T17:14:02","date_gmt":"2020-12-04T22:14:02","guid":{"rendered":"https:\/\/www.bibula.com\/?p=120984"},"modified":"2020-12-04T17:14:02","modified_gmt":"2020-12-04T22:14:02","slug":"rzecznik-episkopatu-dyspensa-od-uczestnictwa-w-eucharystii-nie-oznacza-zakazu-pojscia-na-msze-swieta","status":"publish","type":"post","link":"https:\/\/www.bibula.com\/?p=120984","title":{"rendered":"Rzecznik Episkopatu: Dyspensa od uczestnictwa w Eucharystii nie oznacza zakazu p\u00f3j\u015bcia na Msz\u0119 \u015awi\u0119t\u0105"},"content":{"rendered":"<p><strong>Skorzystanie z dyspensy od uczestnictwa w Eucharystii niedzielnej lub \u015bwi\u0105tecznej jest przywilejem, a nie obowi\u0105zkiem \u2013 podkre\u015bli\u0142 rzecznik Konferencji Episkopatu Polski ks. Leszek G\u0119siak SJ.<\/strong><\/p>\r\n<p>Rzecznik Episkopatu zaznaczy\u0142, \u017ce uczestnictwo we Mszy \u015bw. transmitowanej w mediach spo\u0142eczno\u015bciowych oraz przez radio i telewizj\u0119 nie jest to\u017csame z udzia\u0142em w Eucharystii w ko\u015bciele. \u201eMsza \u015bw. internetowa lub telewizyjna nie jest pe\u0142nym uczestniczeniem w Ofierze Chrystusa, chocia\u017cby dlatego, \u017ce nie ma mo\u017cliwo\u015bci przyst\u0105pienia do sakrament\u00f3w\u201d \u2013 zauwa\u017cy\u0142.<\/p>\r\n<p>Ks. G\u0119siak zwr\u00f3ci\u0142 uwag\u0119, \u017ce dyspensa od uczestnictwa we Mszy \u015bw. niedzielnej oraz w \u015bwi\u0119ta nakazane dotyczy wszystkich wiernych. \u201eTym niemniej skorzystanie z niej jest przywilejem, a nie obowi\u0105zkiem i powinno odbywa\u0107 si\u0119 po g\u0142\u0119bszym namy\u015ble. Racj\u0105, dla kt\u00f3rej dyspensy zosta\u0142y og\u0142oszone, s\u0105 obowi\u0105zuj\u0105ce przepisy sanitarno-epidemiologiczne, znacznie ograniczaj\u0105ce liczb\u0119 os\u00f3b mog\u0105cych uczestniczy\u0107 w nabo\u017ce\u0144stwach w ko\u015bcio\u0142ach\u201d \u2013 zaznaczy\u0142.<\/p>\r\n<p>Przypomnia\u0142 r\u00f3wnie\u017c Apel Prezydium Konferencji Episkopatu Polski na Adwent, w kt\u00f3rym biskupi wezwali kap\u0142an\u00f3w do \u201ejeszcze wi\u0119kszej gorliwo\u015bci duszpasterskiej\u201d w towarzyszeniu wiernym w ich codziennych zmaganiach. \u201eWezwanie to mo\u017cna odnie\u015b\u0107 r\u00f3wnie\u017c do okresu \u015bwi\u0105tecznego, aby \u2013 w miar\u0119 mo\u017cliwo\u015bci \u2013 stworzy\u0107 wiernym warunki do uczestniczenia w Eucharystii w ko\u015bciele np. poprzez zwi\u0119kszenie liczby Mszy \u015bw.\u201d \u2013 powiedzia\u0142 rzecznik Episkopatu.<\/p>\r\n<p>BP KEP<\/p>\r\n<p>\u0179r\u00f3d\u0142o: <a href=\"https:\/\/ekai.pl\/dyspensa-od-uczestnictwa-w-eucharystii-nie-oznacza-zakazu-pojscia-na-msze-sw\/\">episkopat.pl (04 grudnia 2020)<\/a> &#8211; [\u00abRzecznik Episkopatu: Dyspensa od uczestnictwa w Eucharystii nie oznacza zakazu p\u00f3j\u015bcia na Msz\u0119 \u015bwi\u0119t\u0105\u00bb]<\/p>\r\n<h4>&nbsp;<\/h4>\r\n<hr style=\"background-color: #000000; border-width: 0; color: #000000; height: 2px; line-height: 0; text-align: center; width: 100%;\">\r\n<h4>&nbsp;<\/h4>\r\n<blockquote>\r\n<p>[<strong>Wybrane wypowiedzi internaut\u00f3w pod tekstem na stronie <a href=\"https:\/\/www.pch24.pl\/rzecznik-episkopatu--dyspensa-od-uczestnictwa-w-eucharystii-nie-oznacza-zakazu-pojscia-na-msze-swieta,80362,i.html\"><span style=\"text-decoration: underline;\">PoloniaChristiana &#8211; pch24.pl<\/span><\/a>:<\/strong>]<\/p>\r\n<p>z ca\u0142ym szacunkiem dla Pana Rzecznika ale kim On jest \u017ce wypowiada si\u0119 za Episkopat Polski?? Gdzie jest Przewodnicz\u0105cy ?? gdzie jest Prymas ??? Co to za \u015bwieckie zwyczaje wyznaczanie jaki\u015b rzecznik\u00f3w prasowych ?? Ksi\u0119\u017ca s\u0105 od g\u0142oszenia s\u0142owa bo\u017cego u udzielenia sakrament\u00f3w a nie rzecznikowania.<br>\r\n<em>maciek<\/em><br>\r\n<br>\r\nwprowadzacie zam\u0119t ca\u0142y czas czy to jest prowadzenie ludu Bo\u017cego?<br>\r\n<em>o zgrozo<\/em><br>\r\n<br>\r\nCo z ludzmi ktorym zamknieto Koscioly a Msze sa tylko bez wiernych,zamkneli w Wielki Tydzien i teraz tak samo zero wyciagnietych wnioskow,nawet trzecie przykazanie nie robi na kaplanach rwazenia ani to ze panstwo nie ma prawa ingerowac i zabraniac.Kogo wiezc na taczkach politykow czy kaplanow poniewaz twierdza ze wspolnie i w porozumieniu to czynia.<br>\r\n<em>ojo<\/em><br>\r\n<br>\r\nPrzepraszam, a na czym polega &#8222;towarzyszenie wiernym w ich codziennych zmaganiach&#8221;? Czy chodzi o to, \u017ce po wyrzuceniu z ko\u015bciola ksi\u0105dz bedzie mi towarzyszy\u0142 w drodze do domu?<br>\r\n<em>Tomcio<\/em><br>\r\n<br>\r\nZwi\u0119kszenie liczby mszy \u015bwi\u0119tych jest na pewno dobrym pomys\u0142em. <strong>Zrezygnowa\u0107 z koncelebry.<\/strong><br>\r\n<em>Atanazy<\/em><br>\r\n<br>\r\nApel &#8230; w kt\u00f3rym biskupi wezwali kap\u0142an\u00f3w do ?jeszcze wi\u0119kszej gorliwo\u015bci duszpasterskiej? &#8211; a mo\u017ce by tak apel o nieprzestrzeganie niezgodnych z Konstytucj\u0105 ogranicze\u0144 praw obywatelskich? Dziwne, \u017ce za stanu wojennego I nie bali si\u0119 ZOMO, a teraz panikuj\u0105 na widok pierwszego lepszego pracownika sanepidu.<br>\r\n<em>Republikanin<\/em><br>\r\n<br>\r\nNajpierw nakazali ludziom zostanie w domach, bo jest covid. Wprowadzili limit os\u00f3b 5,obecnie niewiele wi\u0119cej.Teraz m\u00f3wi\u0105 ?Msza \u015bw.internetowa lub telewizyjna nie jest pe\u0142nym uczestniczeniem w Ofierze Chrystusa&#8221;, to czego oni w ko\u0144cu chc\u0105. Owszem, teraz Rzecznik KEP ma ca\u0142kowit\u0105 racj\u0119, ale, co da samo gadanie. Dlaczego Episkopat nie zwr\u00f3ci si\u0119 do rz\u0105du, aby ten zni\u00f3s\u0142 limit os\u00f3b w ko\u015bciele? Przepraszam mamy bra\u0107 udzia\u0142 w Nabo\u017ce\u0144stwie na jakiej zasadzie? Kto pierwszy, ten lepszy? Ja chodz\u0119 do ko\u015bcio\u0142a, cho\u0107 do\u015bwiadczy\u0142am zamkni\u0119cia mi drzwi przed nosem&#8230;. Najpierw ugi\u0119li si\u0119 przed rz\u0105dem, a teraz nie umiej\u0105 si\u0119 z tego wypl\u0105ta\u0107. Odpowiadaj\u0105 za utrat\u0119 tak wielu dusz. Nie by\u0142o Triduum, nie by\u0142o \u015awi\u0105t Wielkanocnych, nie by\u0142o procesji W Bo\u017ce Cia\u0142o, nie by\u0142o Mszy i procesji na Cmentarzach.To jest \u015bmiech w bia\u0142y dzie\u0144! Teraz to s\u0105 ich podrygi, tylko w gadce. Pewnie dzie\u0144 przed wigili\u0105 o 16.00 wyst\u0105pi Morawiecki i powie, \u017ce jest zakaz przemieszczania i spotykania w \u015bwi\u0119ta.<br>\r\n<em>Ek<\/em><br>\r\n<br>\r\nAj waj, powiedzieli\u015bmy ludziom jak nie musicie to nie chod\u017acie i nie chodz\u0105.<br>\r\n<em>Pmp<\/em><br>\r\n<br>\r\n<\/p>\r\n<\/blockquote>\r\n<h4>&nbsp;<\/h4>\r\n<hr style=\"background-color: #000000; border-width: 0; color: #000000; height: 2px; line-height: 0; text-align: center; width: 100%;\">\r\n<h4>&nbsp;<\/h4>","protected":false},"excerpt":{"rendered":"Skorzystanie z dyspensy od uczestnictwa w Eucharystii niedzielnej lub \u015bwi\u0105tecznej jest przywilejem, a nie obowi\u0105zkiem \u2013 podkre\u015bli\u0142 rzecznik Konferencji Episkopatu Polski ks. Leszek G\u0119siak SJ. Rzecznik Episkopatu zaznaczy\u0142, \u017ce uczestnictwo we Mszy \u015bw. transmitowanej w mediach spo\u0142eczno\u015bciowych oraz przez radio i telewizj\u0119 nie jest to\u017csame z udzia\u0142em w Eucharystii w ko\u015bciele. \u201eMsza \u015bw. internetowa lub [&hellip;]","protected":false},"author":1,"featured_media":0,"comment_status":"closed","ping_status":"closed","sticky":false,"template":"","format":"standard","meta":{"_acf_changed":false,"_monsterinsights_skip_tracking":false,"_monsterinsights_sitenote_active":false,"_monsterinsights_sitenote_note":"","_monsterinsights_sitenote_category":0,"ngg_post_thumbnail":0,"footnotes":"","_wp_rev_ctl_limit":""},"categories":[451,5],"tags":[433,98,20,33],"acf":[],"_links":{"self":[{"href":"https:\/\/www.bibula.com\/index.php?rest_route=\/wp\/v2\/posts\/120984"}],"collection":[{"href":"https:\/\/www.bibula.com\/index.php?rest_route=\/wp\/v2\/posts"}],"about":[{"href":"https:\/\/www.bibula.com\/index.php?rest_route=\/wp\/v2\/types\/post"}],"author":[{"embeddable":true,"href":"https:\/\/www.bibula.com\/index.php?rest_route=\/wp\/v2\/users\/1"}],"replies":[{"embeddable":true,"href":"https:\/\/www.bibula.com\/index.php?rest_route=%2Fwp%2Fv2%2Fcomments&post=120984"}],"version-history":[{"count":1,"href":"https:\/\/www.bibula.com\/index.php?rest_route=\/wp\/v2\/posts\/120984\/revisions"}],"predecessor-version":[{"id":120985,"href":"https:\/\/www.bibula.com\/index.php?rest_route=\/wp\/v2\/posts\/120984\/revisions\/120985"}],"wp:attachment":[{"href":"https:\/\/www.bibula.com\/index.php?rest_route=%2Fwp%2Fv2%2Fmedia&parent=120984"}],"wp:term":[{"taxonomy":"category","embeddable":true,"href":"https:\/\/www.bibula.com\/index.php?rest_route=%2Fwp%2Fv2%2Fcategories&post=120984"},{"taxonomy":"post_tag","embeddable":true,"href":"https:\/\/www.bibula.com\/index.php?rest_route=%2Fwp%2Fv2%2Ftags&post=120984"}],"curies":[{"name":"wp","href":"https:\/\/api.w.org\/{rel}","templated":true}]}}