{"id":120979,"date":"2020-12-04T17:13:37","date_gmt":"2020-12-04T22:13:37","guid":{"rendered":"https:\/\/www.bibula.com\/?p=120979"},"modified":"2020-12-04T17:13:37","modified_gmt":"2020-12-04T22:13:37","slug":"w-najblizsza-niedziele-do-pracy-prezydent-nowelizacje-ustawy-podpisal-w-piatek","status":"publish","type":"post","link":"https:\/\/www.bibula.com\/?p=120979","title":{"rendered":"W najbli\u017csz\u0105 niedziel\u0119 \u2013 do pracy! Prezydent nowelizacj\u0119 ustawy podpisa\u0142\u2026 w pi\u0105tek"},"content":{"rendered":"<p><strong>Rz\u0105dz\u0105cy w swoim stylu \u2013 w ostatniej chwili i rzutem na ta\u015bm\u0119 \u2013 zmienili przepisy w sprawie niedzieli handlowych. Ustaw\u0119 znosz\u0105c\u0105 woln\u0105 dla pracownik\u00f3w handlu niedziel\u0119 6 grudnia roku 2020 prezydent podpisa\u0142 w pi\u0105tek 4 grudnia. Niewiele wcze\u015bniej, bo w \u015brod\u0119 2 grudnia, popar\u0142 j\u0105 Senat.<\/strong><\/p>\r\n<p>Na mocy podpisanej przez prezydenta Andrzeja Dud\u0119 noweli ustawy \u201ecovidowej\u201d zakaz handlu w niedziel\u0119 nie b\u0119dzie obowi\u0105zywa\u0142 6 grudnia. Do tej pory przepisy umo\u017cliwia\u0142y otwieranie sklep\u00f3w wy\u0142\u0105cznie w dwie niedziele poprzedzaj\u0105ce \u015bwi\u0119ta. W tym roku by\u0142yby to dni 13 i 20 grudnia.<\/p>\r\n<p>Politycy swoj\u0105 decyzj\u0119 t\u0142umacz\u0105 przede wszystkim wzgl\u0119dami epidemicznymi. Maj\u0105c bowiem \u015bwiadomo\u015b\u0107 restrykcji sanitarnych dotycz\u0105cych sklep\u00f3w, a zarazem wzmo\u017conego ruchu zakupowego w okresie poprzedzaj\u0105cym \u015bwi\u0119ta Bo\u017cego Narodzenia, postanowili umo\u017cliwi\u0107 klientom \u201eroz\u0142o\u017cenie\u201d zakup\u00f3w w czasie co powinno \u2013 ich zdaniem \u2013 u\u0142atwi\u0107 bezpieczne nabywanie produkt\u00f3w.<\/p>\r\n<p>\u0179r\u00f3d\u0142o: interia.pl \/ wp.pl<\/p>\r\n<p>MW\u0142<\/p>\r\n<blockquote>\r\n<p>[<strong>Wybrane wypowiedzi internaut\u00f3w pod w\/w tekstem na stronie \u017ar\u00f3d\u0142owej:<\/strong>]<\/p>\r\n<p>A kiedy drukowanie wyroku TK?! Tu jako\u015b rz\u0105dz\u0105cy nie potrafi\u0105\/boj\u0105 si\u0119 zakasa\u0107 r\u0119kaw\u00f3w. Panie Duda, to \u017ce pa\u0144ski wniosek do wyroku TK nie przeszed\u0142 nie oznacza, \u017ce ekskomunika, kt\u00f3r\u0105 sam Pan sobie na\u0142o\u017cy\u0142, przestaje dzia\u0142a\u0107!<br>\r\n<em>magis<\/em><br>\r\n<br>\r\nNo bardzo ciekawe&#8230;.do galerii na zakupy mo\u017cna a biskupi daj\u0105 dyspenzy od uczestnictwa w niedzielnej Mszy \u015bw.Ciekawe konstelacje panuj\u0105 w naszym Kraju.<br>\r\n<em>Andrzej-HN<\/em><br>\r\n<br>\r\nRaczej umo\u017cliwiono super i hipermarketom o zagranicznym kapitale, na pozbieranie pieni\u0105dza z rynku. Jak zwykle zagraniczne korporacje g\u00f3r\u0105, do bieda sklepu ludzie na zakupy nie p\u00f3jd\u0105. Znowu ob\u0142owi si\u0119 obcy kapita\u0142.<br>\r\n<em>ot co<\/em><br>\r\n<br>\r\nSkandal. Brak szacunku nie tylko dla dnia Pa\u0144skiego ale i dla pracownik\u00f3w, tym bardziej, \u017ce dwie kolejne niedziele s\u0105 handlowe.<br>\r\n<em>raf<\/em><br>\r\n<br>\r\nHipokryci.<br>\r\n<em>Kris<\/em><br>\r\n<br>\r\n<\/p>\r\n<\/blockquote>\r\n<p class=\"zrodlo\">Za: <a href=\"https:\/\/www.pch24.pl\/w-najblizsza-niedziele---do-pracy--prezydent-nowelizacje-ustawy-podpisal-w-piatek,80372,i.html\">PoloniaChristiana &#8211; pch24.pl (2020-12-04)<\/a><\/p>","protected":false},"excerpt":{"rendered":"Rz\u0105dz\u0105cy w swoim stylu \u2013 w ostatniej chwili i rzutem na ta\u015bm\u0119 \u2013 zmienili przepisy w sprawie niedzieli handlowych. Ustaw\u0119 znosz\u0105c\u0105 woln\u0105 dla pracownik\u00f3w handlu niedziel\u0119 6 grudnia roku 2020 prezydent podpisa\u0142 w pi\u0105tek 4 grudnia. Niewiele wcze\u015bniej, bo w \u015brod\u0119 2 grudnia, popar\u0142 j\u0105 Senat. Na mocy podpisanej przez prezydenta Andrzeja Dud\u0119 noweli ustawy [&hellip;]","protected":false},"author":1,"featured_media":0,"comment_status":"closed","ping_status":"closed","sticky":false,"template":"","format":"standard","meta":{"_acf_changed":false,"_monsterinsights_skip_tracking":false,"_monsterinsights_sitenote_active":false,"_monsterinsights_sitenote_note":"","_monsterinsights_sitenote_category":0,"ngg_post_thumbnail":0,"footnotes":"","_wp_rev_ctl_limit":""},"categories":[8],"tags":[349,433,98,52,20],"acf":[],"_links":{"self":[{"href":"https:\/\/www.bibula.com\/index.php?rest_route=\/wp\/v2\/posts\/120979"}],"collection":[{"href":"https:\/\/www.bibula.com\/index.php?rest_route=\/wp\/v2\/posts"}],"about":[{"href":"https:\/\/www.bibula.com\/index.php?rest_route=\/wp\/v2\/types\/post"}],"author":[{"embeddable":true,"href":"https:\/\/www.bibula.com\/index.php?rest_route=\/wp\/v2\/users\/1"}],"replies":[{"embeddable":true,"href":"https:\/\/www.bibula.com\/index.php?rest_route=%2Fwp%2Fv2%2Fcomments&post=120979"}],"version-history":[{"count":1,"href":"https:\/\/www.bibula.com\/index.php?rest_route=\/wp\/v2\/posts\/120979\/revisions"}],"predecessor-version":[{"id":120980,"href":"https:\/\/www.bibula.com\/index.php?rest_route=\/wp\/v2\/posts\/120979\/revisions\/120980"}],"wp:attachment":[{"href":"https:\/\/www.bibula.com\/index.php?rest_route=%2Fwp%2Fv2%2Fmedia&parent=120979"}],"wp:term":[{"taxonomy":"category","embeddable":true,"href":"https:\/\/www.bibula.com\/index.php?rest_route=%2Fwp%2Fv2%2Fcategories&post=120979"},{"taxonomy":"post_tag","embeddable":true,"href":"https:\/\/www.bibula.com\/index.php?rest_route=%2Fwp%2Fv2%2Ftags&post=120979"}],"curies":[{"name":"wp","href":"https:\/\/api.w.org\/{rel}","templated":true}]}}