{"id":120873,"date":"2020-12-01T14:09:37","date_gmt":"2020-12-01T19:09:37","guid":{"rendered":"https:\/\/www.bibula.com\/?p=120873"},"modified":"2020-12-01T15:28:34","modified_gmt":"2020-12-01T20:28:34","slug":"bolsonaro-sprawianie-trudnosci-osobom-nie-chcacym-sie-zaszczepic-to-dyktatura","status":"publish","type":"post","link":"https:\/\/www.bibula.com\/?p=120873","title":{"rendered":"Bolsonaro: sprawianie trudno\u015bci osobom nie chc\u0105cym si\u0119 zaszczepi\u0107 to dyktatura"},"content":{"rendered":"<p><strong>Nie zaszczepi\u0119 si\u0119. To moje prawo \u2013 podkre\u015bli\u0142 prezydent Brazylii Jair Bolsonaro. Zapewni\u0142 r\u00f3wnie\u017c, \u017ce Kongres nie wprowadzi obowi\u0105zkowych szczepie\u0144 na COVID-19.<\/strong><\/p>\r\n<p>&#8211; <em>Jestem pewien, \u017ce Kongres nie b\u0119dzie stwarza\u0142 trudno\u015bci ka\u017cdemu, kto nie chce si\u0119 szczepi\u0107<\/em> \u2013 Bolsonaro zaznaczy\u0142 podczas konferencji prasowej. &#8211; <em>Zmuszanie ludzi do przyjmowania szczepionki lub m\u00f3wienie, \u017ce kto jej nie przyjmie, nie dostanie paszportu, pracy w sektorze publicznym, to jest dyktatura<\/em> &#8211; powiedzia\u0142 brazylijski prezydent. Jego zdaniem ka\u017cdy, kto broni takich rozwi\u0105za\u0144 jest dyktatorem lub \u201ecichym dyktatorem\u201d, kt\u00f3ry chce robi\u0107 interesy kosztem \u017cycia innych.<\/p>\r\n<p>65-letni prezydent przeszed\u0142 koronawirusa w czerwcu. &#8211; <em>Wiedzia\u0142em, \u017ce kiedy\u015b go z\u0142api\u0119, poniewa\u017c my\u015bl\u0119, \u017ce niestety prawie ka\u017cdy w ko\u0144cu si\u0119 zakazi. I czego si\u0119 ba\u0107? Miej odwag\u0119 si\u0119 z tym zmierzy\u0107!<\/em> &#8211; m\u00f3wi\u0142 wtedy. &#8211; <em>Przykro mi z powodu ka\u017cdego zmar\u0142ego na COVID. Ale ludzie umieraj\u0105 ka\u017cdego dnia z r\u00f3\u017cnych powod\u00f3w. To jest \u017cycie<\/em> \u2013 podkre\u015bla\u0142.<\/p>\r\n<p>Wed\u0142ug portalu Worldometers.com na koronawirusa zmar\u0142o 172.848 Brazylijczyk\u00f3w. Wed\u0142ug tych samych statystyk, Brazylia obecnie wyprzedza Indie i Stany Zjednoczone pod wzgl\u0119dem liczby zgon\u00f3w przypisywanych COVID-19, co czyni j\u0105 trzecim krajem najci\u0119\u017cej dotkni\u0119tym przez pandemi\u0119.<\/p>\r\n<p>\u0179r\u00f3d\u0142o: lifesitenews.com<\/p>\r\n<p>PR<\/p>\r\n<blockquote>\r\n<p>[<strong>Wybrane wypowiedzi internaut\u00f3w pod w\/w tekstem na stronie \u017ar\u00f3d\u0142owej:<\/strong>]<\/p>\r\n<p>Dobrze napisane: &#8222;Wed\u0142ug tych samych statystyk, Brazylia obecnie wyprzedza Indie i Stany Zjednoczone pod wzgl\u0119dem liczby zgon\u00f3w <strong>PRZYPISYWANYCH COVID-19&#8243;<\/strong>. Po pierwsze: wg tych statystyk. Wiemy, \u017ce k\u0142amstwa dziel\u0105 si\u0119 na 1. ma\u0142e, 2. du\u017ce. 3. statystyki. Po drugie: Ilu obywateli liczy Brazylia szacunkowo, bo dok\u0142adnie policzy\u0107 si\u0119 nie da? Wielki kraj, to i liczba umieraj\u0105cych musi by\u0107 odpowiednio du\u017ca. Wi\u0119c je\u015bli ju\u017c, to trzeba podawa\u0107 np. na 1 miliom mieszka\u0144c\u00f3w. Wtedy to ma jaki\u015b sens. Po trzecie: to, podkre\u015blone przeze mnie, PRZYPISYWANIE. Je\u015bli jest to tak, jak w Polsce, \u017ce przypisuje si\u0119 covidowi gdy kto\u015b zgin\u0105\u0142 np. w wypadku samochodowym albo umar\u0142 na raka lub po prostu ze staro\u015bci, to nie ma si\u0119 co dziwi\u0107.<br>\r\n<em>Republikanin<\/em><br>\r\n<br>\r\nBrawo a teraz czekam na takie slowa od PAD RP :-<br>\r\n<em>hm<\/em><\/p>\r\n<\/blockquote>\r\n<p class=\"zrodlo\">Za: <a href=\"https:\/\/www.pch24.pl\/bolsonaro--sprawianie-trudnosci-osobom-nie-chcacym-sie-zaszczepic-to-dyktatura,80281,i.html\">PoloniaChristiana &#8211; pch24.pl (2020-12-01)<\/a><\/p>\r\n<h4>&nbsp;<\/h4>\r\n<hr style=\"background-color: #000000; border-width: 0; color: #000000; height: 2px; line-height: 0; text-align: center; width: 100%;\">\r\n<h4>&nbsp;<\/h4>\r\n<h2>Efekt Bidena dotyka Brazylii? Przegrane wybory municypalne kandydat\u00f3w prezydenta Bolsonaro<\/h2>\r\n<p><strong>Wybory samorz\u0105dowe w Brazylii to powa\u017cne ostrze\u017cenie dla prezydenta Jaira Bolsonaro nazywanego \u201eTrumpem tropik\u00f3w\u201d. Jego kandydaci na burmistrz\u00f3w wielu du\u017cych miast przegrali, ale on sam ma si\u0119 nie\u017ale.<\/strong><\/p>\r\n<p>Druga tura wybor\u00f3w samorz\u0105dowych odby\u0142a si\u0119 29 listopada. Jedn\u0105 z p\u0142yn\u0105cych z nich lekcji jest pora\u017cka kandydat\u00f3w popieranych w du\u017cych miastach, a zw\u0142aszcza w stolicach stan\u00f3w, przez Jaira Bolsonaro. Wielu ekspert\u00f3w ju\u017c wieszczy zmierzch gwiazdy konserwatywnego prezydenta, chocia\u017c troch\u0119 na wyrost.<\/p>\r\n<p>Wybory prezydenckie w Brazylii zaplanowano na rok 2022. Bolsonaro wygl\u0105da w sonda\u017cach nie\u017ale i to pomimo kontekstu kryzysu zwi\u0105zanego z koronawirusem, czy nawet rosn\u0105cym bezrobociem (12,2% w pierwszym kwartale, 14,6% w trzecim kwartale).<\/p>\r\n<p>Politolodzy wskazuj\u0105 na zni\u017ckowy trend popularno\u015bci prezydenta, kt\u00f3rego ofiar\u0105 padli w wyborach samorz\u0105dowych zwi\u0105zani z nim politycy. Z prawie 60 kandydat\u00f3w popieranych przez Bolsonaro tylko dziewi\u0119ciu wesz\u0142o do II tury, a wi\u0119kszo\u015b\u0107 z nich dogrywk\u0119 przegra\u0142o. Lewica liczy, \u017ce kolejnym gwo\u017adziem do politycznej trumny Bolsonaro b\u0119dzie odej\u015bcie Donalda Trumpa.<\/p>\r\n<p><strong>Prasa brazylijska pisze<\/strong>, \u017ce \u200b\u200belektorat da\u0142 \u017c\u00f3\u0142t\u0105 kartk\u0119 prezydentowi Bolsonaro, ale i by\u0142emu prezydentowi lewakowi Luli da Silvie, za\u0142o\u017cycielowi Partii Robotniczej (PT). Jego partia utraci\u0142a bowiem ostatnie stanowisko burmistrza stolicy regionu. Skorumpowany Lula i jego ugrupowanie nie wr\u00f3cili do \u0142ask elektoratu.<\/p>\r\n<p><strong>Zwyci\u0119zc\u0105 centrum<\/strong><\/p>\r\n<p>Zwyci\u0119zcami wybor\u00f3w samorz\u0105dowych s\u0105 politycy centrowi. W Sao Paulo, stolicy gospodarczej Brazylii, nadal b\u0119dzie rz\u0105dzi\u0142 centrowy socjaldemokrata Bruno Covas, wielki krytyk Bolsonaro w zarz\u0105dzaniu kryzysem zdrowotnym. Wygra\u0142 on z wynikiem 60,23% z socjalistycznym kandydatem Luli \u2013 Boulosem.<\/p>\r\n<p>Partia socjaldemokratyczna PSDB wygra\u0142a tak\u017ce w stolicy stanu Rio Grande do Norte \u2013 Natali i w Porto Velho. W Rio de Janeiro odchodz\u0105cy burmistrz Marcelo Crivella, by\u0142y pastor ewangelicki, wspierany przez Jaira Bolsonaro, dozna\u0142 dotkliwej pora\u017cki z Eduardo Paesem (Demokraci), kt\u00f3ry otrzyma\u0142 64,07% g\u0142os\u00f3w.<\/p>\r\n<p>W Vit\u00f3rii, stolicy stanu Esp\u00edrito Santo, wygra\u0142 kandydat popierany przez prezydenta Brazylii. Partie, kt\u00f3re wspieraj\u0105 prezydenta w Kongresie, te\u017c nie wypad\u0142y \u017ale. Ze wzgl\u0119du na swoj\u0105 osobist\u0105 charyzm\u0119 Bolsonaro w og\u00f3lnokrajowych sonda\u017cach cieszy si\u0119 zaufaniem prawie 38 procent spo\u0142ecze\u0144stwa. Chocia\u017c zaszkodzi\u0142a mu pandemia to szanse na reelekcj\u0119 zachowuje. O ewentualnej reelekcji za 2 lata zadecyduje stan gospodarki \u2013 m\u00f3wi\u0105 eksperci.<\/p>\r\n<p>Poza wszystkim innym wyniki wybor\u00f3w s\u0105 gwo\u017adziem do trumny pot\u0119\u017cnej niegdy\u015b Partii Robotniczej. Paradoksalnie utrudnia to jednak polityk\u0119 Bolsonaro, kt\u00f3ry mia\u0142 w brazylijskim PZPR jasno zdefiniowanego, lewicowego przeciwnika.<\/p>\r\n<blockquote class=\"twitter-tweet\">\r\n<p dir=\"ltr\" lang=\"pt\">Poxa vida ent\u00e3o quer dizer que o eleitor do Bolsonaro \u00e9 EXATAMENTE o eleitor do PSDB? Estou impressionado <a href=\"https:\/\/t.co\/eQ0O8R3Ki6\">pic.twitter.com\/eQ0O8R3Ki6<\/a><\/p>\r\n\r\n\u2014 Leonardo Rossatto (@nadanovonofront) <a href=\"https:\/\/twitter.com\/nadanovonofront\/status\/1333194888968609792?ref_src=twsrc%5Etfw\">November 29, 2020<\/a><\/blockquote>\r\n<p><script async=\"\" src=\"https:\/\/platform.twitter.com\/widgets.js\" charset=\"utf-8\"><\/script><\/p>\r\n<p class=\"zrodlo\">Za: <a href=\"https:\/\/nczas.com\/2020\/12\/01\/efekt-bidena-dotyka-brazylii-przegrane-wybory-municypalne-kandydatow-prezydenta-bolsonaro\/\">Najwy\u017cszy Czas! (1 grudnia 2020)<\/a><\/p>\r\n<h4>&nbsp;<\/h4>\r\n<hr style=\"background-color: #000000; border-width: 0; color: #000000; height: 2px; line-height: 0; text-align: center; width: 100%;\">\r\n<h4>&nbsp;<\/h4>","protected":false},"excerpt":{"rendered":"Nie zaszczepi\u0119 si\u0119. To moje prawo \u2013 podkre\u015bli\u0142 prezydent Brazylii Jair Bolsonaro. Zapewni\u0142 r\u00f3wnie\u017c, \u017ce Kongres nie wprowadzi obowi\u0105zkowych szczepie\u0144 na COVID-19. &#8211; Jestem pewien, \u017ce Kongres nie b\u0119dzie stwarza\u0142 trudno\u015bci ka\u017cdemu, kto nie chce si\u0119 szczepi\u0107 \u2013 Bolsonaro zaznaczy\u0142 podczas konferencji prasowej. &#8211; Zmuszanie ludzi do przyjmowania szczepionki lub m\u00f3wienie, \u017ce kto jej nie [&hellip;]","protected":false},"author":1,"featured_media":0,"comment_status":"closed","ping_status":"closed","sticky":false,"template":"","format":"standard","meta":{"_acf_changed":false,"_monsterinsights_skip_tracking":false,"_monsterinsights_sitenote_active":false,"_monsterinsights_sitenote_note":"","_monsterinsights_sitenote_category":0,"ngg_post_thumbnail":0,"footnotes":"","_wp_rev_ctl_limit":""},"categories":[451,6],"tags":[248,433,147,351,20],"acf":[],"_links":{"self":[{"href":"https:\/\/www.bibula.com\/index.php?rest_route=\/wp\/v2\/posts\/120873"}],"collection":[{"href":"https:\/\/www.bibula.com\/index.php?rest_route=\/wp\/v2\/posts"}],"about":[{"href":"https:\/\/www.bibula.com\/index.php?rest_route=\/wp\/v2\/types\/post"}],"author":[{"embeddable":true,"href":"https:\/\/www.bibula.com\/index.php?rest_route=\/wp\/v2\/users\/1"}],"replies":[{"embeddable":true,"href":"https:\/\/www.bibula.com\/index.php?rest_route=%2Fwp%2Fv2%2Fcomments&post=120873"}],"version-history":[{"count":4,"href":"https:\/\/www.bibula.com\/index.php?rest_route=\/wp\/v2\/posts\/120873\/revisions"}],"predecessor-version":[{"id":120878,"href":"https:\/\/www.bibula.com\/index.php?rest_route=\/wp\/v2\/posts\/120873\/revisions\/120878"}],"wp:attachment":[{"href":"https:\/\/www.bibula.com\/index.php?rest_route=%2Fwp%2Fv2%2Fmedia&parent=120873"}],"wp:term":[{"taxonomy":"category","embeddable":true,"href":"https:\/\/www.bibula.com\/index.php?rest_route=%2Fwp%2Fv2%2Fcategories&post=120873"},{"taxonomy":"post_tag","embeddable":true,"href":"https:\/\/www.bibula.com\/index.php?rest_route=%2Fwp%2Fv2%2Ftags&post=120873"}],"curies":[{"name":"wp","href":"https:\/\/api.w.org\/{rel}","templated":true}]}}