{"id":120840,"date":"2020-11-30T16:03:45","date_gmt":"2020-11-30T21:03:45","guid":{"rendered":"https:\/\/www.bibula.com\/?p=120840"},"modified":"2020-11-30T16:30:44","modified_gmt":"2020-11-30T21:30:44","slug":"znika-ostatnia-polska-fabryka-zapalek","status":"publish","type":"post","link":"https:\/\/www.bibula.com\/?p=120840","title":{"rendered":"Znika ostatnia polska fabryka\u00a0zapa\u0142ek"},"content":{"rendered":"<p><strong>Po stu latach dzia\u0142alno\u015bci zamkni\u0119ty zostanie zak\u0142ad w Czechowicach-Dziedzicach. Decyzja o likwidacji zapa\u0142kowni zapad\u0142a podczas nadzwyczajnego walnego zgromadzenia akcjonariuszy.<\/strong><\/p>\r\n<p>Jak informuje portal money.pl, decyzj\u0119 podj\u0119to w zwi\u0105zku z trudn\u0105 sytuacj\u0105 ekonomiczn\u0105 zak\u0142adu spowodowan\u0105 malej\u0105cym popytem na zapa\u0142ki <strong>oraz trudno\u015bciami zwi\u0105zanymi z epidemi\u0105 Covid-19.<\/strong><\/p>\r\n<p><span id=\"more-88878\"><\/span>Fabryka w Czechowicach zosta\u0142a za\u0142o\u017cona w 1919 roku, a jej pierwsze linie produkcyjne ruszy\u0142y w 1921 roku. W 2011 r. 85 proc. akcji fabryki odkupi\u0142a od skarbu pa\u0144stwa warszawska sp\u00f3\u0142ka PCC Consumer Products.<\/p>\r\n<p>Czechowickie zapa\u0142ki by\u0142y sprzedawane nie tylko w Polsce, ale r\u00f3wnie\u017c w krajach Unii Europejskiej, Afryki czy Ameryki Po\u0142udniowej. Zak\u0142ad produkowa\u0142 ok. 70 mln zapa\u0142ek dziennie.<\/p>\r\n<p>Tym samym z p\u00f3\u0142ek znikn\u0105 ostatnie polskie zapa\u0142ki. Wcze\u015bniej zosta\u0142y zamkni\u0119te fabryki w Gda\u0144sku, Sianowie, Bystrzycy i Cz\u0119stochowie.<\/p>\r\n<p>Prac\u0119 straci ok. 200 os\u00f3b.<\/p>\r\n<p><em><a href=\"https:\/\/nowyobywatel.pl\/2020\/11\/28\/znika-ostatnia-polska-fabryka-zapalek\/\" target=\"_blank\" rel=\"noopener noreferrer\">https:\/\/nowyobywatel.pl<\/a><\/em><\/p>\r\n<blockquote>\r\n<p>[<strong>Wybrane wypowiedzi internaut\u00f3w pod w\/w tekstem na stronie \u017ar\u00f3d\u0142owej:<\/strong>]<\/p>\r\n<p><em>JW said<\/em><br>\r\nNie wiedzia\u0142em, \u017ce jeszcze do niedawna istnia\u0142 polski przemys\u0142, cho\u0107by w szcz\u0105tkowej formie. A o istnienie zapa\u0142czanego to bym w og\u00f3le nie podejrzewa\u0142. Spoko, zamkni\u0119cie fabryki zwal\u0105 na plandemi\u0119 i wszystko b\u0119dzie cacy.<\/p>\r\n<p>\u2014\u2014<br>\r\n<em>Jeszcze g\u00f3rale szyj\u0105 kapcie.<\/em><br>\r\n<em>Admin<\/em><\/p>\r\n<\/blockquote>\r\n<p class=\"zrodlo\">Za: <a href=\"https:\/\/marucha.wordpress.com\/2020\/11\/30\/znika-ostatnia-polska-fabryka-zapalek\/\">Dziennik gajowego Maruchy (2020-11-30)<\/a><\/p>\r\n<h4>&nbsp;<\/h4>\r\n<hr style=\"background-color: #000000; border-width: 0; color: #000000; height: 2px; line-height: 0; text-align: center; width: 100%;\">\r\n<h4>&nbsp;<\/h4>\r\n<blockquote>\r\n<p><strong>KOMENTARZ <em>BIBU\u0141Y<\/em><\/strong>: Czy co\u015b jeszcze w Polsce op\u0142aca si\u0119 produkowa\u0107? Stocznie, kopalnie, cukrownie, cementownie, browary, gorzelnie, huty, elektrownie, fabryki autobus\u00f3w, samochod\u00f3w, fabryki przemys\u0142u chemicznego, elektrotechnicznego, po\u0142owy dalekomorskie, flota handlowa, flota rzeczn\u0105, zak\u0142ady w\u0142\u00f3kiennicze, odzie\u017cowe, przetw\u00f3rstwa spo\u017cywczego, zak\u0142ady zbrojeniowe (te akurat sta\u0142y si\u0119 smacznym k\u0105skiem naszych nowych okupant\u00f3w)&#8230; List\u0119 mo\u017cna ci\u0105gn\u0105\u0107 na wiele stron, bo chyba wszystko upad\u0142o. Upad\u0142o ca\u0142kowicie, albo zosta\u0142o sprzedane za bezcen, czyli rozdane za darmo, za \u0142ap\u00f3wki. Cz\u0119\u015b\u0107 po sprzedaniu &#8222;obcemu kapita\u0142owi&#8221; zosta\u0142a natychmiast zamkni\u0119ta, bo zagra\u017ca\u0142a temu &#8222;kapita\u0142owi&#8221;. Cz\u0119\u015b\u0107 przekszta\u0142cono w fabryk\u0119-dojn\u0105 krow\u0119 dla tego\u017c &#8222;kapita\u0142u&#8221;, a w ko\u0144cu i tak zamkni\u0119to.<\/p>\r\n<p>Swego czasu, ju\u017c kilkana\u015bcie lat temu na stronie <em>BIBU\u0141Y<\/em> stworzona by\u0142a podstrona&nbsp;<em>wiki<\/em> gdzie wprowadzili\u015bmy list\u0119 zamkni\u0119tych zak\u0142ad\u00f3w pracy i ka\u017cdy m\u00f3g\u0142 dokona\u0107 dowolnego wpisu, dopisuj\u0105c swoje informacje, do\u015bwiadczenia, dodaj\u0105c nowe has\u0142a, itp. I co? I przez oko\u0142o dwa lata funkcjonowania NIKT, ANI JEDNA OSOBA nie zainteresowa\u0142a si\u0119 t\u0105 list\u0105. A przyznajemy, \u017ce internetowa popularno\u015b\u0107 <em>BIBU\u0141Y<\/em> by\u0142a dosy\u0107 du\u017ca. Po tym eksperymencie skonstatowali\u015bmy, \u017ce jednak Polacy maj\u0105 inne priorytety, jak np. piwko przy grillu&#8230;<\/p>\r\n<p>W 2018 roku szumnie nazwane &#8222;Ministerstwo Rozwoju, Pracy i Technologii&#8221; wypu\u015bci\u0142o gniot o nazwie &#8222;WYKAZ ZLIKWIDOWANYCH ZAK\u0141AD\u00d3W, KT\u00d3RYCH DOKUMENTY ZNAJDUJ\u0104 SI\u0118 W ZASOBACH ARCHIWUM MINISTERSTWA PRZEDSI\u0118BIORCZO\u015aCI I TECHNOLOGII. Warszawa 2018&#8221; [plik PDF do pobrania <span style=\"text-decoration: underline;\"><strong><a href=\"https:\/\/www.gov.pl\/attachment\/4e7f7ae6-00d1-4af2-8c2b-ed94fdd5c391\">tutaj<\/a><\/strong><\/span>]. Ten\u017ce Wykaz wylicza 362 zak\u0142ady, kt\u00f3re upad\u0142y. Tylko tyle? Ano, upad\u0142o ze sto razy wi\u0119cej, bo ZUS ma w swoich zbiorach list\u0119 30 tysi\u0119cy zak\u0142ad\u00f3w (&#8222;Baza zlikwidowanych lub przekszta\u0142conych zak\u0142ad\u00f3w pracy&#8221; &#8211; lista <span style=\"text-decoration: underline;\"><a href=\"https:\/\/www.zus.pl\/pl\/swiadczenia\/emerytury\/baza-zlikwidowanych-lub-przeksztalconych-zakladow-pracy\"><strong>tutaj<\/strong><\/a><\/span>), lecz tylko tyle potrafiono zgromadzi\u0107 dokumentacji, bo reszta chyba przepad\u0142a. Cz\u0119sto, nie tylko zak\u0142ady pracy upad\u0142y, ale i ich dokumentacja, w tym i pracownicza, przepad\u0142a. Oto stan &#8222;niepodleg\u0142ej od 1989 roku&#8221; Polski.&nbsp;<\/p>\r\n<p>A komunistyczna, \u017cydo-komunistyczna i inna zaraza, kt\u00f3re doprowadzily do tej zapa\u015bci, siedzi teraz w Unii Europejskiej i dalej m\u015bci si\u0119 na Polsce, dalej g\u0142osuje wed\u0142ug wytycznych swoich mocodawc\u00f3w, czy to w Berlinie, Moskwie, Waszyngtonie, Tel Awiwie. I nikt nie zosta\u0142 rozliczony, nikogo nie tkni\u0119to.<\/p>\r\n<p>Co do fabryki zapa\u0142ek &#8211; kt\u00f3re z powodzeniem mo\u017cna by\u0142o sprzedawa\u0107 np. w Azji, Afryce &#8211;<strong> upad\u0142a r\u00f3wnie\u017c jako ofiara &#8222;koronawirusa&#8221;<\/strong>. Decydenci, kt\u00f3rzy doprowadzili do <em>lockdown<\/em>-\u00f3w i innych restrykcji zas\u0142aniaj\u0105c si\u0119 &#8222;pandemi\u0105&#8221; &#8211; czyli polityczn\u0105 rozgrywk\u0105 elit \u015bwiatowych, nie maj\u0105c\u0105 \u017cadnych podstaw naukowo-medycznych &#8211; powinni ponie\u015b\u0107 surowe konsekwencje. Ale wygl\u0105da na to, \u017ce graj\u0105 do jednej bramki z tymi, kt\u00f3rzy po 1989 roku pozamiatali polsk\u0105 gospodark\u0119.<\/p>\r\n<p>A ostatni\u0105 wyprodukowan\u0105 w Polsce zapa\u0142k\u0105 powinno by\u0107 zapalone wieczne ognisko, wieczny znicz, przed tymi &#8222;Ministerstwami Przedsi\u0119biorczo\u015bci&#8221;. Niech p\u0142onie i przypomina o likwidacji Polski. Bo to co zapocz\u0105tkowali post-komuni\u015bci, kontynuuj\u0105 syjoni\u015bci.<\/p>\r\n<p>&nbsp;<\/p>\r\n<\/blockquote>\r\n<h4>&nbsp;<\/h4>\r\n<hr style=\"background-color: #000000; border-width: 0; color: #000000; height: 2px; line-height: 0; text-align: center; width: 100%;\">\r\n<h4>&nbsp;<\/h4>","protected":false},"excerpt":{"rendered":"Po stu latach dzia\u0142alno\u015bci zamkni\u0119ty zostanie zak\u0142ad w Czechowicach-Dziedzicach. Decyzja o likwidacji zapa\u0142kowni zapad\u0142a podczas nadzwyczajnego walnego zgromadzenia akcjonariuszy. Jak informuje portal money.pl, decyzj\u0119 podj\u0119to w zwi\u0105zku z trudn\u0105 sytuacj\u0105 ekonomiczn\u0105 zak\u0142adu spowodowan\u0105 malej\u0105cym popytem na zapa\u0142ki oraz trudno\u015bciami zwi\u0105zanymi z epidemi\u0105 Covid-19. Fabryka w Czechowicach zosta\u0142a za\u0142o\u017cona w 1919 roku, a jej pierwsze linie [&hellip;]","protected":false},"author":1,"featured_media":0,"comment_status":"closed","ping_status":"closed","sticky":false,"template":"","format":"standard","meta":{"_acf_changed":false,"_monsterinsights_skip_tracking":false,"_monsterinsights_sitenote_active":false,"_monsterinsights_sitenote_note":"","_monsterinsights_sitenote_category":0,"ngg_post_thumbnail":0,"footnotes":"","_wp_rev_ctl_limit":""},"categories":[451,8],"tags":[433,98,52],"acf":[],"_links":{"self":[{"href":"https:\/\/www.bibula.com\/index.php?rest_route=\/wp\/v2\/posts\/120840"}],"collection":[{"href":"https:\/\/www.bibula.com\/index.php?rest_route=\/wp\/v2\/posts"}],"about":[{"href":"https:\/\/www.bibula.com\/index.php?rest_route=\/wp\/v2\/types\/post"}],"author":[{"embeddable":true,"href":"https:\/\/www.bibula.com\/index.php?rest_route=\/wp\/v2\/users\/1"}],"replies":[{"embeddable":true,"href":"https:\/\/www.bibula.com\/index.php?rest_route=%2Fwp%2Fv2%2Fcomments&post=120840"}],"version-history":[{"count":10,"href":"https:\/\/www.bibula.com\/index.php?rest_route=\/wp\/v2\/posts\/120840\/revisions"}],"predecessor-version":[{"id":120853,"href":"https:\/\/www.bibula.com\/index.php?rest_route=\/wp\/v2\/posts\/120840\/revisions\/120853"}],"wp:attachment":[{"href":"https:\/\/www.bibula.com\/index.php?rest_route=%2Fwp%2Fv2%2Fmedia&parent=120840"}],"wp:term":[{"taxonomy":"category","embeddable":true,"href":"https:\/\/www.bibula.com\/index.php?rest_route=%2Fwp%2Fv2%2Fcategories&post=120840"},{"taxonomy":"post_tag","embeddable":true,"href":"https:\/\/www.bibula.com\/index.php?rest_route=%2Fwp%2Fv2%2Ftags&post=120840"}],"curies":[{"name":"wp","href":"https:\/\/api.w.org\/{rel}","templated":true}]}}