{"id":120827,"date":"2020-11-30T11:42:37","date_gmt":"2020-11-30T16:42:37","guid":{"rendered":"https:\/\/www.bibula.com\/?p=120827"},"modified":"2020-12-01T17:05:44","modified_gmt":"2020-12-01T22:05:44","slug":"wzywali-karetke-dwa-dni-15-letnia-julka-umarla-w-meczarniach","status":"publish","type":"post","link":"https:\/\/www.bibula.com\/?p=120827","title":{"rendered":"Wzywali karetk\u0119 dwa dni. 15-letnia Julka umar\u0142a w m\u0119czarniach"},"content":{"rendered":"<p><strong>Dwa dni czeka\u0142a rodzina z Ostr\u00f3dy na przyjazd karetki do chorej 15-letniej c\u00f3rki. Julka zmar\u0142a w ogromnych m\u0119czarniach.<\/strong><\/p>\r\n<p>Histori\u0119 opisuje \u201eSuper Express\u201d. Dramat rodziny rozpocz\u0105\u0142 si\u0119 15 listopada. To wtedy 15-letnia Julia, kt\u00f3ra urodzi\u0142a si\u0119 z wad\u0105 serca, a w wieku 4 lat wszczepiono jej zastawki, \u017ale si\u0119 poczu\u0142a. Mia\u0142a migren\u0119, wysok\u0105 gor\u0105czk\u0119, wymiotowa\u0142a.<\/p>\r\n<p>Przera\u017ceni rodzice zadzwonili pod 112. Dyspozytor przekierowa\u0142 rozmow\u0119 do szpitala w Ostr\u00f3dzie, a lekarz zdalnie zadecydowa\u0142, by poda\u0107 15-latce ibuprofen.<\/p>\r\n<p>Stan dziewczynki jednak nie poprawia\u0142 si\u0119. Do wcze\u015bniejszych objaw\u00f3w dosz\u0142y b\u00f3le mi\u0119\u015bni i parali\u017c cia\u0142a. Rodzice ponownie dzwonili po pomoc i prosili o przyjazd karetki. Tym razem lekarz poleci\u0142 podwoi\u0107 dawk\u0119 ibuprofenu.<\/p>\r\n<p>17 listopada Julia przesta\u0142a oddycha\u0107. Dopiero wtedy zdecydowano, \u017ce to ju\u017c czas na wys\u0142anie karetki. W mi\u0119dzyczasie ojczym dziewczynki pr\u00f3bowa\u0142 j\u0105 reanimowa\u0107, p\u00f3\u017aniej do\u0142\u0105czyli ratownicy medyczni, ale by\u0142o ju\u017c za p\u00f3\u017ano. 15-latka zmar\u0142a.<\/p>\r\n<p>Spraw\u0105 ma zaj\u0105\u0107 si\u0119 prokuratura.<\/p>\r\n<p>\u0179r\u00f3d\u0142o: Super Express<\/p>\r\n<p class=\"zrodlo\">Za: <a href=\"https:\/\/nczas.com\/2020\/11\/30\/wzywali-karetke-dwa-dni-15-letnia-julka-umarla-w-meczarniach\/\">Najwy\u017cszy Czas! (30 listopada 2020)<\/a><\/p>\r\n<h4>&nbsp;<\/h4>\r\n<hr style=\"background-color: #000000; border-width: 0; color: #000000; height: 2px; line-height: 0; text-align: center; width: 100%;\">\r\n<h4>&nbsp;<\/h4>\r\n<blockquote>\r\n<p><strong>KOMENTARZ <em>BIBU\u0141Y<\/em><\/strong>: Publikujemy informacj\u0119 o tej skandalicznej sprawie tak tragicznie ko\u0144cz\u0105cej si\u0119, dlatego, \u017ce nie jest to jaki\u015b odosobniony przypadek \u015bmierci b\u0119d\u0105cej nast\u0119pstwem wprowadzonych w Polsce szale\u0144czych restrykcji &#8222;pandemicznych&#8221;. Mamy nadziej\u0119, \u017ce prokuratura, kt\u00f3ra rzekomo zajmie si\u0119 t\u0105 spraw\u0105, postawi w stan oskar\u017cenia r\u00f3wnie\u017c te osoby, kt\u00f3re wprowadzi\u0142y w Polsce te wszystkie bezzasadne restrykcje, nie maj\u0105ce <strong>\u017cadnych<\/strong> podstaw medycznych i naukowych. Mamy nadziej\u0119, \u017ce wobec sprawc\u00f3w-decydent\u00f3w, opr\u00f3cz prokuratur, s\u0105d\u00f3w, b\u0119dzie miejsce i na Trybuna\u0142 Stanu i na pluton egzekucyjny.<\/p>\r\n<\/blockquote>\r\n<h4>&nbsp;<\/h4>\r\n<hr style=\"background-color: #000000; border-width: 0; color: #000000; height: 2px; line-height: 0; text-align: center; width: 100%;\">\r\n<h4>&nbsp;<\/h4>\r\n<h2>Ukryte skutki lockdownu. Polacy na skraju za\u0142amania nerwowego<\/h2>\r\n<p><strong>Jak podaje \u201eRzeczpospolita\u201d, Polacy w tym roku wykupili ju\u017c 20,7 mln opakowa\u0144 antydepresant\u00f3w \u2013 to o milion wi\u0119cej ni\u017c rok temu. O po\u0142ow\u0119 wzros\u0142a te\u017c liczna dni na L4 z powodu zaburze\u0144 psychicznych.<\/strong><\/p>\r\n<p>Jeszcze przed tzw. drug\u0105 fal\u0105 pandemii, czterech na dziesi\u0119ciu Polak\u00f3w ocenia\u0142o, \u017ce przed\u0142u\u017caj\u0105cy si\u0119 lockdown odbi\u0142 si\u0119 na ich psychice. Co trzeci z 1,5 tys. pracownik\u00f3w obj\u0119tych badaniem Koalicji Bezpieczni w Pracy dostrzegli u siebie zaburzenia nastroju i l\u0119ki, a co czwarty problemy ze snem.<\/p>\r\n<p>Z\u0142y stan psychiczny i coraz bardziej nasilaj\u0105ce si\u0119 obawy Polak\u00f3w potwierdza te\u017c unijny wska\u017anik ESI, badaj\u0105cy nastroje przedsi\u0119biorc\u00f3w i konsument\u00f3w. \u201eW listopadzie ESI dla Polski spad\u0142 a\u017c o 9,5 pkt \u2013 najbardziej w Europie i przy 70,1 pkt by\u0142 jednym z najgorszych w Unii\u201d \u2013 podaje \u201eRz\u201d.<\/p>\r\n<p>Jednak prawdziw\u0105 pandemi\u0119 wida\u0107 dopiero po zwolnieniach wystawionych powodu zaburze\u0144 psychicznych i zaburze\u0144 zachowania (w tym depresji i reakcji na ci\u0119\u017cki stres). 14,9 mln L4 to o po\u0142ow\u0119 wi\u0119cej ni\u017c w zesz\u0142ym roku.<\/p>\r\n<p>Niepokoj\u0105co wygl\u0105daj\u0105 sposoby radzenia sobie z problemami natury psychicznej. Jak podaje \u201eRzeczpospolita\u201d, z badania Human Power wynika, \u017ce ponad po\u0142owa pracownik\u00f3w si\u0119ga w takich sytuacjach po alkohol, a 87 proc. po \u015brodki uspokajaj\u0105ce. Znacznie wzros\u0142a te\u017c sprzeda\u017c antydepresant\u00f3w i lek\u00f3w stabilizuj\u0105cych nastr\u00f3j. Apteki zarejestrowa\u0142y w tym roku sprzeda\u017c 20,7 mln opakowa\u0144 preparat\u00f3w dost\u0119pnych na recept\u0119 (o milion wi\u0119cej ni\u017c rok temu), do tego doda\u0107 nale\u017cy wzrost sprzeda\u017cy wykupywanych na pot\u0119g\u0119 lek\u00f3w i suplement\u00f3w diety dost\u0119pnych bez recepty.<\/p>\r\n<p>\u0179r\u00f3d\u0142o: \u201eRzeczpospolita\u201d<\/p>\r\n<p>PR<\/p>\r\n<blockquote>\r\n<p>[<strong>Wybrane wypowiedzi internaut\u00f3w pod w\/w tekstem na stronie \u017ar\u00f3d\u0142owej:<\/strong>]<\/p>\r\n<p><strong>Doprowadzanie do samob\u00f3jstwa jest karalne.<\/strong> Dziwne, \u017ce prokurator nie wszczyna z urz\u0119du post\u0119powania zbiorowego wzywaj\u0105c na \u015bwiadk\u00f3w rodziny i przyjaci\u00f3\u0142 ofiar.<br>\r\n<em>o-o<\/em><br>\r\n<br>\r\nZal mi zawsze tych katolikow, ktorych ktos naciagnal na psychologa : &#8230;bo jestem przekonana, ze my naprawde mamy WSZYSTKO CO TRZEBA: ksiedza, Najswietszy Sakrament i jeszcze Maryje! Pogubieni ci nasi bracia i siostry w Wierze, ktorzy chodza do psychologa : Modlmy sie za nich&#8230;<br>\r\n<em>Lucie<\/em><br>\r\n<br>\r\nNie trzeba by\u0107 ekstra rozgarni\u0119tym \u017ceby nie skuma\u0107 o co w tym wszystkim chodzi. Teraz grzecznie p\u00f3jdziemy si\u0119 szczepi\u0106<br>\r\n<em>Lech<\/em><br>\r\n<br>\r\nBez w\u0105tpienia wzros\u0142a te\u017c liczba samob\u00f3jstw. Osobi\u015bcie znam taki przypadek. Jutro odb\u0119dzie si\u0119 pogrzeb Joanny &#8211; \u017cony, matki, c\u00f3rki, przyjaci\u00f3\u0142ki&#8230; Prosz\u0119 o modlitw\u0119.<br>\r\n<em>Chrobry<\/em><br>\r\n<br>\r\nTylko \u015bwi\u0119ci ksi\u0119\u017ca do porady bo <strong>psychologia to wylegarnia i \u015brodowisko \u017cycia demon\u00f3w<\/strong>. <strong>Psycholog to lewacki odpowiednik ksi\u0119dza a psychiatra lewacki odpowiednik egzorcysty<\/strong>. B\u00f3g uzdrawia a ci robi\u0105 g\u0142upiego Jasia.<br>\r\n<em>Rycerka<\/em><br>\r\n<br>\r\nPodziekowac za to trzeba Morawieckiemu<br>\r\n<em>mocny<\/em><br>\r\n<br>\r\n<strong>W razie nerw\u00f3w nie radz\u0119 si\u0119ga\u0107 po antydepresanty. Prosz\u0119 zwr\u00f3ci\u0107 uwag\u0119 na ulotki. One totalnie rozwalaj\u0105 organizm.<\/strong> Na uspokojenie je\u015bli ju\u017c to tabletki zio\u0142owe , nie robi\u0105 spustoszenia w organizmie. Dobry jest te\u017c magnez, psychiatr\u00f3w i psycholog\u00f3w omijamy szerokim \u0142ukiem, bo od razu polecaj\u0105 toksyczne leki, kt\u00f3re tylko szkodz\u0105.<br>\r\n<em>Michu.<\/em><\/p>\r\n<\/blockquote>\r\n<p class=\"zrodlo\">Za: <a href=\"https:\/\/www.pch24.pl\/ukryte-skutki-lockdownu--polacy-na-skraju-zalamania-nerwowego,80258,i.html\">PoloniaChristiana &#8211; pch24.pl (2020-11-30)<\/a><\/p>\r\n<h4>&nbsp;<\/h4>\r\n<hr style=\"background-color: #000000; border-width: 0; color: #000000; height: 2px; line-height: 0; text-align: center; width: 100%;\">\r\n<h4>&nbsp;<\/h4>\r\n<h2>Odwo\u0142ane wizyty, op\u00f3\u017anienia w diagnostyce. Koronawirus niszczy polsk\u0105 onkologi\u0119<\/h2>\r\n<p><strong>Do Rzecznika Praw Pacjenta sp\u0142ywa coraz wi\u0119cej niepokoj\u0105cych sygna\u0142\u00f3w dotycz\u0105cych opieki onkologicznej. Codziennie zg\u0142aszanych jest wiele skarg dotycz\u0105cych m.in. odwo\u0142ania wizyt lekarskich, op\u00f3\u017anie\u0144 w diagnostyce czy te\u017c odroczenia w czasie w\u0142\u0105czenia do programu lekowego. Powodem takiego stanu rzeczy ma by\u0107 tzw. pandemia koronawirusa.<\/strong><\/p>\r\n<p>\u2013 <em>Najbardziej dramatyczna sytuacja dotyczy pacjent\u00f3w, kt\u00f3rzy do tej pory leczeni byli w szpitalach jednoimiennych, kt\u00f3re aktualnie udzielaj\u0105 \u015bwiadcze\u0144 zdrowotnych tylko pacjentom ze stwierdzonym zaka\u017ceniem COVID-19<\/em> \u2013 zaznaczy\u0142 w rozmowie z \u201eNaszym Dziennikiem\u201d Bart\u0142omiej Chmielowiec, Rzecznik Praw Pacjenta.<\/p>\r\n<p>Wed\u0142ug statystyk od marca tego roku odnotowano wyra\u017any spadek wydanych kart diagnostyki i leczenia onkologicznego. Dodatkowo pacjenci informuj\u0105, \u017ce operacje nie s\u0105 wykonywane terminowo. Powodem tej sytuacji ma by\u0107 tzw. pandemia koronawirusa, kt\u00f3ra \u201ezdziesi\u0105tkowa\u0142a oddzia\u0142y chirurgiczne\u201d i spowodowa\u0142a, \u017ce \u201ewiele plac\u00f3wek ze wzgl\u0119du na restrykcje sanitarne pracuje &nbsp;na zwolnionych obrotach\u201d. Do tego, jak podaje Telewizja TRWAM, dochodzi obawa wielu pacjent\u00f3w przed zaka\u017ceniem i odk\u0142adanie przez nich wizyty u lekarza.<\/p>\r\n<p>\u2013 <em>Zauwa\u017camy, i to jest bardzo du\u017cy problem w onkologii, mniejsz\u0105 zg\u0142aszalno\u015b\u0107 zar\u00f3wno do bada\u0144 profilaktycznych, jak i do samych dzia\u0142a\u0144 leczniczych<\/em> \u2013 m\u00f3wi\u0142 prof. Ireneusz Pawlak, onkolog z Dolno\u015bl\u0105skiego Centrum Onkologii.<\/p>\r\n<p>Wed\u0142ug raportu \u201eOnkologia w czasach COVID-19\u201d, spad\u0142a liczba wykonywanych bada\u0144. W wojew\u00f3dztwach mazowieckim, dolno\u015bl\u0105skim i warmi\u0144sko-mazurskim to ponad 90 proc. mniej wykonywanych mammografii i cytologii.<\/p>\r\n<p>\u0179r\u00f3d\u0142o: Telewizja TRWAM, radiomaryja.pl<\/p>\r\n<p>TK<\/p>\r\n<blockquote>\r\n<p>[<strong>Wybrane wypowiedzi internaut\u00f3w pod w\/w tekstem na stronie \u017ar\u00f3d\u0142owej:<\/strong>]<\/p>\r\n<p>To nie \u017caden wirus tylko celowa polityka rz\u0105dz\u0105cych nami przebiera\u0144c\u00f3w<br>\r\n<em>andrzej<\/em><br>\r\n<br>\r\nprowadzi si\u0119 holokaust narodu polskiego pod przykrywk\u0105 grypy zwanej covid<br>\r\n<em>lolo<\/em><br>\r\n<br>\r\nprzepraszam ale to nie \u017caden wirus tylko celowa polityka rz\u0105du &#8211; gdyby t\u0105 epidemi\u0105 zajmowali si\u0119 lekarze nieskorumpowani nie dosz\u0142oby do tego. Niestety ale ta epidemia to jest sprawa polityczno-ekonomiczno-korupcyjna a nie medyczna. Od lat w Polsce wyst\u0119puj\u0105 zgony z tytu\u0142u nieokre\u015blonego wirusowego zapalenia p\u0142uc to 10-15ty\u015b przypadk\u00f3w zgon\u00f3w &#8211; np. m\u00f3j wujek zmar\u0142 na takie zapalenie p\u0142uc w lecie 2019 &#8211; to jest bardzo cz\u0119sta przyczyna zgon\u00f3w u os\u00f3b starszych kt\u00f3re zbyt d\u0142ugo przebywaj\u0105 w \u0142\u00f3\u017cku &#8211; w wyniku os\u0142abienia organizmu i nieodpowiedniej pozycji na \u0142\u00f3\u017cku -le\u017cenie na plecach- starsi ludzie zapadaj\u0105 na to zapalenie kt\u00f3re jest przewa\u017cnie \u017ale leczone przez internist\u00f3w domowych i szpitalnych.<br>\r\n<em>Tom<\/em><br>\r\n<br>\r\nNiestety to samo jest z kardiologi\u0105.<br>\r\n<em>asosin<\/em><br>\r\n<br>\r\nAle co to za nowo\u015b\u0107? W po\u0142owie roku wypowiada\u0142 si\u0119 jeden z lekarzy \u017ce diagnostyka raka dwunastnicy zosta\u0142a praktycznie wstrzymana. Leczenie nowotwor\u00f3w opiera si\u0119 przede wszystkim na wczesnym wykryciu &#8211; <strong>1 rok braku diagnostyki wywo\u0142a lawin\u0119 zgon\u00f3w. Ale pewnie da si\u0119 cz\u0119\u015b\u0107 podpi\u0105\u0107 pod kowida&#8230;<\/strong><br>\r\n<em>Wojtek<\/em><br>\r\n<br>\r\n<strong>Jak wiadomo nie ma ju\u017c innych chorob niz covid<\/strong><br>\r\n<em>Rrr<\/em><\/p>\r\n<\/blockquote>\r\n<p class=\"zrodlo\">Za: <a href=\"https:\/\/www.pch24.pl\/odwolane-wizyty--opoznienia-w-diagnostyce--koronawirus-niszczy-polska-onkologie,80255,i.html\">PoloniaChristiana &#8211; pch24.pl (2020-11-30)<\/a><\/p>\r\n<h4>&nbsp;<\/h4>\r\n<hr style=\"background-color: #000000; border-width: 0; color: #000000; height: 2px; line-height: 0; text-align: center; width: 100%;\">\r\n<h4>&nbsp;<\/h4>","protected":false},"excerpt":{"rendered":"Dwa dni czeka\u0142a rodzina z Ostr\u00f3dy na przyjazd karetki do chorej 15-letniej c\u00f3rki. Julka zmar\u0142a w ogromnych m\u0119czarniach. Histori\u0119 opisuje \u201eSuper Express\u201d. Dramat rodziny rozpocz\u0105\u0142 si\u0119 15 listopada. To wtedy 15-letnia Julia, kt\u00f3ra urodzi\u0142a si\u0119 z wad\u0105 serca, a w wieku 4 lat wszczepiono jej zastawki, \u017ale si\u0119 poczu\u0142a. Mia\u0142a migren\u0119, wysok\u0105 gor\u0105czk\u0119, wymiotowa\u0142a. Przera\u017ceni [&hellip;]","protected":false},"author":1,"featured_media":0,"comment_status":"closed","ping_status":"closed","sticky":false,"template":"","format":"standard","meta":{"_acf_changed":false,"_monsterinsights_skip_tracking":false,"_monsterinsights_sitenote_active":false,"_monsterinsights_sitenote_note":"","_monsterinsights_sitenote_category":0,"ngg_post_thumbnail":0,"footnotes":"","_wp_rev_ctl_limit":""},"categories":[451,8],"tags":[433,105,98,20],"acf":[],"_links":{"self":[{"href":"https:\/\/www.bibula.com\/index.php?rest_route=\/wp\/v2\/posts\/120827"}],"collection":[{"href":"https:\/\/www.bibula.com\/index.php?rest_route=\/wp\/v2\/posts"}],"about":[{"href":"https:\/\/www.bibula.com\/index.php?rest_route=\/wp\/v2\/types\/post"}],"author":[{"embeddable":true,"href":"https:\/\/www.bibula.com\/index.php?rest_route=\/wp\/v2\/users\/1"}],"replies":[{"embeddable":true,"href":"https:\/\/www.bibula.com\/index.php?rest_route=%2Fwp%2Fv2%2Fcomments&post=120827"}],"version-history":[{"count":6,"href":"https:\/\/www.bibula.com\/index.php?rest_route=\/wp\/v2\/posts\/120827\/revisions"}],"predecessor-version":[{"id":120900,"href":"https:\/\/www.bibula.com\/index.php?rest_route=\/wp\/v2\/posts\/120827\/revisions\/120900"}],"wp:attachment":[{"href":"https:\/\/www.bibula.com\/index.php?rest_route=%2Fwp%2Fv2%2Fmedia&parent=120827"}],"wp:term":[{"taxonomy":"category","embeddable":true,"href":"https:\/\/www.bibula.com\/index.php?rest_route=%2Fwp%2Fv2%2Fcategories&post=120827"},{"taxonomy":"post_tag","embeddable":true,"href":"https:\/\/www.bibula.com\/index.php?rest_route=%2Fwp%2Fv2%2Ftags&post=120827"}],"curies":[{"name":"wp","href":"https:\/\/api.w.org\/{rel}","templated":true}]}}