{"id":12066,"date":"2009-08-01T21:55:45","date_gmt":"2009-08-02T02:55:45","guid":{"rendered":"http:\/\/www.bibula.com\/?p=12066"},"modified":"2009-08-01T21:55:45","modified_gmt":"2009-08-02T02:55:45","slug":"o-polnocy-zostal-wylaczony-nadajnik-polskiego-radia-w-raszynie","status":"publish","type":"post","link":"https:\/\/www.bibula.com\/?p=12066","title":{"rendered":"O p\u00f3\u0142nocy zosta\u0142 wy\u0142\u0105czony nadajnik Polskiego Radia w Raszynie"},"content":{"rendered":"<div id=\"content\"><p><strong>O p\u00f3\u0142nocy <\/strong><span>[w pi\u0105tek, 31 lipca 2009]<\/span><strong> wy\u0142\u0105czony zosta\u0142 nadajnik fali d\u0142ugiej Polskiego Radia w podwarszawskim Raszynie<\/strong>.<\/p>\r\n\r\n<p>Nadajnik ten pracowa\u0142 codziennie w godzinach 8-18.00 na fali d\u0142ugiej 198 kHz, emituj\u0105c Radio Parlament lub Polskie Radio dla Zagranicy oraz ca\u0142odobowo na fali 225 kHz emituj\u0105c Program 1 Polskiego Radia w sytuacjach, gdy nadajnik d\u0142ugofalowy 225 kHz w Solcu Kujawskim nie m\u00f3g\u0142 by\u0107 czasowo wykorzystywany, na przyk\u0142ad w zwi\u0105zku z konserwacj\u0105 czy uszkodzeniem.<\/p>\r\n\r\n<p>W styczniu tego roku Zarz\u0105d Polskiego Radia SA wypowiedzia\u0142 umow\u0119 TP Emitel na emisj\u0119 Programu 1 Polskiego Radia na cz\u0119stotliwo\u015bci 198 kHz z Radiowego O\u015brodka Nadawczego w Raszynie. Decyzja ta zwi\u0105zana jest z trudn\u0105 sytuacj\u0105 finansow\u0105 Polskiego Radia. Dzi\u015b up\u0142ywa p\u00f3\u0142roczny okres wypowiedzenia umowy.<\/p>\r\n\r\n<p>Polskie Radio zamierza kontynuowa\u0107 dzia\u0142alno\u015b\u0107 Radia Parlament. Wkr\u00f3tce b\u0119dzie mo\u017cna go s\u0142ucha\u0107 w internecie.<\/p>\r\n\r\n<p>Radio Parlament to specjalistyczny program radiowy Polskiego Radia, po\u015bwi\u0119cony tematyce parlamentarnej. Na jego antenie Polskie Radio transmitowa\u0142o obrady Sejmu, Senatu oraz prace Komisji \u015aledczych. Ponadto program uzupe\u0142nia\u0142y rozmowy z parlamentarzystami i ekspertami, kt\u00f3rzy przybli\u017cali s\u0142uchaczom projekty ustaw.","protected":false},"excerpt":{"rendered":"O p\u00f3\u0142nocy [w pi\u0105tek, 31 lipca 2009] wy\u0142\u0105czony zosta\u0142 nadajnik fali d\u0142ugiej Polskiego Radia w podwarszawskim Raszynie. Nadajnik ten pracowa\u0142 codziennie w godzinach 8-18.00 na fali d\u0142ugiej 198 kHz, emituj\u0105c Radio Parlament lub Polskie Radio dla Zagranicy oraz ca\u0142odobowo na fali 225 kHz emituj\u0105c Program 1 Polskiego Radia w sytuacjach, gdy nadajnik d\u0142ugofalowy 225 kHz [&hellip;]","protected":false},"author":1,"featured_media":0,"comment_status":"closed","ping_status":"closed","sticky":false,"template":"","format":"standard","meta":{"_acf_changed":false,"_monsterinsights_skip_tracking":false,"_monsterinsights_sitenote_active":false,"_monsterinsights_sitenote_note":"","_monsterinsights_sitenote_category":0,"ngg_post_thumbnail":0,"footnotes":"","_wp_rev_ctl_limit":""},"categories":[8],"tags":[],"acf":[],"_links":{"self":[{"href":"https:\/\/www.bibula.com\/index.php?rest_route=\/wp\/v2\/posts\/12066"}],"collection":[{"href":"https:\/\/www.bibula.com\/index.php?rest_route=\/wp\/v2\/posts"}],"about":[{"href":"https:\/\/www.bibula.com\/index.php?rest_route=\/wp\/v2\/types\/post"}],"author":[{"embeddable":true,"href":"https:\/\/www.bibula.com\/index.php?rest_route=\/wp\/v2\/users\/1"}],"replies":[{"embeddable":true,"href":"https:\/\/www.bibula.com\/index.php?rest_route=%2Fwp%2Fv2%2Fcomments&post=12066"}],"version-history":[{"count":0,"href":"https:\/\/www.bibula.com\/index.php?rest_route=\/wp\/v2\/posts\/12066\/revisions"}],"wp:attachment":[{"href":"https:\/\/www.bibula.com\/index.php?rest_route=%2Fwp%2Fv2%2Fmedia&parent=12066"}],"wp:term":[{"taxonomy":"category","embeddable":true,"href":"https:\/\/www.bibula.com\/index.php?rest_route=%2Fwp%2Fv2%2Fcategories&post=12066"},{"taxonomy":"post_tag","embeddable":true,"href":"https:\/\/www.bibula.com\/index.php?rest_route=%2Fwp%2Fv2%2Ftags&post=12066"}],"curies":[{"name":"wp","href":"https:\/\/api.w.org\/{rel}","templated":true}]}}