{"id":120646,"date":"2020-11-22T18:10:34","date_gmt":"2020-11-22T23:10:34","guid":{"rendered":"https:\/\/www.bibula.com\/?p=120646"},"modified":"2020-11-22T18:10:34","modified_gmt":"2020-11-22T23:10:34","slug":"byla-pachamama-teraz-ekolodzy-z-watykanu-promuja-zywe-kaplice-quo-vadis-ecclesiae","status":"publish","type":"post","link":"https:\/\/www.bibula.com\/?p=120646","title":{"rendered":"By\u0142a Pachamama teraz ekolodzy z Watykanu promuj\u0105 &#8222;\u017bywe kaplice&#8221;. Quo Vadis Ecclesiae?"},"content":{"rendered":"<p><strong>Ojciec Francis Fornal zainaugurowa\u0142 7 listopada w Romblon na Filipinach tak zwan\u0105 \u201e\u017byw\u0105 kaplic\u0119\u201d (na zdj\u0119ciu).<\/strong><\/p>\r\n<p>\u201eKaplica\u201d jest pierwsz\u0105 tego rodzaju w Azji, ale istnieje ju\u017c w Rzymie i Wenecji. Przestrze\u0144 na \u015bwie\u017cym powietrzu nie ma nic wsp\u00f3lnego z prawdziw\u0105 kaplic\u0105, ale promuje \u201emi\u0142o\u015b\u0107\u201d i \u201etrosk\u0119\u201d o nasz wsp\u00f3lny dom Ziemi\u0119, zgodnie z encyklik\u0105 Franciszka Laudato si.<\/p>\r\n<p><strong>Zosta\u0142a zbudowana pod kierownictwem wydzia\u0142u Ekologii i Stworzenia Watyka\u0144skiej Dykasterii ds. Integralnego Rozwoju Cz\u0142owieka.<\/strong><\/p>\r\n<p><a href=\"https:\/\/1.bp.blogspot.com\/-4qycbAv4SVE\/X7p9Hmh6bsI\/AAAAAAAAFDo\/GOQ-ZTkQJdMkh7kr5NefkOKCtiIHYovygCNcBGAsYHQ\/s685\/topy9igjz771aeads4shlhi8ufmfni1ruetgmi0.jpg\"><img fetchpriority=\"high\" decoding=\"async\" class=\"aligncenter\" src=\"https:\/\/1.bp.blogspot.com\/-4qycbAv4SVE\/X7p9Hmh6bsI\/AAAAAAAAFDo\/GOQ-ZTkQJdMkh7kr5NefkOKCtiIHYovygCNcBGAsYHQ\/s16000\/topy9igjz771aeads4shlhi8ufmfni1ruetgmi0.jpg\" data-original-height=\"685\" data-original-width=\"610\" width=\"598\" height=\"672\" border=\"0\"><\/a><\/p>\r\n<p>za:&nbsp;<a href=\"https:\/\/gloria.tv\/en.news\" data-load=\"{&quot;user&quot;:&quot;oj4v9nn1jRo74b3HbvQHPsjHK&quot;}\" data-popup=\"{&quot;user&quot;:&quot;oj4v9nn1jRo74b3HbvQHPsjHK&quot;,&quot;popup&quot;:&quot;&quot;}\"><cite>en.news<\/cite><\/a><\/p>","protected":false},"excerpt":{"rendered":"Ojciec Francis Fornal zainaugurowa\u0142 7 listopada w Romblon na Filipinach tak zwan\u0105 \u201e\u017byw\u0105 kaplic\u0119\u201d (na zdj\u0119ciu). \u201eKaplica\u201d jest pierwsz\u0105 tego rodzaju w Azji, ale istnieje ju\u017c w Rzymie i Wenecji. Przestrze\u0144 na \u015bwie\u017cym powietrzu nie ma nic wsp\u00f3lnego z prawdziw\u0105 kaplic\u0105, ale promuje \u201emi\u0142o\u015b\u0107\u201d i \u201etrosk\u0119\u201d o nasz wsp\u00f3lny dom Ziemi\u0119, zgodnie z encyklik\u0105 Franciszka [&hellip;]","protected":false},"author":1,"featured_media":0,"comment_status":"closed","ping_status":"closed","sticky":false,"template":"","format":"standard","meta":{"_acf_changed":false,"_monsterinsights_skip_tracking":false,"_monsterinsights_sitenote_active":false,"_monsterinsights_sitenote_note":"","_monsterinsights_sitenote_category":0,"ngg_post_thumbnail":0,"footnotes":"","_wp_rev_ctl_limit":""},"categories":[3],"tags":[333,171,41,33],"acf":[],"_links":{"self":[{"href":"https:\/\/www.bibula.com\/index.php?rest_route=\/wp\/v2\/posts\/120646"}],"collection":[{"href":"https:\/\/www.bibula.com\/index.php?rest_route=\/wp\/v2\/posts"}],"about":[{"href":"https:\/\/www.bibula.com\/index.php?rest_route=\/wp\/v2\/types\/post"}],"author":[{"embeddable":true,"href":"https:\/\/www.bibula.com\/index.php?rest_route=\/wp\/v2\/users\/1"}],"replies":[{"embeddable":true,"href":"https:\/\/www.bibula.com\/index.php?rest_route=%2Fwp%2Fv2%2Fcomments&post=120646"}],"version-history":[{"count":1,"href":"https:\/\/www.bibula.com\/index.php?rest_route=\/wp\/v2\/posts\/120646\/revisions"}],"predecessor-version":[{"id":120647,"href":"https:\/\/www.bibula.com\/index.php?rest_route=\/wp\/v2\/posts\/120646\/revisions\/120647"}],"wp:attachment":[{"href":"https:\/\/www.bibula.com\/index.php?rest_route=%2Fwp%2Fv2%2Fmedia&parent=120646"}],"wp:term":[{"taxonomy":"category","embeddable":true,"href":"https:\/\/www.bibula.com\/index.php?rest_route=%2Fwp%2Fv2%2Fcategories&post=120646"},{"taxonomy":"post_tag","embeddable":true,"href":"https:\/\/www.bibula.com\/index.php?rest_route=%2Fwp%2Fv2%2Ftags&post=120646"}],"curies":[{"name":"wp","href":"https:\/\/api.w.org\/{rel}","templated":true}]}}