{"id":12064,"date":"2009-08-01T20:45:14","date_gmt":"2009-08-02T01:45:14","guid":{"rendered":"http:\/\/www.bibula.com\/?p=12064"},"modified":"2009-08-01T20:45:14","modified_gmt":"2009-08-02T01:45:14","slug":"kleryk-w-sutannie-rasizm-i-nowa-religia","status":"publish","type":"post","link":"https:\/\/www.bibula.com\/?p=12064","title":{"rendered":"Kleryk w sutannie, rasizm i nowa religia"},"content":{"rendered":"<p>Pewien kleryk opowiada\u0142, jak spaceruj\u0105c po Warszawie (w sutannie), co chwil\u0119 musia\u0142 wys\u0142uchiwa\u0107 zaczepek s\u0142ownych pod swoim adresem. Gdyby by\u0142 czarnosk\u00f3rym rodem z Afryki m\u00f3g\u0142by poskar\u017cy\u0107 si\u0119 polit-poprawnym redakcjom, kt\u00f3re z rado\u015bci\u0105 przygotowa\u0142yby rozk\u0142ad\u00f3wk\u0119 o polskim rasizmie. Ale on jest tym &#8222;z\u0142ym czarnym\u201d, &#8222;agentem Watykanu\u201d i w praktyce nie ma szans na tak\u0105 obron\u0119. S\u0105 jak wida\u0107 rasizmy lepsze i gorsze.<\/p>\r\n\r\n<p>Gdyby mo\u017cna zmierzy\u0107 stopie\u0144 agresji wobec Ko\u015bcio\u0142a obecnie i za czas\u00f3w komunizmu, w kategorii &#8222;w\u0142adza\u201d towarzysze niew\u0105tpliwie zwyci\u0119\u017cyliby z libera\u0142ami, za\u015b w kategorii &#8222;spo\u0142ecze\u0144stwo\u201d &#8211; wsp\u00f3\u0142czesny Polak wyra\u017anie dystansuje swoim poziomem agresji tego z lat sze\u015b\u0107dziesi\u0105tych czy siedemdziesi\u0105tych ubieg\u0142ego wieku. Wymiar zjawiska u\u015bwiadamiaj\u0105 nie tylko wpisy internetowe na r\u00f3\u017cnych forach i portalach, ale tak\u017ce rozmowy z tzw. &#8222;zwyk\u0142ymi lud\u017ami\u201d. Norm\u0105 jest wyk\u0142\u00f3canie si\u0119 o r\u00f3\u017cne sprawy, a w niekt\u00f3rych \u015brodowiskach nara\u017canie si\u0119 wr\u0119cz na ostracyzm spo\u0142eczny. Czy to tylko tradycyjny, polski antyklerykalizm, czy mo\u017ce ca\u0142kiem nowe zjawisko?<\/p>\r\n\r\n<p>\u015awiat\u0142o na spraw\u0119 rzucaj\u0105 opublikowane nie tak dawno w <a href=\"http:\/\/www.rp.pl\/artykul\/15,335422_Polska___czyli_kraj__tolerancji.html\">Rzeczpospolitej&#8221;<\/a> badania o stanie \u015bwiadomo\u015bci religijnej Polak\u00f3w. Przypomnijmy: tylko 22% uwa\u017ca, \u017ce w Ko\u015bciele mo\u017cna si\u0119 zbawi\u0107, to znaczy, \u017ce 78% jest przeciwnego zdania. Z jednej strony taka postawa jest wynikiem &#8222;pedagogii ekumenizmu&#8221; rozpowszechnionej w wielu \u015brodowiskach katolickich. W praktyce rozumiana jest ona jako uznanie przez Ko\u015bci\u00f3\u0142 wielu dr\u00f3g zbawienia, wsp\u00f3lne dialogowanie ze sob\u0105 i poklepywanie si\u0119 po plecach. Z drugiej &#8211; tak naprawd\u0119 niewielu &#8222;m\u0142odych, wykszta\u0142conych, z wielkich miast\u201d, wie o co chodzi z tym ekumenizmem. Ich zainteresowanie sprawami wiary jest znikome. Dlatego te\u017c g\u0142\u00f3wnym czynnikiem wp\u0142ywaj\u0105cym na uformowanie si\u0119 powy\u017cszego przekonania jest raczej \u015blepe przyjmowanie agnostyczno-liberalnego mitu, i\u017c ka\u017cdy ma swoj\u0105 prywatn\u0105 prawd\u0119, kt\u00f3ry w wersji religijnej objawia si\u0119 wiar\u0105 w wielo\u015b\u0107 dr\u00f3g zbawienia.<\/p>\r\n\r\n<p>Ta wiara w zetkni\u0119ciu z wiar\u0105 Ko\u015bcio\u0142a o istnieniu jednej drogi w spos\u00f3b naturalny prowadzi do konfliktu. Powiedzmy sobie szczerze: te 78%, to jakby wyznawcy nowej, synkretyczno-panteistycznej religii, dla kt\u00f3rych katolicy manifestuj\u0105cy swoj\u0105 odr\u0119bno\u015b\u0107, wyj\u0105tkowo\u015b\u0107 i wyst\u0119puj\u0105cy zdecydowanie ze swoim or\u0119dziem, to wrogowie religijni, kt\u00f3rych trzeba zwalcza\u0107. Jak wida\u0107 na przyk\u0142adzie kleryka w sutannie czasami wystarcz\u0105 tylko pewne symbole, aby wywo\u0142a\u0107 dzia\u0142ania agresywno-zaczepne.<\/p>\r\n\r\n<p><strong><em>Dariusz Zalewski<\/em><\/strong><\/p>","protected":false},"excerpt":{"rendered":"Pewien kleryk opowiada\u0142, jak spaceruj\u0105c po Warszawie (w sutannie), co chwil\u0119 musia\u0142 wys\u0142uchiwa\u0107 zaczepek s\u0142ownych pod swoim adresem. Gdyby by\u0142 czarnosk\u00f3rym rodem z Afryki m\u00f3g\u0142by poskar\u017cy\u0107 si\u0119 polit-poprawnym redakcjom, kt\u00f3re z rado\u015bci\u0105 przygotowa\u0142yby rozk\u0142ad\u00f3wk\u0119 o polskim rasizmie. Ale on jest tym &#8222;z\u0142ym czarnym\u201d, &#8222;agentem Watykanu\u201d i w praktyce nie ma szans na tak\u0105 obron\u0119. S\u0105 [&hellip;]","protected":false},"author":1,"featured_media":0,"comment_status":"closed","ping_status":"closed","sticky":false,"template":"","format":"standard","meta":{"_acf_changed":false,"_monsterinsights_skip_tracking":false,"_monsterinsights_sitenote_active":false,"_monsterinsights_sitenote_note":"","_monsterinsights_sitenote_category":0,"ngg_post_thumbnail":0,"footnotes":"","_wp_rev_ctl_limit":""},"categories":[9],"tags":[31,33],"acf":[],"_links":{"self":[{"href":"https:\/\/www.bibula.com\/index.php?rest_route=\/wp\/v2\/posts\/12064"}],"collection":[{"href":"https:\/\/www.bibula.com\/index.php?rest_route=\/wp\/v2\/posts"}],"about":[{"href":"https:\/\/www.bibula.com\/index.php?rest_route=\/wp\/v2\/types\/post"}],"author":[{"embeddable":true,"href":"https:\/\/www.bibula.com\/index.php?rest_route=\/wp\/v2\/users\/1"}],"replies":[{"embeddable":true,"href":"https:\/\/www.bibula.com\/index.php?rest_route=%2Fwp%2Fv2%2Fcomments&post=12064"}],"version-history":[{"count":0,"href":"https:\/\/www.bibula.com\/index.php?rest_route=\/wp\/v2\/posts\/12064\/revisions"}],"wp:attachment":[{"href":"https:\/\/www.bibula.com\/index.php?rest_route=%2Fwp%2Fv2%2Fmedia&parent=12064"}],"wp:term":[{"taxonomy":"category","embeddable":true,"href":"https:\/\/www.bibula.com\/index.php?rest_route=%2Fwp%2Fv2%2Fcategories&post=12064"},{"taxonomy":"post_tag","embeddable":true,"href":"https:\/\/www.bibula.com\/index.php?rest_route=%2Fwp%2Fv2%2Ftags&post=12064"}],"curies":[{"name":"wp","href":"https:\/\/api.w.org\/{rel}","templated":true}]}}