{"id":120612,"date":"2020-11-21T13:28:54","date_gmt":"2020-11-21T18:28:54","guid":{"rendered":"https:\/\/www.bibula.com\/?p=120612"},"modified":"2020-11-21T14:22:02","modified_gmt":"2020-11-21T19:22:02","slug":"przeslanie-europejskich-biskupow-do-ue-kazde-panstwo-czlonkowskie-powinno-proporcjonalnie-otworzyc-granice","status":"publish","type":"post","link":"https:\/\/www.bibula.com\/?p=120612","title":{"rendered":"Przes\u0142anie europejskich biskup\u00f3w do UE: ka\u017cde pa\u0144stwo cz\u0142onkowskie powinno proporcjonalnie otworzy\u0107 granice"},"content":{"rendered":"<p>Solidarno\u015b\u0107 europejska powinna pilnie obj\u0105\u0107 uchod\u017ac\u00f3w, kt\u00f3rzy \u017cyj\u0105 w nieludzkich warunkach w obozach zagro\u017conych wirusem. Solidarno\u015b\u0107 z uchod\u017acami oznacza nie tylko finansowanie, ale r\u00f3wnie\u017c otwarcie granic Unii Europejskiej proporcjonalnie przez ka\u017cde pa\u0144stwo cz\u0142onkowskie \u2013 przekazali europejscy biskupi w Or\u0119dziu Przewodnicz\u0105cych Episkopat\u00f3w Unii Europejskiej do Instytucji Europejskich i Pa\u0144stw Cz\u0142onkowskich.<\/p>\r\n<p>\u201eKo\u015bci\u00f3\u0142 katolicki w Unii Europejskiej, reprezentowany przez Przewodnicz\u0105cych Episkopat\u00f3w pa\u0144stw cz\u0142onkowskich, pragnie zwr\u00f3ci\u0107 si\u0119 do instytucji europejskich i pa\u0144stw cz\u0142onkowskich z przes\u0142aniem nadziei i wezwaniem do solidarno\u015bci w tym kryzysie, kt\u00f3ry nas przyt\u0142oczy\u0142. Z przes\u0142aniem, w kt\u00f3rym ponawiamy swoje zaanga\u017cowanie w budow\u0119 Europy i w jej podstawowe warto\u015bci solidarno\u015bci, wolno\u015bci, nienaruszalno\u015bci godno\u015bci ludzkiej, demokracji, praworz\u0105dno\u015bci, r\u00f3wno\u015bci, ochrony i propagowania praw cz\u0142owieka, aby projekt europejski przyni\u00f3s\u0142 pok\u00f3j i dobrobyt na naszym kontynencie\u201d \u2013 zauwa\u017cyli europejscy hierarchowie.<\/p>\r\n<p>\u201eNasza chrze\u015bcija\u0144ska wiara w zmartwychwsta\u0142ego Pana daje nam nadziej\u0119, \u017ce B\u00f3g mo\u017ce przemieni\u0107 w dobro wszystko, co si\u0119 wydarza, nawet rzeczy, kt\u00f3rych nie rozumiemy i kt\u00f3re wydaj\u0105 nam si\u0119 z\u0142e, a wiara ta jest ostatecznym fundamentem naszej nadziei i powszechnego braterstwa. Wraz z innymi Ko\u015bcio\u0142ami siostrzanymi i wsp\u00f3lnotami ko\u015bcielnymi, z cz\u0142onkami innych tradycji religijnych i lud\u017ami dobrej woli, Ko\u015bci\u00f3\u0142 katolicki w Europie d\u0105\u017cy do budowania powszechnego braterstwa, kt\u00f3re nikogo nie wyklucza\u201d \u2013 przekazali biskupi.<\/p>\r\n<p>\u201ePandemia, kt\u00f3ra nas dotkn\u0119\u0142a w ostatnich miesi\u0105cach zachwia\u0142a naszym poczuciem bezpiecze\u0144stwa, ujawni\u0142a nasz\u0105 s\u0142abo\u015b\u0107 i nasze wzajemne powi\u0105zania.&nbsp; Osoby starsze i ubodzy na ca\u0142ym \u015bwiecie najbardziej ucierpieli. Na ten kryzys, kt\u00f3ry nas zaskoczy\u0142 i na kt\u00f3ry nie byli\u015bmy przygotowani, kraje europejskie najpierw zareagowa\u0142y strachem, zamykaj\u0105c pa\u0144stwowe i zewn\u0119trzne granice, a niekt\u00f3re nawet odm\u00f3wi\u0142y przekazania bardzo potrzebnych \u015brodk\u00f3w medycznych innym krajom. Wielu z nas obawia\u0142o si\u0119, \u017ce Unia Europejska, jako projekt gospodarczy, polityczny, spo\u0142eczny i kulturowy, by\u0142a zagro\u017cona. W\u00f3wczas u\u015bwiadomili\u015bmy sobie, cytuj\u0105c papie\u017ca Franciszka, \u017ce jeste\u015bmy w tej samej \u0142odzi i mo\u017cemy si\u0119 uratowa\u0107 tylko w\u00f3wczas, gdy b\u0119dziemy si\u0119 trzyma\u0107 razem\u201d \u2013 napisano w or\u0119dziu.<\/p>\r\n<p>W dokumencie pt. \u201eOr\u0119dzie Przewodnicz\u0105cych Episkopat\u00f3w Unii Europejskiej do Instytucji Europejskich i Pa\u0144stw Cz\u0142onkowskich\u201d biskupi zauwa\u017cyli, \u017ce \u201eUnia Europejska zacz\u0119\u0142a reagowa\u0107 ze zdwojon\u0105 determinacj\u0105 i w spos\u00f3b zjednoczony na t\u0119 dramatyczn\u0105 sytuacj\u0119\u201d. \u201eUjawni\u0142a swoj\u0105 zdolno\u015b\u0107 ponownego odkrycia ducha ojc\u00f3w za\u0142o\u017cycieli. Oby narz\u0119dzie s\u0142u\u017c\u0105ce odbudowie po pandemii Covid-19 oraz wzmocniony bud\u017cet UE na lata 2021-2027, uzgodnione na posiedzeniu Rady Europejskiej w lipcu i obecnie negocjowane pomi\u0119dzy Rad\u0105 a Parlamentem Europejskim, odzwierciedli\u0142y tego ducha\u201d \u2013 napisali.<\/p>\r\n<p>Ale ich zdaniem \u201eprzysz\u0142o\u015b\u0107 Unii Europejskiej nie zale\u017cy tylko od gospodarki i finans\u00f3w, ale r\u00f3wnie\u017c od wsp\u00f3lnego ducha i sposobu my\u015blenia\u201d. \u201eTen kryzys stwarza duchow\u0105 okazj\u0119 do nawr\u00f3cenia. Nie powinny\u015bmy kierowa\u0107 wszystkich naszych wysi\u0142k\u00f3w na powr\u00f3t do \u201astarej normalno\u015bci\u2019, ale wykorzysta\u0107 ten kryzys na spowodowanie radykalnej zmiany na lepsze. Zmusza nas on do przemy\u015blenia i przebudowy obecnego modelu globalizacji, gwarantuj\u0105c poszanowanie \u015brodowiska, otwarto\u015b\u0107 na \u017cycie i dbanie o rodzin\u0119, r\u00f3wno\u015b\u0107 spo\u0142eczn\u0105, godno\u015b\u0107 pracownik\u00f3w i prawa przysz\u0142ych pokole\u0144\u201d \u2013 czytamy w li\u015bcie.<\/p>\r\n<p>Biskupi podkre\u015blili potrzeb\u0119 zachowania europejskiej solidarno\u015bci, kt\u00f3ra tak\u017ce \u201ejest fundamentaln\u0105 zasad\u0105 spo\u0142ecznej doktryny Ko\u015bcio\u0142a\u201d. \u201eOpr\u00f3cz wewn\u0119trznych przesuni\u0119\u0107 \u015brodk\u00f3w w ramach polityki sp\u00f3jno\u015bci solidarno\u015b\u0107 nale\u017cy rozumie\u0107 w kategoriach \u201arobienia razem\u2019 oraz \u201abycia otwartym na zintegrowanie wszystkich\u2019, zw\u0142aszcza tych zmarginalizowanych. W tym kontek\u015bcie trzeba zaznaczy\u0107, \u017ce kiedy szczepionka przeciw Covid-19 b\u0119dzie dost\u0119pna, musi by\u0107 osi\u0105galna dla wszystkich, zw\u0142aszcza ubogich\u201d \u2013 zaapelowali.<\/p>\r\n<p>\u201eRobert Schuman wyja\u015bnia\u0142, \u017ce narody, nie b\u0119d\u0105c wcale samowystarczalne, powinny si\u0119 wzajemnie wspiera\u0107, a solidarno\u015b\u0107 oznacza przekonanie, i\u017c rzeczywisty interes ka\u017cdego cz\u0142owieka polega na uznaniu i przyj\u0119ciu w praktyce wsp\u00f3\u0142zale\u017cno\u015bci wszystkich ludzi. Dla niego zjednoczona Europa zapowiada\u0142a powszechn\u0105 solidarno\u015b\u0107 ca\u0142ego \u015bwiata bez rozr\u00f3\u017cnienia lub wykluczenia. Z tego powodu Deklaracja Schumana m\u00f3wi o szczeg\u00f3lnej odpowiedzialno\u015bci Europy za rozw\u00f3j Afryki. W tym samym duchu apelujemy teraz o wi\u0119cej pomocy humanitarnej i wsp\u00f3\u0142pracy rozwojowej oraz by wydatki na zbrojenia przekierowa\u0107 na s\u0142u\u017cb\u0119 zdrowia i opiek\u0119 spo\u0142eczn\u0105\u201d \u2013 czytamy w or\u0119dziu.<\/p>\r\n<p><strong>Wed\u0142ug biskup\u00f3w europejska solidarno\u015b\u0107 \u201epowinna pilnie obj\u0105\u0107 uchod\u017ac\u00f3w, kt\u00f3rzy \u017cyj\u0105 w nieludzkich warunkach w obozach zagro\u017conych wirusem. Solidarno\u015b\u0107 z uchod\u017acami oznacza nie tylko finansowanie, ale r\u00f3wnie\u017c otwarcie granic Unii Europejskiej proporcjonalnie przez ka\u017cde pa\u0144stwo cz\u0142onkowskie\u201d.<\/strong><\/p>\r\n<p>\u201ePakt o migracji i azylu przedstawiony przez Komisj\u0119 Europejsk\u0105 mo\u017ce by\u0107 postrzegany jako krok w kierunku utworzenia wsp\u00f3lnej i sprawiedliwej europejskiej polityki migracyjnej i azylowej, kt\u00f3ra musi by\u0107 poddana dok\u0142adnej ocenie. Ko\u015bci\u00f3\u0142 wyrazi\u0142 ju\u017c swoj\u0105 opini\u0119 na temat przyjmowania, rozr\u00f3\u017cniaj\u0105c pomi\u0119dzy r\u00f3\u017cnymi rodzajami migracji (zar\u00f3wno legalnej i nielegalnej), pomi\u0119dzy tymi, kt\u00f3rzy uciekaj\u0105 przed wojn\u0105 i prze\u015bladowaniem a tymi, kt\u00f3rzy emigruj\u0105 z powod\u00f3w ekonomicznych lub \u015brodowiskowych, a potrzeb\u0105 uwzgl\u0119dnienia spraw bezpiecze\u0144stwa. S\u0105dzimy jednak, \u017ce s\u0105 okre\u015blone zasady, warto\u015bci i mi\u0119dzynarodowe zobowi\u0105zania prawne, kt\u00f3re zawsze musz\u0105 by\u0107 przestrzegane, bez wzgl\u0119du na sytuacj\u0119 w jakiej znajduj\u0105 si\u0119 osoby, kt\u00f3rych to dotyczy; zasady dzia\u0142ania i warto\u015bci b\u0119d\u0105ce podstaw\u0105 to\u017csamo\u015bci europejskiej, kt\u00f3re bior\u0105 sw\u00f3j pocz\u0105tek z chrze\u015bcija\u0144stwa. R\u00f3wnie\u017c zalecamy u\u0142atwienie bezpiecznych i legalnych dr\u00f3g dla migrant\u00f3w oraz korytarzy humanitarnych dla uchod\u017ac\u00f3w, dzi\u0119ki kt\u00f3rym mog\u0105 oni bezpiecznie dotrze\u0107 do Europy i by\u0107 mile widzianymi, chronionymi, wspieranymi i zintegrowanymi. W tym sensie zasadna jest wsp\u00f3\u0142praca z organizacjami ko\u015bcielnymi i prywatnymi stowarzyszeniami ju\u017c dzia\u0142aj\u0105cymi w tej dziedzinie. Europa nie mo\u017ce i nie powinna odwr\u00f3ci\u0107 si\u0119 plecami od os\u00f3b przybywaj\u0105cych z rejon\u00f3w ogarni\u0119tych wojn\u0105 lub z miejsc, gdzie s\u0105 dyskryminowani i nie mog\u0105 prowadzi\u0107 godnego \u017cycia\u201d \u2013 napisano w or\u0119dziu.<\/p>\r\n<p>W dokumencie wspomniano, \u017ce kluczowym elementem dla Ko\u015bcio\u0142a w wielu pa\u0144stwach cz\u0142onkowskich podczas pandemii \u201ejest poszanowanie wolno\u015bci wyznania wiernych, w szczeg\u00f3lno\u015bci wolno\u015bci gromadzenia si\u0119 w celu egzekwowania prawa do wolno\u015bci kultu przy pe\u0142nym poszanowaniu wymog\u00f3w sanitarnych. Jest to jeszcze bardziej oczywiste, je\u017celi zdamy sobie spraw\u0119 z tego, \u017ce dzie\u0142a charytatywne rodz\u0105 si\u0119 i s\u0105 zakorzenione w \u017cywej wierze\u201d.<\/p>\r\n<p>Biskupi zadeklarowali \u201edobr\u0105 wol\u0119 utrzymania dialogu pomi\u0119dzy pa\u0144stwami a w\u0142adzami ko\u015bcielnymi w celu znalezienia najlepszego sposobu pogodzenia szacunku dla koniecznych \u015brodk\u00f3w i wolno\u015bci wyznania i kultu\u201d<\/p>\r\n<p>\u201eCz\u0119sto s\u0142yszymy, \u017ce \u015bwiat b\u0119dzie inny po tym kryzysie. To, czy b\u0119dzie lepszy czy gorszy, czy wyjdziemy z tego kryzysu silniejsi w poczuciu solidarno\u015bci czy te\u017c nie, zale\u017cy od nas\u201d \u2013 napisali przewodnicz\u0105cy episkopat\u00f3w Unii Europejskiej, w tym abp Stanis\u0142aw G\u0105decki.<\/p>\r\n<p>Zauwa\u017cyli, \u017ce w swoim wielkanocnym or\u0119dziu \u201eUrbi et Orbi\u201d papie\u017c Franciszek m\u00f3wi\u0142 o Europie, w szczeg\u00f3lno\u015bci pami\u0119taj\u0105c, \u017ce \u201epo drugiej wojnie \u015bwiatowej ten kontynent m\u00f3g\u0142 si\u0119 ponownie odrodzi\u0107 dzi\u0119ki konkretnemu duchowi solidarno\u015bci, kt\u00f3ry umo\u017cliwi\u0142 mu przezwyci\u0119\u017cenie rywalizacji z przesz\u0142o\u015bci. Tym pilniejsze jest, zw\u0142aszcza w dzisiejszych okoliczno\u015bciach, aby nie o\u017cywia\u0107 tej rywalizacji, ale aby wszyscy uznali si\u0119 za cz\u0119\u015b\u0107 jednej rodziny i wzajemnie si\u0119 wspierali. Dzi\u015b Unia Europejska stoi przed epokowym wyzwaniem, od kt\u00f3rego zale\u017ce\u0107 b\u0119dzie nie tylko jej przysz\u0142o\u015b\u0107, ale tak\u017ce przysz\u0142o\u015b\u0107 ca\u0142ego \u015bwiata\u201d.<\/p>\r\n<p>\u201ePragniemy zapewni\u0107 wszystkich, kt\u00f3rzy kieruj\u0105 instytucjami europejskimi i pa\u0144stwami cz\u0142onkowskimi i pracuj\u0105 w nich, \u017ce Ko\u015bci\u00f3\u0142 jest po Waszej stronie w naszych wsp\u00f3lnych wysi\u0142kach na rzecz budowy lepszej przysz\u0142o\u015bci dla naszego kontynentu i \u015bwiata. B\u0119dziemy wspiera\u0107 wszystkie inicjatywy, kt\u00f3re propaguj\u0105 autentyczne warto\u015bci Europy. Mamy nadziej\u0119, \u017ce z tego kryzysu wszyscy wyjdziemy silniejsi, m\u0105drzejsi, bardziej zjednoczeni, bardziej solidarni, bardziej dbaj\u0105cy o nasz wsp\u00f3lny dom, b\u0119d\u0105c kontynentem pchaj\u0105cym ca\u0142y \u015bwiat naprz\u00f3d do wi\u0119kszego braterstwa, sprawiedliwo\u015bci, pokoju i r\u00f3wno\u015bci. Modlimy si\u0119 za wszystkich i z ca\u0142ego serca Wam b\u0142ogos\u0142awimy. Niech Pan nam towarzyszy w naszej pielgrzymce do lepszego \u015bwiata!\u201d \u2013 zako\u0144czono or\u0119dzie.<\/p>\r\n<ul>\r\n\t<li>CZYTAJ TAK\u017bE: <a href=\"https:\/\/kresy.pl\/wydarzenia\/francja-katolicy-przychodza-modlic-sie-pod-zamknietymi-przez-wladze-kosciolami-video\/\" target=\"_blank\" rel=\"noopener noreferrer\">Francja: katolicy przychodz\u0105 modli\u0107 si\u0119 pod zamkni\u0119tymi przez w\u0142adz\u0119 ko\u015bcio\u0142ami [+WIDEO]<\/a><\/li>\r\n\t<li>CZYTAJ TAK\u017bE: <a href=\"https:\/\/kresy.pl\/wydarzenia\/ojciec-swiety-udzielil-blogoslawienstwa-urbi-et-orbi-na-pustym-placu-sw-piotra-pelny-tekst-papieskich-rozwazan\/\" target=\"_blank\" rel=\"noopener noreferrer\">Ojciec \u015awi\u0119ty udzieli\u0142 b\u0142ogos\u0142awie\u0144stwa Urbi et Orbi na pustym placu \u015bw. Piotra. Pe\u0142en tekst papieskich rozwa\u017ca\u0144<\/a><\/li>\r\n<\/ul>\r\n<p>Kresy.pl \/ <a href=\"https:\/\/przemyska.pl\/do-pobrania\/\" target=\"_blank\" rel=\"noopener noreferrer\">przemyska.pl<\/a><\/p>\r\n<p class=\"zrodlo\">Za: <a href=\"https:\/\/kresy.pl\/wydarzenia\/przeslanie-europejskich-biskupow-do-ue-kazde-panstwo-czlonkowskie-powinno-proporcjonalnie-otworzyc-granice\/\">Kresy.pl (21 listopada 2020)<\/a><\/p>\r\n<h4>&nbsp;<\/h4>\r\n<hr style=\"background-color: #000000; border-width: 0; color: #000000; height: 2px; line-height: 0; text-align: center; width: 100%;\">\r\n<h4>&nbsp;<\/h4>\r\n<blockquote>\r\n<p><strong>KOMENTARZ <em>BIBU\u0141Y<\/em><\/strong>: Powiemy kr\u00f3tko i dosadnie: prawdziwym wirusem, kt\u00f3ry ogarn\u0105\u0142 Ko\u015bci\u00f3\u0142 katolicki jest posoborowa hierarchia wydaj\u0105ca takie o\u015bwiadczenia. A jak to z prawdziwymi wirusami &#8211; trzeba ich unika\u0107.<\/p>\r\n<\/blockquote>\r\n<h4>&nbsp;<\/h4>\r\n<hr style=\"background-color: #000000; border-width: 0; color: #000000; height: 2px; line-height: 0; text-align: center; width: 100%;\">\r\n<h4>&nbsp;<\/h4>","protected":false},"excerpt":{"rendered":"Solidarno\u015b\u0107 europejska powinna pilnie obj\u0105\u0107 uchod\u017ac\u00f3w, kt\u00f3rzy \u017cyj\u0105 w nieludzkich warunkach w obozach zagro\u017conych wirusem. Solidarno\u015b\u0107 z uchod\u017acami oznacza nie tylko finansowanie, ale r\u00f3wnie\u017c otwarcie granic Unii Europejskiej proporcjonalnie przez ka\u017cde pa\u0144stwo cz\u0142onkowskie \u2013 przekazali europejscy biskupi w Or\u0119dziu Przewodnicz\u0105cych Episkopat\u00f3w Unii Europejskiej do Instytucji Europejskich i Pa\u0144stw Cz\u0142onkowskich. \u201eKo\u015bci\u00f3\u0142 katolicki w Unii Europejskiej, reprezentowany [&hellip;]","protected":false},"author":1,"featured_media":0,"comment_status":"closed","ping_status":"closed","sticky":false,"template":"","format":"standard","meta":{"_acf_changed":false,"_monsterinsights_skip_tracking":false,"_monsterinsights_sitenote_active":false,"_monsterinsights_sitenote_note":"","_monsterinsights_sitenote_category":0,"ngg_post_thumbnail":0,"footnotes":"","_wp_rev_ctl_limit":""},"categories":[451,3],"tags":[433,23,76,20,33],"acf":[],"_links":{"self":[{"href":"https:\/\/www.bibula.com\/index.php?rest_route=\/wp\/v2\/posts\/120612"}],"collection":[{"href":"https:\/\/www.bibula.com\/index.php?rest_route=\/wp\/v2\/posts"}],"about":[{"href":"https:\/\/www.bibula.com\/index.php?rest_route=\/wp\/v2\/types\/post"}],"author":[{"embeddable":true,"href":"https:\/\/www.bibula.com\/index.php?rest_route=\/wp\/v2\/users\/1"}],"replies":[{"embeddable":true,"href":"https:\/\/www.bibula.com\/index.php?rest_route=%2Fwp%2Fv2%2Fcomments&post=120612"}],"version-history":[{"count":4,"href":"https:\/\/www.bibula.com\/index.php?rest_route=\/wp\/v2\/posts\/120612\/revisions"}],"predecessor-version":[{"id":120620,"href":"https:\/\/www.bibula.com\/index.php?rest_route=\/wp\/v2\/posts\/120612\/revisions\/120620"}],"wp:attachment":[{"href":"https:\/\/www.bibula.com\/index.php?rest_route=%2Fwp%2Fv2%2Fmedia&parent=120612"}],"wp:term":[{"taxonomy":"category","embeddable":true,"href":"https:\/\/www.bibula.com\/index.php?rest_route=%2Fwp%2Fv2%2Fcategories&post=120612"},{"taxonomy":"post_tag","embeddable":true,"href":"https:\/\/www.bibula.com\/index.php?rest_route=%2Fwp%2Fv2%2Ftags&post=120612"}],"curies":[{"name":"wp","href":"https:\/\/api.w.org\/{rel}","templated":true}]}}