{"id":120515,"date":"2020-11-18T13:09:46","date_gmt":"2020-11-18T18:09:46","guid":{"rendered":"https:\/\/www.bibula.com\/?p=120515"},"modified":"2020-11-18T13:09:46","modified_gmt":"2020-11-18T18:09:46","slug":"czeka-nas-wielki-reset-kapitalizmu-premier-kanady-i-zalozyciel-swiatowego-forum-ekonomicznego-potwierdzaja","status":"publish","type":"post","link":"https:\/\/www.bibula.com\/?p=120515","title":{"rendered":"Czeka nas \u201eWielki Reset\u201d kapitalizmu. Premier Kanady i za\u0142o\u017cyciel \u015awiatowego Forum Ekonomicznego potwierdzaj\u0105"},"content":{"rendered":"<p><strong>Do tej pory \u201eWielki Reset\u201d wiele os\u00f3b uwa\u017ca\u0142o za szalon\u0105 teori\u0119 spiskow\u0105. Teraz jednak globali\u015bci ju\u017c oficjalnie potwierdzaj\u0105, \u017ce b\u0119dzie to przedmiotem Agendy \u015awiatowego Forum Ekonomicznego w 2021 roku, a \u201epandemia to pretekst\u201d do jego wprowadzenia.<\/strong><\/p>\r\n<p>\u201eWielki reset\u201d od\u0142o\u017cony o kilka miesi\u0119cy. Nie w styczniu, a w maju, najwa\u017cniejsi \u015bwiatowi politycy, ich doradcy, a tak\u017ce znane osobisto\u015bci ze \u015bwiata korporacji spotkaj\u0105 si\u0119 by rozprawia\u0107 o resecie \u015bwiatowego kapitalizmu.<\/p>\r\n<h4>\u201eWielki reset\u201d kapitalizmu<\/h4>\r\n<p>Potrzebujemy \u201eWielkiego Resetu\u201d kapitalizmu \u2013 czytamy na oficjalnej stronie \u015awiatowego Forum Ekonomicznego. Kapitalizm, kt\u00f3ry obecnie rzekomo panuje na ca\u0142ym \u015bwiecie, wskazywany jest jako g\u0142\u00f3wne \u017ar\u00f3d\u0142o z\u0142a. To wolny rynek mia\u0142 zawie\u015b\u0107, potrzebujemy wi\u0119c wi\u0119kszej ingerencji pa\u0144stwa w gospodark\u0119.<\/p>\r\n<p>\u2013<em> Od 2008 roku na \u015bwiecie ci\u0105gle ratuje si\u0119 nierentowne, du\u017ce przedsi\u0119biorstwa. Ma\u0142ym oczywi\u015bcie pozwala si\u0119 upada\u0107. Komplikacja prawa tak\u017ce dzia\u0142a na niekorzy\u015b\u0107 tych najmniejszych, bo ogranicza mo\u017cliwo\u015b\u0107 ich rozwoju. Poszczeg\u00f3lne pa\u0144stwa maj\u0105 coraz wi\u0119kszy udzia\u0142 w gospodarkach. O jakim wi\u0119c kapitalizmie mowa?<\/em> \u2013 pyta Indepednent Trader.<\/p>\r\n<p>Warto w tym kontek\u015bcie przypomnie\u0107 r\u00f3wnie\u017c s\u0142owa Konrada Berkowicza z partii KORWiN. Pose\u0142 Konfederacji powiedzia\u0142, \u017ce \u201ew normalnych warunkach te wszystkie wielkie korporacje by\u0142yby zagro\u017cone przez rodzimych przedsi\u0119biorc\u00f3w (\u2026) Teraz nie licz\u0105 si\u0119 z prawdziw\u0105 konkurencj\u0105, tylko wycinaj\u0105 konkurencj\u0119 lobbowaniem praw\u201d.<\/p>\r\n<p>\u2013 <em>To, co mamy teraz to nie jest kapitalizm, to nie jest rynek kapita\u0142owy, to jest parakapitalizm, korporacjonizm. Polega to na tym, \u017ce firmy, kt\u00f3re niby s\u0105 prywatne, np. wielkie korporacje, to s\u0105 nowoczesne, komunistyczne zak\u0142ady pracy, kt\u00f3re wygrywaj\u0105 dlatego, \u017ce lobbuj\u0105 sobie odpowiednie rozwi\u0105zania w\u015br\u00f3d polityk\u00f3w<\/em> \u2013 m\u00f3wi\u0142.<\/p>\r\n<h4>Agenda 2030 i \u201eWielki Reset\u201d<\/h4>\r\n<p>Reset b\u0119dzie wymaga\u0142 wi\u0119kszego rz\u0105du \u2013 czytamy dalej. Rz\u0105dy, kt\u00f3re ju\u017c dzi\u015b s\u0105 rozro\u015bni\u0119te i zajmuj\u0105 si\u0119 ca\u0142\u0105 mas\u0105 niepotrzebnych rzeczy, przez co s\u0105 niewydolne, maj\u0105 by\u0107 jeszcze wi\u0119ksze. To oczywi\u015bcie doprowadzi do jeszcze wi\u0119kszej nieefektywno\u015bci, jak wsz\u0119dzie tam, gdzie pa\u0144stwo si\u0119 rozrasta\u0142o.<\/p>\r\n<p>Has\u0142a \u201eWielkiego Resetu\u201d odnosz\u0105 si\u0119 do trzech g\u0142\u00f3wnych obszar\u00f3w. Po pierwsze ustanowione maj\u0105 by\u0107 wy\u017csze podatki dla najbogatszych po pretekstem \u201eekonomii wsp\u00f3\u0142dzielenia\u201d i du\u017co bardziej rozbudowany system redystrybucji pa\u0144stwowej.<\/p>\r\n<p>Walka z kapitalizmem jako wszelkiego z\u0142a to w\u0142a\u015bciwie motto tego \u201eWielkiego Resetu\u201d. Z\u0142y kapitalizm, kt\u00f3rego jak ju\u017c pokazali\u015bmy nie ma, ma odpowiada\u0107 za nier\u00f3wno\u015bci spo\u0142eczne, mniemane zmiany klimatu czy skrajn\u0105 bied\u0119.<\/p>\r\n<p>Co to oznacza? \u2013 <em>Wi\u0119cej ingerencji pa\u0144stwa, wy\u017csze podatki, mniej wolno\u015bci, wi\u0119cej korupcji, wi\u0119cej niegospodarno\u015bci i wi\u0119ksza inwigilacja obywateli<\/em> \u2013 wylicza Independent Trader. \u2013 <em>Je\u015bli mieliby\u015bmy ca\u0142y ten be\u0142kot przet\u0142umaczy\u0107 na polski, to po prostu idziemy globalnie w stron\u0119 socjalizmu, o ile nie komunizmu.<\/em><\/p>\r\n<p>Po drugie zr\u00f3wnowa\u017cny rozw\u00f3j, oczywi\u015bcie wprowadzany z u\u017cyciem pa\u0144stwa, za pomoc\u0105 jakiego\u015b centralnego planisty. Po trzecie zdrowie, czyli przede wszystkim nacisk na szczepienia, jak si\u0119 mo\u017cemy domy\u015bla\u0107 w roku 2021 modna b\u0119dzie ta na koronawirusa.<\/p>\r\n<p>Cele Wielkiego Resetu pokrywaj\u0105 si\u0119 z Agend\u0105 2030, czyli porozumieniem 193 kraj\u00f3w z ca\u0142ego \u015bwiata zatwierdzonym w 2015 roku. Tam r\u00f3wnie\u017c w\u015br\u00f3d priorytet\u00f3w znajdziemy wiele o walce z nier\u00f3wno\u015bciami, o walce ze zmianami klimatu i o zwalczaniu nier\u00f3wno\u015bci.<\/p>\r\n<h4>Globali\u015bci potwierdzaj\u0105 \u201eWielki Reset\u201d<\/h4>\r\n<p>Tymczasem \u201eWielki Reset\u201d zosta\u0142 potwierdzony przez globalist\u00f3w, takich jak premier Kanady Justin Trudeau oraz za\u0142o\u017cyciel \u015awiatowego Forum Ekonomicznego Klaus Schwab. \u2013 <em>Pandemia koronawirusa prezentuje rzadkie okno mo\u017cliwo\u015bci do przemy\u015blenia i stworzenia na nowo, do resetu naszego \u015bwiata<\/em> \u2013 m\u00f3wi\u0142 ju\u017c jaki\u015b czas temu Schwab.<\/p>\r\n<p>Teraz doda\u0142 do tego, \u017ce: <em>Czwarta rewolucja przemys\u0142owa doprowadzi do po\u0142\u0105czenia naszej fizycznej, cyfrowej i biologicznej to\u017csamo\u015bci<\/em>. Odes\u0142a\u0142 przy tym do swej popularnej ksi\u0105\u017cki, \u201eShaping the Future of The Fourth Industrial Revolution\u201d, w kt\u00f3rej opisuje w jaki spos\u00f3b nowoczesne technologie pozwol\u0105 w\u0142adzy \u201ewtargn\u0105\u0107 do dotychczas prywatnej przestrzeni naszych umys\u0142\u00f3w, czyta\u0107 nasze my\u015bli i wp\u0142ywa\u0107 na nasze zachowanie\u201d.<\/p>\r\n<blockquote class=\"twitter-tweet\">\r\n<p dir=\"ltr\" lang=\"en\">KLAUS SCHWAB: &#8222;The Fourth Industrial Revolution will lead to a fusion of our physical, digital and biological identity&#8221; <a href=\"https:\/\/twitter.com\/hashtag\/TheGreatReset?src=hash&amp;ref_src=twsrc%5Etfw\">#TheGreatReset<\/a> <a href=\"https:\/\/twitter.com\/hashtag\/4IR?src=hash&amp;ref_src=twsrc%5Etfw\">#4IR<\/a> <a href=\"https:\/\/t.co\/1ZjrP7F8RQ\">pic.twitter.com\/1ZjrP7F8RQ<\/a><\/p>\r\n\r\n\u2014 Robin Monotti Graziadei (@robinmonotti) <a href=\"https:\/\/twitter.com\/robinmonotti\/status\/1325552744623640576?ref_src=twsrc%5Etfw\">November 8, 2020<\/a><\/blockquote>\r\n<p><script async=\"\" src=\"https:\/\/platform.twitter.com\/widgets.js\" charset=\"utf-8\"><\/script><\/p>\r\n<p>Z kolei premier Kanady wypali\u0142 ostatnio wprost: \u2013 <em>Pandemia przynios\u0142a nam okazj\u0119 do wielkiego resetu. To nasza szansa, by przyspieszy\u0107 przemiany systemu ekonomicznego, kt\u00f3ry powoduje globalne problemy, jak skrajna bieda, nier\u00f3wno\u015b\u0107 i zmiany klimatu<\/em>.<\/p>\r\n<blockquote class=\"twitter-tweet\">\r\n<p dir=\"ltr\" lang=\"en\">I thought this was supposed to be a conspiracy theory. But here it is, straight from Trudeau\u2019s mouth. The pandemic is the excuse for a \u201cGreat Reset\u201d of the world, led by the UN. <a href=\"https:\/\/t.co\/ybugYfjhAq\">pic.twitter.com\/ybugYfjhAq<\/a><\/p>\r\n\r\n\u2014 Ezra Levant ? (@ezralevant) <a href=\"https:\/\/twitter.com\/ezralevant\/status\/1328020783596269568?ref_src=twsrc%5Etfw\">November 15, 2020<\/a><\/blockquote>\r\n<p><script async=\"\" src=\"https:\/\/platform.twitter.com\/widgets.js\" charset=\"utf-8\"><\/script><\/p>\r\n<p>&nbsp;<\/p>","protected":false},"excerpt":{"rendered":"Do tej pory \u201eWielki Reset\u201d wiele os\u00f3b uwa\u017ca\u0142o za szalon\u0105 teori\u0119 spiskow\u0105. Teraz jednak globali\u015bci ju\u017c oficjalnie potwierdzaj\u0105, \u017ce b\u0119dzie to przedmiotem Agendy \u015awiatowego Forum Ekonomicznego w 2021 roku, a \u201epandemia to pretekst\u201d do jego wprowadzenia. \u201eWielki reset\u201d od\u0142o\u017cony o kilka miesi\u0119cy. Nie w styczniu, a w maju, najwa\u017cniejsi \u015bwiatowi politycy, ich doradcy, a tak\u017ce [&hellip;]","protected":false},"author":1,"featured_media":0,"comment_status":"closed","ping_status":"closed","sticky":false,"template":"","format":"standard","meta":{"_acf_changed":false,"_monsterinsights_skip_tracking":false,"_monsterinsights_sitenote_active":false,"_monsterinsights_sitenote_note":"","_monsterinsights_sitenote_category":0,"ngg_post_thumbnail":0,"footnotes":"","_wp_rev_ctl_limit":""},"categories":[6],"tags":[66,351],"acf":[],"_links":{"self":[{"href":"https:\/\/www.bibula.com\/index.php?rest_route=\/wp\/v2\/posts\/120515"}],"collection":[{"href":"https:\/\/www.bibula.com\/index.php?rest_route=\/wp\/v2\/posts"}],"about":[{"href":"https:\/\/www.bibula.com\/index.php?rest_route=\/wp\/v2\/types\/post"}],"author":[{"embeddable":true,"href":"https:\/\/www.bibula.com\/index.php?rest_route=\/wp\/v2\/users\/1"}],"replies":[{"embeddable":true,"href":"https:\/\/www.bibula.com\/index.php?rest_route=%2Fwp%2Fv2%2Fcomments&post=120515"}],"version-history":[{"count":1,"href":"https:\/\/www.bibula.com\/index.php?rest_route=\/wp\/v2\/posts\/120515\/revisions"}],"predecessor-version":[{"id":120516,"href":"https:\/\/www.bibula.com\/index.php?rest_route=\/wp\/v2\/posts\/120515\/revisions\/120516"}],"wp:attachment":[{"href":"https:\/\/www.bibula.com\/index.php?rest_route=%2Fwp%2Fv2%2Fmedia&parent=120515"}],"wp:term":[{"taxonomy":"category","embeddable":true,"href":"https:\/\/www.bibula.com\/index.php?rest_route=%2Fwp%2Fv2%2Fcategories&post=120515"},{"taxonomy":"post_tag","embeddable":true,"href":"https:\/\/www.bibula.com\/index.php?rest_route=%2Fwp%2Fv2%2Ftags&post=120515"}],"curies":[{"name":"wp","href":"https:\/\/api.w.org\/{rel}","templated":true}]}}