{"id":120440,"date":"2020-11-13T20:59:58","date_gmt":"2020-11-14T01:59:58","guid":{"rendered":"https:\/\/www.bibula.com\/?p=120440"},"modified":"2020-11-13T20:59:58","modified_gmt":"2020-11-14T01:59:58","slug":"zadania-ukraincow-w-polsce-antoni-jakobczyk","status":"publish","type":"post","link":"https:\/\/www.bibula.com\/?p=120440","title":{"rendered":"\u017b\u0105dania Ukrai\u0144c\u00f3w w Polsce &#8211; <em>Antoni Jak\u00f3bczyk<\/em>"},"content":{"rendered":"<p><b><span class=\"css-901oao css-16my406 r-1qd0xha r-ad9z0x r-bcqeeo r-qvutc0\">Jaros\u0142aw Staruch, przewodnicz\u0105cy OUN tzw. ,,Kraju Zakierzo\u0144skiego&#8221;,<\/span><span class=\"css-901oao css-16my406 r-1qd0xha r-ad9z0x r-bcqeeo r-qvutc0\"> nakaza\u0142 osiedla\u0107 si\u0119 w centralnych o\u015brodkach \u017cycia politycznego i gospodarczego, zalegalizowa\u0107, wej\u015b\u0107 w \u015brodowisko tak, a\u017ceby niczym nie zwraca\u0107 na siebie uwagi, prowadzi\u0107 skryty wywiad i nie zapomina\u0107 o obowi\u0105zku pracy dla sprawy wyzwole\u0144czej swojego narodu.<\/span><\/b><\/p>\r\n<p><img fetchpriority=\"high\" decoding=\"async\" class=\"aligncenter\" src=\"https:\/\/1.bp.blogspot.com\/-tgrHq8lKJHk\/X64vYL56shI\/AAAAAAAABC0\/Gfaj1-Wrwl88FL4Lzd-V_7TaLroiPR_wACLcBGAsYHQ\/w640-h400\/staruch-odezwa.jpg\" width=\"600\" height=\"375\"><\/p>\r\n<h4><b>List do redaktora Piotra Szlachtowicza z telewizji w realu24.pl<\/b><\/h4>\r\n<p>&nbsp;<\/p>\r\n<div id=\"gwpe8bdd9f2_gwp8c3354ec\">\r\n<div id=\"gwpe8bdd9f2_gwp8c3354ech\">\r\n<div class=\"gwpe8bdd9f2_gwp8c3354ecb\">Witam Panie Redaktorze!<br>\r\n<br>\r\nData tego maila nie jest przypadkowa, lecz w\u0142a\u015bnie w dniu Swi\u0119ta Niepodleg\u0142o\u015bci, kt\u00f3rego m\u00f3j \u015aP dziadek nie doczeka\u0142 (by\u0107 mo\u017ce lepiej, \u017ce nie doczeka\u0142 takiej Polski jaka teraz jest),<b> o kt\u00f3r\u0105 przelewa\u0142 krew przez 4 lata &#8211; min. w 1920 roku, broni\u0142 przed bolszewick\u0105 zaraz\u0105 Niepodleg\u0142ej Polski w tzw. Bitwie Warszawskiej.<\/b><\/div>\r\n<div class=\"gwpe8bdd9f2_gwp8c3354ecb\">&nbsp;<\/div>\r\n<div class=\"gwpe8bdd9f2_gwp8c3354ecb\">W wywiadzie <b>z Pani\u0105 dr Lucyn\u0105 Kuli\u0144sk\u0105<\/b> wpomnia\u0142 Pan w rozmowie, \u017ce jest Pan zdziwiony, i\u017c Ukrai\u0144cy domagaj\u0105 odszkodowa\u0144 od Polski &#8211; czyli od nas Polak\u00f3w. (za\u0142aczniki: roszczenia i Zjazd).<\/div>\r\n<div>\r\n<div class=\"gwpe8bdd9f2_gwp8c3354ecb\"><b>Roszczenia ukrai\u0144c\u00f3w, zsynchronizowane s\u0105 z rosczeniami niemc\u00f3w. Czy to nikomu nic nie m\u00f3wi ?<\/b><br>\r\n<br>\r\nJe\u017celi redakcja ma \u017cyczenie skontaktowa\u0107 si\u0119 ze mn\u0105 w tym temacie (Pani dr Lucyna Kuli\u0144ska ma do mnie kontakt telefoniczny &#8211; <b>jedna z stacji ,,niepodleg\u0142o\u015bciowych&#8221; te\u017c, ale pewnie si\u0119 nie odezwie, cho\u0107 pr\u00f3bowa\u0142em od kilku miesi\u0119cy<\/b>) &#8211; mog\u0119 poda\u0107 sw\u00f3j numer telefonu ale domniemywam, \u017ce kolejna wolno\u015bciowa telewizja jescze raz mnie zignoruje.<br>\r\n<br>\r\n<b>To m.in. tacy ludzie jak Pani dr Lucyna Kuli\u0144skia oraz Pan Jacek Boki z Elbl\u0105ga (wielki szacunek dla nich z mojej strony) walcz\u0105 w odosobnieniu.<br>\r\n<\/b><br>\r\n<b>A od czasu nawi\u0105zania z nimi kontaktu- staram si\u0119 dzieli\u0107 informacjami i wzmiankami z terenu dzia\u0142ania Mirona Sycza (za\u0142acznik Zjazd).<\/b><br>\r\n<br>\r\n<b>To w\u0142a\u015bnie dzi\u0119ki nim szcz\u0105tkowe informacje z terenu Bartoszyc zacz\u0119\u0142y &#8222;i\u015b\u0107 w Swiat&#8221;. Pan Jacek od lat na swoim podw\u00f3rku kopie si\u0119 te\u017c osamotniony z t\u0105 banderowszczyzn\u0105 &#8211; <u>mo\u017cna powiedzie\u0107 ju\u017c bez przesady, \u017ce tu Polski dawno ju\u017c nie ma.<br>\r\n<\/u><\/b><br>\r\nW szczeg\u00f3\u0142ach nie b\u0119d\u0119 tego teraz dla Pana Redaktora opisywa\u0142 oraz mechanizm\u00f3w i sposob\u00f3w ich dzia\u0142ania na prowincji.<br>\r\n<br>\r\n<b>Ludzi, kt\u00f3rzy tematu pilnuj\u0105, ale nie maj\u0105 wykszta\u0142cenia wy\u017cszego traktuje si\u0119 jak dyletant\u00f3w. <\/b><br>\r\n<br>\r\n<b>Pierwsze na terenie Bartoszyc odszkodowania pomaga uzyskiwa\u0107 Proboszcz Parafii grekokatolickiej ju\u017c od 2001 roku,(pochwali\u0142 si\u0119 tym polskoj\u0119zycznej gazecie Goniec Bartoszycki), czas w kt\u00f3rym si\u0119 odby\u0142 IV zjazd ZU w Polsce. Dzienniki regionalne z po\u0142udniowo wschodniej Polski od lat nios\u0105 zatrwa\u017caj\u0105ce informacje na temat poczyna\u0144 ukrai\u0144c\u00f3w w Polsce.<br>\r\n<\/b><br>\r\nTo dla Pana b\u0119dzie wygl\u0105da\u0107 jak science fiction. I tu jest brak realizmu w Warszawie, na to co dzieje si\u0119 naprawd\u0119 na terenie Rzeczypospolitej Polskiej od dekad w tym temacie &#8211; zw\u0142aszcza i szczeg\u00f3lnie na Warmii i Mazurach.<br>\r\n<br>\r\n\u0179r\u00f3d\u0142a \u00f3wczesnego Urz\u0119du Spraw Wewn\u0119trznych w Olsztynie <b>(opublikowane w 2014r. Zeszyty Warmi\u0144sko-Mazurskie)<\/b> podaj\u0105 wzmianki dotycz\u0105ce tematu odszkodowa\u0144, a tak\u017ce rozkwitaj\u0105cego banderyzmu na tym terenie, datowane s\u0105 od czasu powstania w 1956r. USTK oraz ponownie na czas tzw. okr\u0105g\u0142ego sto\u0142u &#8211; do 1989 r. pr\u00f3bowano monitorowa\u0107 te sprawy- ze wzgl\u0119du na wielkie skupiska ukrai\u0144c\u00f3w g\u0142ownie z Akcji Wis\u0142a&#8221;).<br>\r\n<br>\r\nTo tylko drobne wzmianki, wiecej hronologi mog\u0119 Panu i dla TV udost\u0119pni\u0107 do czasu obecnego w\u0142acznie.<br>\r\n<br>\r\n<b>Od Lat dobija\u0142em si\u0119 w tej sprawie do wszystkich, m.in r\u00f3wnie\u017c do ksi\u0119dza Isakowicza- Zalewskiego, od kiedy to gwa\u0142townie na Warmii i Mazurach nabrzmiewa\u0142o &#8211; ale bez odzewu. pocz\u0105wszy od Parlamentarzyst\u00f3w.<\/b><br>\r\n<br>\r\nNiestety Warszawa zapomnia\u0142a, tzw. ,,Wolno\u015bciowe&#8221; stacje te\u017c. Tak jak re\u017cimowe zajmuj\u0105 si\u0119 tylko sprawami og\u00f3lnymi (a z groszy sk\u0142ada si\u0119 z\u0142ot\u00f3wka), \u017ce opr\u00f3cz niej jest prowincjia, a tu od lat si\u0119 to wszystko zaczyna. <br>\r\n<br>\r\nWystarczy poczyta\u0107 czasem tylko tzw. regionalne polskoj\u0119zyczne dzienniki i posk\u0142ada\u0107 wydarzenia hronologicznie, a wtedy nie ma zdziwienia na to co si\u0119 dzieje og\u00f3lnie w Polsce, a nam pozostaje tylko dzika rozpacz i bezsilno\u015b\u0107. <br>\r\n<br>\r\n<br>\r\n<\/div>\r\n<div class=\"gwpe8bdd9f2_gwp8c3354ecb\">\r\n<div>Pozdrawiam <br>\r\n<br>\r\nz wyrazami szacunku dla wszystkich<br>\r\n<br>\r\nAntoni Jak\u00f3bczyk<\/div>\r\n<div>&nbsp;<\/div>\r\n<\/div>\r\n<\/div>\r\n<div><a href=\"https:\/\/1.bp.blogspot.com\/-Z2zptGTIcI8\/X64wmPjTC1I\/AAAAAAAABDA\/I7gsZPh-A3s5nmKIII-CwNC33JB1bZe2wCLcBGAsYHQ\/w474-h640\/Le%25C5%259Bne%2Bsprawy.jpg\"><img decoding=\"async\" class=\"aligncenter\" src=\"https:\/\/1.bp.blogspot.com\/-Z2zptGTIcI8\/X64wmPjTC1I\/AAAAAAAABDA\/I7gsZPh-A3s5nmKIII-CwNC33JB1bZe2wCLcBGAsYHQ\/w474-h640\/Le%25C5%259Bne%2Bsprawy.jpg\" width=\"600\" height=\"810\"><\/a><\/div>\r\n<div><a href=\"https:\/\/1.bp.blogspot.com\/-sktv7EWEuBw\/X64w83oeRgI\/AAAAAAAABDI\/oZg6Mba4LQcZ0u04igKShonPZuypTHK9gCLcBGAsYHQ\/w221-h640\/Zjazd.jpg\"><img decoding=\"async\" class=\"aligncenter\" src=\"https:\/\/1.bp.blogspot.com\/-sktv7EWEuBw\/X64w83oeRgI\/AAAAAAAABDI\/oZg6Mba4LQcZ0u04igKShonPZuypTHK9gCLcBGAsYHQ\/w221-h640\/Zjazd.jpg\" width=\"521\" height=\"1509\"><\/a><\/div>\r\n<div>\r\n<div class=\"gwpe8bdd9f2_gwp8c3354ecb\">\r\n<div>&nbsp;<\/div>\r\n<div>&nbsp;<\/div>\r\n<div>&nbsp;<\/div>\r\n<h4><b>Pos\u0142owie<\/b><\/h4>\r\n<div><b>&nbsp;<\/b><\/div>\r\n<div>List Pana Antoniego do dzi\u015b nie doczeka\u0142 si\u0119 odpowiedzi ze strony Pana redaktora Piotra Szlachtowicza z telewizji w realu24.pl. \u017badna zreszt\u0105 z tzw. internetowych stacji telewizyjnych i pracuj\u0105cy wnich ,,dziennikarze&#8221;, okre\u015blaj\u0105cy szumnie samych siebie arcypolskimi i arcypatriotycznymi, nie s\u0105 w og\u00f3le zainteresowani takimi sprawami, jak sprawa Pana Antoniego Jak\u00f3bczyka z Bartoszyc i Polak\u00f3w zamieszka\u0142ych chocia\u017cby na Warmii i Mazurach, zmagaj\u0105cych si\u0119 tutaj w obronie polsko\u015bci tych ziem z rosn\u0105cym coraz bardziej w si\u0142\u0119 ukrai\u0144skim, banderowskim \u017cywio\u0142em, wyst\u0119puj\u0105cym wsp\u00f3lnie z mniejszo\u015bci\u0105 niemieck\u0105 z coraz wi\u0119kszymi roszczeniami pod adresem Nas Polak\u00f3w i Naszego Pa\u0144stwa. Pomimo niezliczonej ilo\u015bci apeli kierowanych z naszej strony, zar\u00f3wno do w\u0142adz rz\u0105dowych w Warszawie, jak r\u00f3wnie\u017c do wszystkich tych tzw. patriot\u00f3w wszelkiej ma\u015bci i proweniencji, czy to narodowc\u00f3w, konfederat\u00f3w i innych oraz ,,patriotycznych&#8221; telewizji trudz\u0105cych si\u0119 rzekomo w pocie czo\u0142a w ,,walce&#8221; o woln\u0105, niepodleg\u0142\u0105 i suwerenn\u0105 Ojczyzn\u0119, nasze pro\u015bby, cho\u0107by o chwilowe zainteresowanie si\u0119 przez nich wszystkich, tym co tutaj si\u0119 dzieje, pozostaj\u0105 na dzie\u0144 dzisiejszy zbyte ca\u0142kowitym milczeniem i zupe\u0142n\u0105 oboj\u0119tno\u015bci\u0105.<\/div>\r\n<div><b>&nbsp;<\/b><\/div>\r\n<div><b>Jacek Boki<\/b><\/div>\r\n<div><b>&nbsp;<\/b><\/div>\r\n<div>Elbl\u0105g 13 Listopad 2020 r.<\/div>\r\n<\/div>\r\n<\/div>\r\n<\/div>\r\n<\/div>","protected":false},"excerpt":{"rendered":"Jaros\u0142aw Staruch, przewodnicz\u0105cy OUN tzw. ,,Kraju Zakierzo\u0144skiego&#8221;, nakaza\u0142 osiedla\u0107 si\u0119 w centralnych o\u015brodkach \u017cycia politycznego i gospodarczego, zalegalizowa\u0107, wej\u015b\u0107 w \u015brodowisko tak, a\u017ceby niczym nie zwraca\u0107 na siebie uwagi, prowadzi\u0107 skryty wywiad i nie zapomina\u0107 o obowi\u0105zku pracy dla sprawy wyzwole\u0144czej swojego narodu. List do redaktora Piotra Szlachtowicza z telewizji w realu24.pl &nbsp; Witam Panie [&hellip;]","protected":false},"author":1,"featured_media":0,"comment_status":"closed","ping_status":"closed","sticky":false,"template":"","format":"standard","meta":{"_acf_changed":false,"_monsterinsights_skip_tracking":false,"_monsterinsights_sitenote_active":false,"_monsterinsights_sitenote_note":"","_monsterinsights_sitenote_category":0,"ngg_post_thumbnail":0,"footnotes":"","_wp_rev_ctl_limit":""},"categories":[8],"tags":[65,98,167,17],"acf":[],"_links":{"self":[{"href":"https:\/\/www.bibula.com\/index.php?rest_route=\/wp\/v2\/posts\/120440"}],"collection":[{"href":"https:\/\/www.bibula.com\/index.php?rest_route=\/wp\/v2\/posts"}],"about":[{"href":"https:\/\/www.bibula.com\/index.php?rest_route=\/wp\/v2\/types\/post"}],"author":[{"embeddable":true,"href":"https:\/\/www.bibula.com\/index.php?rest_route=\/wp\/v2\/users\/1"}],"replies":[{"embeddable":true,"href":"https:\/\/www.bibula.com\/index.php?rest_route=%2Fwp%2Fv2%2Fcomments&post=120440"}],"version-history":[{"count":2,"href":"https:\/\/www.bibula.com\/index.php?rest_route=\/wp\/v2\/posts\/120440\/revisions"}],"predecessor-version":[{"id":120442,"href":"https:\/\/www.bibula.com\/index.php?rest_route=\/wp\/v2\/posts\/120440\/revisions\/120442"}],"wp:attachment":[{"href":"https:\/\/www.bibula.com\/index.php?rest_route=%2Fwp%2Fv2%2Fmedia&parent=120440"}],"wp:term":[{"taxonomy":"category","embeddable":true,"href":"https:\/\/www.bibula.com\/index.php?rest_route=%2Fwp%2Fv2%2Fcategories&post=120440"},{"taxonomy":"post_tag","embeddable":true,"href":"https:\/\/www.bibula.com\/index.php?rest_route=%2Fwp%2Fv2%2Ftags&post=120440"}],"curies":[{"name":"wp","href":"https:\/\/api.w.org\/{rel}","templated":true}]}}