{"id":120431,"date":"2020-11-13T12:15:04","date_gmt":"2020-11-13T17:15:04","guid":{"rendered":"https:\/\/www.bibula.com\/?p=120431"},"modified":"2020-11-13T12:15:04","modified_gmt":"2020-11-13T17:15:04","slug":"kolejny-purpurat-przekonuje-ze-to-nie-islam-odpowiada-za-terroryzm","status":"publish","type":"post","link":"https:\/\/www.bibula.com\/?p=120431","title":{"rendered":"Kolejny purpurat przekonuje, \u017ce to nie islam odpowiada za terroryzm"},"content":{"rendered":"<p><strong>Ostatnie zamachy terroryst\u00f3w islamskich spotykaj\u0105 si\u0119 z kontrowersyjnymi komentarzami niekt\u00f3rych katolickich duchownych, kt\u00f3rzy wydaj\u0105 si\u0119 wykazywa\u0107 co najmniej daleko posuni\u0119t\u0105 naiwno\u015bci\u0105. Ostatnio w wywiadzie dla agencji informacyjnej \u201eSIR\u201d kard. Jean-Claude Hollerich, przewodnicz\u0105cy Komisji Episkopat\u00f3w Wsp\u00f3lnoty Europejskiej, stwierdzi\u0142, \u017ce obwinianie islamu oraz imigracji o zamordowanie nauczyciela Samuela Paty\u2019ego w Nicei \u201enie odzwierciedla prawdy\u201d.<\/strong><\/p>\r\n<p>Jak stwierdzi\u0142 kard. Hollerich, \u201eprorok Mahomet wstydzi\u0142by si\u0119 ataku w Nicei\u201d i doda\u0142, \u017ce \u201eMahomet by\u0142 krytykowany wiele razy w czasie swojego \u017cycia, ale nigdy nie traktowa\u0142 tej krytyki powa\u017cnie i nigdy nie by\u0142 zdenerwowany\u201d. Hollerich przytacza\u0142 tutaj wypowied\u017a imama z Bordeux.<\/p>\r\n<p>Kardyna\u0142 wyrazi\u0142 opr\u00f3cz tego poparcie dla islamskiego prawa przeciw blu\u017anierstwu: \u201eS\u0105dz\u0119, \u017ce nie mo\u017ce by\u0107 ca\u0142kowitej wolno\u015bci, wolno\u015b\u0107 s\u0142owa musi tak\u017ce bra\u0107 pod uwag\u0119 pogl\u0105dy innych ludzi, ich uczucia, w szczeg\u00f3lno\u015bci wierzenia religijne\u201d.<\/p>\r\n<p>Wed\u0142ug hierarchy ostatnie ataki terrorystyczne maj\u0105 na celu \u201epodzielenie Europy, wzmocnienie ruch\u00f3w skrajnie prawicowych i populistycznych, kt\u00f3re wywo\u0142uj\u0105 podzia\u0142y i alienuj\u0105 Europ\u0119 od jej warto\u015bci za\u0142o\u017cycielskich\u201d. Nienawi\u015b\u0107 ku Europie jest zdaniem kard. Hollericha motywowana tym, \u017ce r\u00f3\u017cne narody potrafi\u0105 \u017cy\u0107 razem, \u201epodzielaj\u0105c te same warto\u015bci\u201d i jednocze\u015bnie d\u0105\u017c\u0105c do \u201ezburzenia tych narodowych mur\u00f3w, kt\u00f3re dzieli\u0142y ludzi\u201d.<\/p>\r\n<p>Tymczasem 14 os\u00f3b, kt\u00f3re aresztowano w zwi\u0105zku z ostatnimi atakami terrorystycznymi w Austrii to islamscy imigranci. W zesz\u0142y pi\u0105tek policja tak\u017ce wesz\u0142a do dw\u00f3ch meczet\u00f3w w Wiedniu, kt\u00f3re zosta\u0142y zamkni\u0119te i z kt\u00f3rymi zwi\u0105zek mia\u0142 d\u017cihadysta Kujtim Fejzulai, odpowiedzialny za zastrzelenie czterech os\u00f3b.<\/p>\r\n<p>Strona internetowa \u201eJihad Watch\u201d podaje szczeg\u00f3\u0142ow\u0105 list\u0119 imigrant\u00f3w islamskich, kt\u00f3rzy dopu\u015bcili si\u0119 akt\u00f3w terrorystycznych. Na przyk\u0142ad wszyscy d\u017cihady\u015bci, kt\u00f3rzy zamordowali w listopadzie 2015 r. w Pary\u017cu 130 os\u00f3b, to uchod\u017acy. Zalaniem Europy uchod\u017acami odgra\u017ca\u0142o si\u0119 te\u017c Pa\u0144stwo Islamskie.<\/p>\r\n<p>Robert Spencer, ekspert w dziedzinie islamu, stwierdza, i\u017c tzw. \u201ehid\u017cra\u201d, czyli migracja, przemieszczanie si\u0119 w celu islamizacji, ma sw\u00f3j pierwowz\u00f3r w podr\u00f3\u017cy Mahometa z Mekki do Medyny. Jednym z miejsc w Europie, gdzie radykalni islami\u015bci znajduj\u0105 \u201eszczeg\u00f3lnie sprzyjaj\u0105ce warunki\u201d okazuje si\u0119 by\u0107 Austria.<\/p>\r\n<p>Wed\u0142ug bada\u0144 Ruuda Koopmansa, profesora socjologii i bada\u0144 nad migracj\u0105 na Uniwersytecie Humboldt\u00f3w, na 1,5 miliarda doros\u0142ych muzu\u0142man\u00f3w a\u017c 50 milion\u00f3w jest gotowa sankcjonowa\u0107 przemoc. Profesor zastrzega si\u0119 jednocze\u015bnie, \u017ce jest \u201ebardzo konserwatywnych w swoich szacunkach\u201d. \u201ePowinni\u015bmy zatem by\u0107 bardzo ostro\u017cni, je\u015bli chodzi o pozwalanie ka\u017cdemu na przyjazd do Europy. Dotyczy to w szczeg\u00f3lno\u015bci ludzi,&nbsp; kt\u00f3rzy przybywaj\u0105 bez dowodu to\u017csamo\u015bci\u201d.<\/p>\r\n<p>jjf\/ChurchMilitant.com<\/p>","protected":false},"excerpt":{"rendered":"Ostatnie zamachy terroryst\u00f3w islamskich spotykaj\u0105 si\u0119 z kontrowersyjnymi komentarzami niekt\u00f3rych katolickich duchownych, kt\u00f3rzy wydaj\u0105 si\u0119 wykazywa\u0107 co najmniej daleko posuni\u0119t\u0105 naiwno\u015bci\u0105. Ostatnio w wywiadzie dla agencji informacyjnej \u201eSIR\u201d kard. Jean-Claude Hollerich, przewodnicz\u0105cy Komisji Episkopat\u00f3w Wsp\u00f3lnoty Europejskiej, stwierdzi\u0142, \u017ce obwinianie islamu oraz imigracji o zamordowanie nauczyciela Samuela Paty\u2019ego w Nicei \u201enie odzwierciedla prawdy\u201d. Jak stwierdzi\u0142 kard. [&hellip;]","protected":false},"author":1,"featured_media":0,"comment_status":"closed","ping_status":"closed","sticky":false,"template":"","format":"standard","meta":{"_acf_changed":false,"_monsterinsights_skip_tracking":false,"_monsterinsights_sitenote_active":false,"_monsterinsights_sitenote_note":"","_monsterinsights_sitenote_category":0,"ngg_post_thumbnail":0,"footnotes":"","_wp_rev_ctl_limit":""},"categories":[3],"tags":[23,70,126,33],"acf":[],"_links":{"self":[{"href":"https:\/\/www.bibula.com\/index.php?rest_route=\/wp\/v2\/posts\/120431"}],"collection":[{"href":"https:\/\/www.bibula.com\/index.php?rest_route=\/wp\/v2\/posts"}],"about":[{"href":"https:\/\/www.bibula.com\/index.php?rest_route=\/wp\/v2\/types\/post"}],"author":[{"embeddable":true,"href":"https:\/\/www.bibula.com\/index.php?rest_route=\/wp\/v2\/users\/1"}],"replies":[{"embeddable":true,"href":"https:\/\/www.bibula.com\/index.php?rest_route=%2Fwp%2Fv2%2Fcomments&post=120431"}],"version-history":[{"count":1,"href":"https:\/\/www.bibula.com\/index.php?rest_route=\/wp\/v2\/posts\/120431\/revisions"}],"predecessor-version":[{"id":120432,"href":"https:\/\/www.bibula.com\/index.php?rest_route=\/wp\/v2\/posts\/120431\/revisions\/120432"}],"wp:attachment":[{"href":"https:\/\/www.bibula.com\/index.php?rest_route=%2Fwp%2Fv2%2Fmedia&parent=120431"}],"wp:term":[{"taxonomy":"category","embeddable":true,"href":"https:\/\/www.bibula.com\/index.php?rest_route=%2Fwp%2Fv2%2Fcategories&post=120431"},{"taxonomy":"post_tag","embeddable":true,"href":"https:\/\/www.bibula.com\/index.php?rest_route=%2Fwp%2Fv2%2Ftags&post=120431"}],"curies":[{"name":"wp","href":"https:\/\/api.w.org\/{rel}","templated":true}]}}