{"id":120380,"date":"2020-11-11T12:32:07","date_gmt":"2020-11-11T17:32:07","guid":{"rendered":"https:\/\/www.bibula.com\/?p=120380"},"modified":"2020-11-11T12:32:07","modified_gmt":"2020-11-11T17:32:07","slug":"lukaszenka-zaprosil-prezydenta-polski-do-konstruktywnego-dialogu","status":"publish","type":"post","link":"https:\/\/www.bibula.com\/?p=120380","title":{"rendered":"\u0141ukaszenka zaprosi\u0142 prezydenta Polski do \u201ekonstruktywnego dialogu\u201d"},"content":{"rendered":"<p><strong>Prezydent Bia\u0142orusi Alaksandr \u0141ukaszenka w imieniu bia\u0142oruskiego narodu pozdrowi\u0142 prezydenta Polski Andrzeja Dud\u0119 z okazji \u015awi\u0119ta Niepodleg\u0142o\u015bci i zaprosi\u0142 go do \u201ekonstruktywnego dialogu\u201d \u2013 poda\u0142o biuro prasowe \u0141ukaszenki.<\/strong><\/p>\r\n<p>\u0141ukaszenka podkre\u015bli\u0142, \u017ce tylko wsp\u00f3ln\u0105 prac\u0105 Bia\u0142oru\u015b i Polska zdo\u0142aj\u0105 utrzyma\u0107 \u201eznaczne sukcesy w handlu, wsp\u00f3\u0142pracy przemys\u0142owej, nauce, o\u015bwiacie i innych sferach\u201d. Oceni\u0142, \u017ce odpowiada to interesom narodowym obu pa\u0144stw, jak r\u00f3wnie\u017c pragnieniu mieszka\u0144c\u00f3w obu kraj\u00f3w. [&#8230;]<\/p>\r\n<p class=\"zrodlo\">Ca\u0142o\u015b\u0107: <a href=\"https:\/\/naszdziennik.pl\/polska\/228925,lukaszenka-zaprosil-prezydenta-polski-do-konstruktywnego-dialogu.html\">Nasz Dziennik (11 listopada 2020)<\/a><\/p>\r\n<h4>&nbsp;<\/h4>\r\n<hr style=\"background-color: #000000; border-width: 0; color: #000000; height: 2px; line-height: 0; text-align: center; width: 100%;\">\r\n<h4>&nbsp;<\/h4>\r\n<h2>\u0141ukaszenko: je\u015bli kto\u015b chce zrobi\u0107 z Bia\u0142orusi prowincj\u0119 Polski czy Litwy, to po moim trupie<\/h2>\r\n<p>Prezydent Bia\u0142orusi Aleksandr \u0141ukaszenko uwa\u017ca, \u017ce nowa polsko-ameryka\u0144ska umowa wojskowa zagra\u017ca bezpiecze\u0144stwu jego kraju, ze strony Polski. Powiedzia\u0142 te\u017c, \u017ce je\u015bli Polska potrzebuje pomocy w walce z pandemi\u0105, to niech o ni\u0105 poprosi, bo wyjazdy bia\u0142oruskich lekarzy b\u0119d\u0105 mie\u0107 dla nich konsekwencje.<\/p>\r\n<p>We wtorek prezydent Bia\u0142orusi Aleksandr \u0141ukaszenko podczas spotkania z prezesem Federacji Zwi\u0105zk\u00f3w Zawodowych Bia\u0142orusi, Michaj\u0142em Ord\u0105 poruszaj\u0105c kwestie dotycz\u0105ce bezpiecze\u0144stwa kraju odni\u00f3s\u0142 si\u0119 do Polski i Litwy. Podkre\u015bli\u0142, \u017ce Polska i USA \u201ezawar\u0142y jeszcze jedn\u0105 umow\u0119 o wsp\u00f3\u0142pracy wojskowej\u201d. <a href=\"https:\/\/kresy.pl\/wydarzenia\/prezydent-ratyfikowal-umowe-z-usa-dotyczaca-wspolpracy-obronnej\/\">Odni\u00f3s\u0142 si\u0119 do ratyfikowania w poniedzia\u0142ek przez prezydenta Andrzeja Dud\u0119 polsko-ameryka\u0144skiej umowy o wzmocnionej wsp\u00f3\u0142pracy obronnej<\/a>. Przewiduje ona m.in. dalsze zwi\u0119kszanie liczebno\u015bci wojsk USA w Polsce.<\/p>\r\n<p><em>\u2013 Ju\u017c przerzucaj\u0105 z USA, nie z Niemiec i Polski, nowe kontyngenty wojskowych. Nasuwa si\u0119 pytanie: po co? \u2013<\/em> m\u00f3wi\u0142 \u0141ukaszenko.<\/p>\r\n<p><em>\u2013 Je\u015bli kto\u015b z naszych nie rozumie, szczeg\u00f3lnie z tych protestuj\u0105cych, to niech pomy\u015bl\u0105, \u017ce sytuacja nie jest taka prosta. Je\u015bli kto\u015b chce zrobi\u0107 z Bia\u0142orusi prowincj\u0119 Polski czy Litwy, to tylko po moim trupie. Oni musz\u0105 to zrozumie\u0107 <\/em>\u2013 o\u015bwiadczy\u0142 bia\u0142oruski prezydent.<\/p>\r\n<p>\u0141ukaszenko odni\u00f3s\u0142 si\u0119 te\u017c do sytuacji zwi\u0105zanej z pandemi\u0105 koronawirusa, okre\u015blaj\u0105c j\u0105 mianem \u201e\u015bwiatowej psychozy\u201d, na kt\u00f3rej kto\u015b korzysta. <em>\u2013 Teraz ju\u017c widzimy kto-<\/em> doda\u0142. Zaznaczy\u0142 w tym kontek\u015bcie konieczno\u015b\u0107 ochrony stabilno\u015bci w kraju. Jego zdaniem protestuj\u0105ca opozycja, a szczeg\u00f3lnie ci, kt\u00f3rzy wyjechali z kraju do Polski i na Litw\u0119 \u201elicz\u0105 na to, \u017ce do wiosny gospodarka si\u0119 zawali\u201d, a oni wr\u00f3c\u0105 i przejm\u0105 w\u0142adz\u0119. <em>\u2013 Nic z tego, do diab\u0142a! Nie wezm\u0105 letniej Bia\u0142orusi! Wytrzymamy!<\/em><\/p>\r\n<p>Prezydent Bia\u0142orusi odni\u00f3s\u0142 si\u0119 r\u00f3wnie\u017c do tematu lekarzy, kt\u00f3rzy chcieliby wyjecha\u0107 do pracy do Polski. Przypomnijmy, \u017ce niedawno <a href=\"https:\/\/kresy.pl\/wydarzenia\/regiony\/bialorus\/lukaszenko-dla-lekarzy-ktorzy-wyjada-pracowac-do-polski-nie-bedzie-powrotu\/\">zagrozi\u0142, \u017ce bia\u0142oruscy lekarze, kt\u00f3rzy wyjad\u0105 do pracy w Polsce, nie b\u0119d\u0105 mieli prawa powrotu do ojczyzny<\/a>.<\/p>\r\n<p>Przeczytaj: <a href=\"https:\/\/kresy.pl\/wydarzenia\/przyjeta-przez-sejm-ustawa-covidowa-ulatwia-zatrudnianie-lekarzy-ze-wschodu\/\">Przyj\u0119ta przez Sejm \u201eustawa covidowa\u201d u\u0142atwia zatrudnianie lekarzy ze Wschodu <\/a><\/p>\r\n<p>\u0141ukaszenko o\u015bwiadczy\u0142, \u017ce nie jest przeciwko pomaganiu innym krajom z uwagi na pandemi\u0119. <em>\u2013 Na przyk\u0142ad Polsce, w Rosji nie\u0142atwa sytuacja\u2026 Nikt nie jest przeciwko pomaganiu, ale to powinno dzia\u0107 si\u0119 po ludzku. Nie jeste\u015bmy przeciwko temu, \u017ceby pojechali, ale to powinno dzia\u0107 si\u0119 w spos\u00f3b zorganizowany.<\/em><\/p>\r\n<p>Prezydent Bia\u0142orusi zaznaczy\u0142, \u017ce w kraju s dobrzy lekarze i specjali\u015bci. <em>\u2013 Chcecie, \u017ceby\u015bmy wam pomogli, to popro\u015bcie. Pomo\u017cemy wam, b\u0119dziemy wam doradza\u0107, tak jak konsultujemy si\u0119 z Chi\u0144czykami, b\u0119dziemy was leczy\u0107, je\u015bli to konieczne \u2013<\/em> powiedzia\u0142, zwracaj\u0105c si\u0119 do innych kraj\u00f3w, w tym Polski.<\/p>\r\n<p>Zaznaczy\u0142 jednak, \u017ce przede wszystkim trzeba troszczy\u0107 si\u0119 o w\u0142asny kraj. <em>\u2013 Tak jak Polacy. Ale to nasi s\u0105siedzi. I polskie spo\u0142ecze\u0144stwo, Polacy niczemu nie s\u0105 winni, \u017ce ich kraj prowadzi tak\u0105 polityk\u0119. Oni sami s\u0105 przeciwko takiej polityce. Zobaczcie, protesty do dw\u00f3ch milion\u00f3w w samej Polsce. Spo\u0142ecze\u0144stwu Polski nie podoba si\u0119 ta polityka, kt\u00f3r\u0105 prowadzi tam [Andrzej] Duda i inni.<\/em><\/p>\r\n<p>\u0141ukaszenko powiedzia\u0142 te\u017c, \u017ce bia\u0142oruskim lekarzom nie pozwol\u0105 za granic\u0105 normalnie pracowa\u0107, ale \u201eb\u0119d\u0105 gra\u0107 jak\u0105\u015b drugorz\u0119dn\u0105, trzeciorz\u0119dn\u0105 rol\u0119\u201d. <em>\u2013 Nie chc\u0119, \u017ceby nasi ludzie i nasi lekarze byli gn\u0119bieni w taki spos\u00f3b<\/em> \u2013 doda\u0142 bia\u0142oruski prezydent, ostrzegaj\u0105c lekarzy, \u017ceby zastanowili si\u0119, nim wyjad\u0105. Zaznaczy\u0142, \u017ce nikomu nie zabrania wyje\u017cd\u017ca\u0107, ale takie osoby musz\u0105 liczy\u0107 si\u0119 z konsekwencjami.<\/p>\r\n<p><em>\u2013 Kto chce, niech jedzie. (\u2026) s\u0105 pewne zobowi\u0105zania, konsekwencje. Tak jak powiedzia\u0142em, pracujesz tam, a do do nasz przyje\u017cd\u017casz po us\u0142ugi medyczne, wykszta\u0142cenie itd. Pojecha\u0142e\u015b, to tam \u017cyj i korzystaj z tamtych us\u0142ug<\/em> \u2013 powiedzia\u0142 przyw\u00f3dca Bia\u0142orusi.<\/p>\r\n<ul>\r\n\t<li>Czytaj tak\u017ce: <a href=\"https:\/\/kresy.pl\/wydarzenia\/regiony\/bialorus\/lukaszenko-do-przedsiebiorcow-albo-zwiazki-zawodowe-albo-likwidacja\/\">\u0141ukaszenko do przedsi\u0119biorc\u00f3w: Albo zwi\u0105zki zawodowe albo likwidacja<\/a><\/li>\r\n<\/ul>\r\n<p><a href=\"https:\/\/www.belta.by\/president\/view\/lukashenko-o-sovremennyh-vyzovah-kto-naberetsja-muzhestva-i-vyderzhit-tot-sohranit-svoe-gosudarstvo-415025-2020\" target=\"_blank\" rel=\"noopener noreferrer\">Belta<\/a> \/ <a href=\"https:\/\/naviny.media\/new\/20201110\/1605029502-lukashenko-esli-kto-hochet-sdelat-belarus-provinciey-polshi-ili-litvy-eto\" target=\"_blank\" rel=\"noopener noreferrer\">naviny.media<\/a> \/ Kresy.pl<\/p>\r\n<p class=\"zrodlo\">Za: <a href=\"https:\/\/kresy.pl\/wydarzenia\/lukaszenko-jesli-ktos-chce-zrobic-z-bialorusi-prowincje-polski-czy-litwy-to-po-moim-trupie\/\">Kresy.pl (11 listopada 2020)<\/a><\/p>\r\n<h4>&nbsp;<\/h4>\r\n<hr style=\"background-color: #000000; border-width: 0; color: #000000; height: 2px; line-height: 0; text-align: center; width: 100%;\">\r\n<h4>&nbsp;<\/h4>","protected":false},"excerpt":{"rendered":"Prezydent Bia\u0142orusi Alaksandr \u0141ukaszenka w imieniu bia\u0142oruskiego narodu pozdrowi\u0142 prezydenta Polski Andrzeja Dud\u0119 z okazji \u015awi\u0119ta Niepodleg\u0142o\u015bci i zaprosi\u0142 go do \u201ekonstruktywnego dialogu\u201d \u2013 poda\u0142o biuro prasowe \u0141ukaszenki. \u0141ukaszenka podkre\u015bli\u0142, \u017ce tylko wsp\u00f3ln\u0105 prac\u0105 Bia\u0142oru\u015b i Polska zdo\u0142aj\u0105 utrzyma\u0107 \u201eznaczne sukcesy w handlu, wsp\u00f3\u0142pracy przemys\u0142owej, nauce, o\u015bwiacie i innych sferach\u201d. Oceni\u0142, \u017ce odpowiada to interesom [&hellip;]","protected":false},"author":1,"featured_media":0,"comment_status":"closed","ping_status":"closed","sticky":false,"template":"","format":"standard","meta":{"_acf_changed":false,"_monsterinsights_skip_tracking":false,"_monsterinsights_sitenote_active":false,"_monsterinsights_sitenote_note":"","_monsterinsights_sitenote_category":0,"ngg_post_thumbnail":0,"footnotes":"","_wp_rev_ctl_limit":""},"categories":[6],"tags":[349,168,98],"acf":[],"_links":{"self":[{"href":"https:\/\/www.bibula.com\/index.php?rest_route=\/wp\/v2\/posts\/120380"}],"collection":[{"href":"https:\/\/www.bibula.com\/index.php?rest_route=\/wp\/v2\/posts"}],"about":[{"href":"https:\/\/www.bibula.com\/index.php?rest_route=\/wp\/v2\/types\/post"}],"author":[{"embeddable":true,"href":"https:\/\/www.bibula.com\/index.php?rest_route=\/wp\/v2\/users\/1"}],"replies":[{"embeddable":true,"href":"https:\/\/www.bibula.com\/index.php?rest_route=%2Fwp%2Fv2%2Fcomments&post=120380"}],"version-history":[{"count":1,"href":"https:\/\/www.bibula.com\/index.php?rest_route=\/wp\/v2\/posts\/120380\/revisions"}],"predecessor-version":[{"id":120381,"href":"https:\/\/www.bibula.com\/index.php?rest_route=\/wp\/v2\/posts\/120380\/revisions\/120381"}],"wp:attachment":[{"href":"https:\/\/www.bibula.com\/index.php?rest_route=%2Fwp%2Fv2%2Fmedia&parent=120380"}],"wp:term":[{"taxonomy":"category","embeddable":true,"href":"https:\/\/www.bibula.com\/index.php?rest_route=%2Fwp%2Fv2%2Fcategories&post=120380"},{"taxonomy":"post_tag","embeddable":true,"href":"https:\/\/www.bibula.com\/index.php?rest_route=%2Fwp%2Fv2%2Ftags&post=120380"}],"curies":[{"name":"wp","href":"https:\/\/api.w.org\/{rel}","templated":true}]}}