{"id":120323,"date":"2020-11-08T12:05:41","date_gmt":"2020-11-08T17:05:41","guid":{"rendered":"https:\/\/www.bibula.com\/?p=120323"},"modified":"2020-11-08T13:06:26","modified_gmt":"2020-11-08T18:06:26","slug":"wielki-skandal-w-holenderskiej-lidze-dopatrzono-sie-swastyki-w-nazwiskach-trenerow-pilkarskich","status":"publish","type":"post","link":"https:\/\/www.bibula.com\/?p=120323","title":{"rendered":"Wielki \u201cskandal\u201d w holenderskiej lidze. Dopatrzono si\u0119 swastyki\u2026 w nazwiskach trener\u00f3w pi\u0142karskich"},"content":{"rendered":"<p><strong>W pi\u0142ce no\u017cnej dochodzi\u0142o do wielu absurd\u00f3w \u2013 nie tylko na boisku i stadionie, ale tak\u017ce cz\u0119sto r\u00f3wnie\u017c poza nimi. Tym razem do bardzo kuriozalnej sytuacji dosz\u0142o w holenderskiej Eredivisie, a konkretniej w zespole Utrechtu FC, gdzie cz\u0119\u015b\u0107 Holendr\u00f3w dopatrzy\u0142a si\u0119 propagowania nazistowskich symboli w postaci swastyki. Problem polega jednak na tym, \u017ce dopatrzono si\u0119 jej w\u2026 nazwiskach trener\u00f3w tego klubu.<\/strong><\/p>\r\n<p>Zesp\u00f3\u0142 Utrechtu wywo\u0142a\u0142 niema\u0142y \u201cskandal\u201d w Holandii. Niedawno klub opu\u015bci\u0142 dotychczasowy szkoleniowiec John van der Brom, kt\u00f3ry otrzyma\u0142 ofert\u0119 z belgijskiego RC Genk. Dlatego te\u017c w\u0142adze zosta\u0142y zmuszone do zatrudnienia nowego menad\u017cera lub postawienia na kt\u00f3rego\u015b z pracownik\u00f3w klubu jako trenera tymczasowego. Zdecydowano si\u0119 na t\u0105 drug\u0105 opcj\u0119, dlatego do roli nowego szkoleniowca Utrechtu wybrano duet Rene Hake (kt\u00f3ry prowadzi\u0142 zesp\u00f3\u0142 m\u0142odzie\u017cowy Utrechtu do lat 21) oraz Rick Kruys, kt\u00f3ry by\u0142 asystentem poprzedniego trenera.<\/p>\r\n<p><strong>Zatrudnienie obydw\u00f3ch pan\u00f3w spotka\u0142o si\u0119 ze sporym oburzeniem cz\u0119\u015bci Holendr\u00f3w. Z jakiego powodu? Ot\u00f3\u017c w j\u0119zyku niderlandzkim wyra\u017cenie \u201chakekruis\u201d oznacza\u2026 swastyk\u0119. T\u0119 \u201cgr\u0119 s\u0142\u00f3w\u201d wykorzysta\u0142y najwi\u0119ksze holenderskie portale, kt\u00f3re zacz\u0119\u0142y promowa\u0107 nadchodz\u0105ce spotkanie Utrechtu z Ajaxem Amsterdam, zespo\u0142em okre\u015blanym w Holandii pseudonimem \u201cJoden\u201d, kt\u00f3ry oznacza \u201c\u017byd\u00f3w\u201d z racji na \u017cydowskie tradycje klubu. \u201cPojedynek swastyki z \u017bydami\u201d \u2013 mniej wi\u0119cej w taki spos\u00f3b opisywano nadchodz\u0105cy niedzielny mecz Eredivisie pomi\u0119dzy aktualnym liderem tabeli, a \u00f3smym zespo\u0142em, wykorzystuj\u0105c po\u0142\u0105czone nazwiska trener\u00f3w Hake oraz Kruysa.<\/strong><\/p>\r\n<p>Wielu Holendr\u00f3w da\u0142o si\u0119 nabra\u0107 na t\u0105 zagrywk\u0119 i zacz\u0119\u0142o si\u0119 rozpisywa\u0107 w mediach spo\u0142eczno\u015bciowych o wielkim skandalu, promowaniu nazizmu i szerzenia antysemityzmu, a cz\u0119\u015b\u0107 z nim domaga\u0142a si\u0119 nawet ukarania oraz przeprosin od zespo\u0142u Utrechtu. Niekt\u00f3rzy jednak si\u0119 nie nabrali i zacz\u0119li zarzuca\u0107 niderlandzkim mediom manipulacje, te jednak broni\u0105 si\u0119, \u017ce podawa\u0142y same fakty.<\/p>\r\n<p>Przypadek \u201cswastyki\u201d w Eredivisie przypomina o innej, bardzo kuriozalnej sytuacji, kt\u00f3ra mia\u0142a miejsce kilka lat temu. Tym razem jednak nie z udzia\u0142em kibic\u00f3w, a delegat\u00f3w UEFA, kt\u00f3rzy nakazali klubowi MTK Budapeszt nie wywiesza\u0107 flagi z dat\u0105 powstania klubu, czyli z rokiem 1888, gdy\u017c mia\u0142a ona propagowa\u0107\u2026 nazistowsk\u0105 numerologi\u0119, a konkretniej liczby 18 i 88, kt\u00f3re by\u0142y cyfrowymi skr\u00f3towcami&nbsp; odpowiednio imienia Adolf Hitler oraz oficjalnego pozdrowienia w III Rzeszy. \u017beby by\u0142o ciekawej klub ze stolicy W\u0119gier ma \u017cydowskie tradycje.<\/p>\r\n<p>\u0179r\u00f3d\u0142o: FacebookAutor: JD<\/p>","protected":false},"excerpt":{"rendered":"W pi\u0142ce no\u017cnej dochodzi\u0142o do wielu absurd\u00f3w \u2013 nie tylko na boisku i stadionie, ale tak\u017ce cz\u0119sto r\u00f3wnie\u017c poza nimi. Tym razem do bardzo kuriozalnej sytuacji dosz\u0142o w holenderskiej Eredivisie, a konkretniej w zespole Utrechtu FC, gdzie cz\u0119\u015b\u0107 Holendr\u00f3w dopatrzy\u0142a si\u0119 propagowania nazistowskich symboli w postaci swastyki. Problem polega jednak na tym, \u017ce dopatrzono si\u0119 [&hellip;]","protected":false},"author":1,"featured_media":0,"comment_status":"closed","ping_status":"closed","sticky":false,"template":"","format":"standard","meta":{"_acf_changed":false,"_monsterinsights_skip_tracking":false,"_monsterinsights_sitenote_active":false,"_monsterinsights_sitenote_note":"","_monsterinsights_sitenote_category":0,"ngg_post_thumbnail":0,"footnotes":"","_wp_rev_ctl_limit":""},"categories":[12],"tags":[16,53,280,25,213],"acf":[],"_links":{"self":[{"href":"https:\/\/www.bibula.com\/index.php?rest_route=\/wp\/v2\/posts\/120323"}],"collection":[{"href":"https:\/\/www.bibula.com\/index.php?rest_route=\/wp\/v2\/posts"}],"about":[{"href":"https:\/\/www.bibula.com\/index.php?rest_route=\/wp\/v2\/types\/post"}],"author":[{"embeddable":true,"href":"https:\/\/www.bibula.com\/index.php?rest_route=\/wp\/v2\/users\/1"}],"replies":[{"embeddable":true,"href":"https:\/\/www.bibula.com\/index.php?rest_route=%2Fwp%2Fv2%2Fcomments&post=120323"}],"version-history":[{"count":2,"href":"https:\/\/www.bibula.com\/index.php?rest_route=\/wp\/v2\/posts\/120323\/revisions"}],"predecessor-version":[{"id":120325,"href":"https:\/\/www.bibula.com\/index.php?rest_route=\/wp\/v2\/posts\/120323\/revisions\/120325"}],"wp:attachment":[{"href":"https:\/\/www.bibula.com\/index.php?rest_route=%2Fwp%2Fv2%2Fmedia&parent=120323"}],"wp:term":[{"taxonomy":"category","embeddable":true,"href":"https:\/\/www.bibula.com\/index.php?rest_route=%2Fwp%2Fv2%2Fcategories&post=120323"},{"taxonomy":"post_tag","embeddable":true,"href":"https:\/\/www.bibula.com\/index.php?rest_route=%2Fwp%2Fv2%2Ftags&post=120323"}],"curies":[{"name":"wp","href":"https:\/\/api.w.org\/{rel}","templated":true}]}}