{"id":120199,"date":"2020-11-05T10:09:52","date_gmt":"2020-11-05T15:09:52","guid":{"rendered":"https:\/\/www.bibula.com\/?p=120199"},"modified":"2020-11-05T10:09:52","modified_gmt":"2020-11-05T15:09:52","slug":"lukaszenka-dla-lekarzy-ktorzy-wyjada-pracowac-do-polski-nie-bedzie-powrotu","status":"publish","type":"post","link":"https:\/\/www.bibula.com\/?p=120199","title":{"rendered":"\u0141ukaszenka: dla lekarzy, kt\u00f3rzy wyjad\u0105 pracowa\u0107 do Polski, nie b\u0119dzie powrotu"},"content":{"rendered":"<p><strong>Aleksandr \u0141ukaszenko zagrozi\u0142, \u017ce bia\u0142oruscy lekarze, kt\u00f3rzy wyjad\u0105 do pracy w Polsce, nie b\u0119d\u0105 mieli prawa powrotu do ojczyzny.<\/strong><\/p>\r\n<p>W ostatnim czasie polski rz\u0105d podj\u0105\u0142 kroki w celu u\u0142atwienia zatrudniania personelu medycznego spoza Unii Europejskiej, szczeg\u00f3lnie z Ukrainy i Bia\u0142orusi uzasadniaj\u0105c to potrzeb\u0105 walki z koronawirusem. W czwartek zareagowa\u0142 na to prezydent Bia\u0142orusi Aleksandr \u0141ukaszenko.&nbsp;<\/p>\r\n<div class=\"baninfo\">\r\n<p>Podczas spotkania z wsp\u00f3\u0142pracownikami \u0141ukaszenko poleci\u0142, by lekarzom wyje\u017cd\u017caj\u0105cym do pracy w Polsce uniemo\u017cliwi\u0107 powr\u00f3t do ojczyzny.<\/p>\r\n<p>\u201eWidzimy ogromny wzrost zachorowalno\u015bci, szczeg\u00f3lnie w s\u0105siedniej Polsce. Dos\u0142ownie dwa dni temu oni zacz\u0119li na ca\u0142ym \u015bwiecie zbiera\u0107 lekarzy i inny personel medyczny, aby nie\u015b\u0107 ludziom pomoc. Oto ca\u0142a bajka o pi\u0119knym \u017cyciu. A szczeg\u00f3lnie prosz\u0105 naszych lekarzy, aby przyjechali pomaga\u0107 ludno\u015bci i pa\u0144stwu w walce z COVID\u201d \u2013 odnotowywa\u0142 \u0141ukaszenko.<\/p>\r\n<p>\u201eW zwi\u0105zku z tym chc\u0119 ostrzec: nie mamy zb\u0119dnych lekarzy. My sami musimy leczy\u0107 naszych ludzi. Ale (\u2026) nikogo nie b\u0119dziemy zatrzymywa\u0107. Tylko trzeba zrozumie\u0107: je\u015bli wyjecha\u0142e\u015b \u2013 nie wr\u00f3cisz. B\u0119dziesz tam pracowa\u0142 i zarabia\u0142 te du\u017ce pieni\u0105dze, za kt\u00f3rymi wyjecha\u0142e\u015b\u201d \u2013 m\u00f3wi\u0142 \u0141ukaszenko zastrzegaj\u0105c, \u017ce nie jest to \u201egro\u017aba\u201d, lecz \u201epolecenie dla w\u0142adz\u201d. Jego zdaniem \u201eka\u017cdego nale\u017cy postawi\u0107 na swoim miejscu, niczego nie utrudniaj\u0105c, skoro on chce du\u017cego rubla lub pozielenia\u0142y mu oczy od waluty\u201d.<\/p>\r\n<script async=\"\" src=\"https:\/\/telegram.org\/js\/telegram-widget.js?12\" data-telegram-post=\"pul_1\/1817\" data-width=\"100%\"><\/script>\r\n<p><a href=\"https:\/\/kresy.pl\/wydarzenia\/przyjeta-przez-sejm-ustawa-covidowa-ulatwia-zatrudnianie-lekarzy-ze-wschodu\/\" target=\"_blank\" rel=\"noopener noreferrer\">Przypomnijmy<\/a>, \u017ce przyj\u0119ta pod koniec pa\u017adziernika przez Sejm tzw. ustawa covidowa u\u0142atwia zatrudnianie w Polsce lekarzy spoza Unii Europejskiej. Maj\u0105 by\u0107 dopuszczani do wykonywania zawodu bez pe\u0142nej nostryfikacji dyplom\u00f3w i na podstawie o\u015bwiadczenia o wystarczaj\u0105cej znajomo\u015bci j\u0119zyka polskiego. Przepisy te krytycznie oceni\u0142 prezes Naczelnej Izby Lekarskiej Andrzej Matyja. \u201eCiekaw jestem czy Minister Zdrowia zdaje sobie spraw\u0119, jaki ci\u0119\u017car bierze na swoje barki? To przecie\u017c odpowiedzialno\u015b\u0107 za bezpieczne wykonywanie zawodu przez lekarzy, kt\u00f3rzy nie uko\u0144czyli 5-letnich studi\u00f3w i, na dodatek, niem\u00f3wi\u0105cy po polsku\u201d \u2013 m\u00f3wi\u0142 prezes NIL. \u201ePolscy lekarze nie boj\u0105 si\u0119 zagranicznej konkurencji, polscy lekarze boj\u0105 si\u0119 o bezpiecze\u0144stwo polskich pacjent\u00f3w\u201d \u2013 dodawa\u0142.<\/p>\r\n<p>W ostatni wtorek <a href=\"https:\/\/kresy.pl\/wydarzenia\/polska\/dworczyk-medycy-nie-beda-kierowani-na-kwarantanne-ulatwiamy-sciaganie-lekarzy-spoza-ue\/\">rz\u0105d zapowiedzia\u0142 kolejn\u0105 modyfikacj\u0119 przepis\u00f3w u\u0142atwiaj\u0105c\u0105 \u015bci\u0105ganie medyk\u00f3w spoza UE<\/a>. Ma ona pozwoli\u0107 na podj\u0119cie przez nich pracy &nbsp;pod nadzorem polskiego lekarza w ci\u0105gu dw\u00f3ch-trzech tygodni od podj\u0119cia takiej decyzji. Projekt nowelizacji w tej sprawie ma trafi\u0107 w przysz\u0142ym tygodniu do Sejmu.<\/p>\r\n<p>Kresy.pl \/ <a href=\"https:\/\/finance.tut.by\/news706720.html#ua:news_bytime~7\" target=\"_blank\" rel=\"noopener noreferrer\">tut.by<\/a><\/p>\r\n<p>&nbsp;<\/p>\r\n<\/div>","protected":false},"excerpt":{"rendered":"Aleksandr \u0141ukaszenko zagrozi\u0142, \u017ce bia\u0142oruscy lekarze, kt\u00f3rzy wyjad\u0105 do pracy w Polsce, nie b\u0119d\u0105 mieli prawa powrotu do ojczyzny. W ostatnim czasie polski rz\u0105d podj\u0105\u0142 kroki w celu u\u0142atwienia zatrudniania personelu medycznego spoza Unii Europejskiej, szczeg\u00f3lnie z Ukrainy i Bia\u0142orusi uzasadniaj\u0105c to potrzeb\u0105 walki z koronawirusem. W czwartek zareagowa\u0142 na to prezydent Bia\u0142orusi Aleksandr \u0141ukaszenko.&nbsp; [&hellip;]","protected":false},"author":1,"featured_media":0,"comment_status":"closed","ping_status":"closed","sticky":false,"template":"","format":"standard","meta":{"_acf_changed":false,"_monsterinsights_skip_tracking":false,"ngg_post_thumbnail":0,"footnotes":"","_wp_rev_ctl_limit":""},"categories":[6],"tags":[168,105,98],"acf":[],"_links":{"self":[{"href":"https:\/\/www.bibula.com\/index.php?rest_route=\/wp\/v2\/posts\/120199"}],"collection":[{"href":"https:\/\/www.bibula.com\/index.php?rest_route=\/wp\/v2\/posts"}],"about":[{"href":"https:\/\/www.bibula.com\/index.php?rest_route=\/wp\/v2\/types\/post"}],"author":[{"embeddable":true,"href":"https:\/\/www.bibula.com\/index.php?rest_route=\/wp\/v2\/users\/1"}],"replies":[{"embeddable":true,"href":"https:\/\/www.bibula.com\/index.php?rest_route=%2Fwp%2Fv2%2Fcomments&post=120199"}],"version-history":[{"count":2,"href":"https:\/\/www.bibula.com\/index.php?rest_route=\/wp\/v2\/posts\/120199\/revisions"}],"predecessor-version":[{"id":120201,"href":"https:\/\/www.bibula.com\/index.php?rest_route=\/wp\/v2\/posts\/120199\/revisions\/120201"}],"wp:attachment":[{"href":"https:\/\/www.bibula.com\/index.php?rest_route=%2Fwp%2Fv2%2Fmedia&parent=120199"}],"wp:term":[{"taxonomy":"category","embeddable":true,"href":"https:\/\/www.bibula.com\/index.php?rest_route=%2Fwp%2Fv2%2Fcategories&post=120199"},{"taxonomy":"post_tag","embeddable":true,"href":"https:\/\/www.bibula.com\/index.php?rest_route=%2Fwp%2Fv2%2Ftags&post=120199"}],"curies":[{"name":"wp","href":"https:\/\/api.w.org\/{rel}","templated":true}]}}