{"id":120169,"date":"2020-11-03T15:24:56","date_gmt":"2020-11-03T20:24:56","guid":{"rendered":"https:\/\/www.bibula.com\/?p=120169"},"modified":"2020-11-03T15:24:56","modified_gmt":"2020-11-03T20:24:56","slug":"dworczyk-medycy-nie-beda-kierowani-na-kwarantanne-ulatwiamy-sciaganie-lekarzy-spoza-ue","status":"publish","type":"post","link":"https:\/\/www.bibula.com\/?p=120169","title":{"rendered":"Dworczyk: medycy nie b\u0119d\u0105 kierowani na kwarantann\u0119; u\u0142atwiamy \u015bci\u0105ganie lekarzy spoza UE"},"content":{"rendered":"<p><strong>Rz\u0105d og\u0142osi\u0142 zmiany w strategii walki z koronawirusem. Dzi\u0119ki mo\u017cliwo\u015bci wykonywania test\u00f3w antygenowych personel medyczny nie b\u0119dzie kierowany na kwarantann\u0119. Ponadto szykowana jest kolejna zmiana przepis\u00f3w u\u0142atwiaj\u0105ca \u015bci\u0105ganie medyk\u00f3w spoza UE.<\/strong><\/p>\r\n<p>Szef Kancelarii Premiera Micha\u0142 Dworczyk poinformowa\u0142 we wtorek na konferencji prasowej, \u017ce <strong>dzi\u0119ki przeprowadzonej w nocy zmianie przepis\u00f3w rz\u0105d zwolni\u0142 z kwarantanny personel medyczny.<\/strong> Medycy codziennie b\u0119d\u0105 mieli mo\u017cliwo\u015b\u0107 przej\u015bcia szybkiego testu antygenowego, a wynik negatywny takiego testu zwolni ich z kwarantanny.<\/p>\r\n<p>Decyzja rz\u0105du powinna usprawni\u0107 funkcjonowanie s\u0142u\u017cby zdrowia parali\u017cowanej wysy\u0142aniem na kwarantann\u0119 personelu, kt\u00f3ry mia\u0142 kontakt z chorymi na COVID-19. Do tej pory na kwarantannie przebywa\u0142o ponad 30 tysi\u0119cy os\u00f3b z personelu medycznego.<\/p>\r\n<blockquote class=\"twitter-tweet\">\r\n<p>Minister <a href=\"https:\/\/twitter.com\/michaldworczyk?ref_src=twsrc%5Etfw\">@michaldworczyk<\/a> w <a href=\"https:\/\/twitter.com\/hashtag\/KPRM?src=hash&amp;ref_src=twsrc%5Etfw\">#KPRM<\/a>: Dzi\u015b w nocy zosta\u0142y zmienione przepisy. Do tej pory ponad 30. tys. os\u00f3b z personelu medycznego przebywa\u0142o w kwarantannie. Po tej decyzji personel medyczny nie b\u0119dzie podlega\u0142 kwarantannie, dzi\u0119ki wykonywaniu codziennych test\u00f3w antygenowych.<\/p>\r\n\r\n\u2014 Kancelaria Premiera (@PremierRP) <a href=\"https:\/\/twitter.com\/PremierRP\/status\/1323648892609744897?ref_src=twsrc%5Etfw\">November 3, 2020<\/a><\/blockquote>\r\n<p><script async=\"\" src=\"https:\/\/platform.twitter.com\/widgets.js\" charset=\"utf-8\"><\/script><\/p>\r\n<p>Dworczyk zapowiedzia\u0142 tak\u017ce kolejne <strong>regulacje maj\u0105ce u\u0142atwi\u0107 \u015bci\u0105ganie cudzoziemc\u00f3w spoza UE do pracy w polskiej s\u0142u\u017cbie zdrowia.<\/strong> Jak m\u00f3wi\u0142, rz\u0105d przygotowuje przepisy upraszczaj\u0105ce warunki dla lekarzy, piel\u0119gniarek i ratownik\u00f3w medycznych spoza UE, kt\u00f3rzy b\u0119d\u0105 chcieli pracowa\u0107 w Polsce. Od momentu decyzji b\u0119d\u0105 oni mogli w ci\u0105gu dw\u00f3ch-trzech tygodni podejmowa\u0107 prac\u0119 pod nadzorem polskiego lekarza. Szef KPRM m\u00f3wi\u0142, \u017ce projekt nowelizacji w tej sprawie trafi w przysz\u0142ym tygodniu do Sejmu.<\/p>\r\n<p>Przypomnijmy, \u017ce <strong>przyj\u0119ta pod koniec pa\u017adziernika przez Sejm tzw. ustawa covidowa u\u0142atwia zatrudnianie w Polsce lekarzy spoza Unii Europejskiej, szczeg\u00f3lnie z Ukrainy. Maj\u0105 by\u0107 dopuszczani do wykonywania zawodu bez pe\u0142nej nostryfikacji dyplom\u00f3w<\/strong> i na podstawie o\u015bwiadczenia o wystarczaj\u0105cej znajomo\u015bci j\u0119zyka polskiego. Przepisy te krytycznie oceni\u0142 prezes Naczelnej Izby Lekarskiej Andrzej Matyja. \u201eCiekaw jestem czy Minister Zdrowia zdaje sobie spraw\u0119, jaki ci\u0119\u017car bierze na swoje barki? To przecie\u017c odpowiedzialno\u015b\u0107 za bezpieczne wykonywanie zawodu przez lekarzy, kt\u00f3rzy nie uko\u0144czyli 5-letnich studi\u00f3w i, na dodatek, niem\u00f3wi\u0105cy po polsku\u201d \u2013 m\u00f3wi\u0142 prezes NIL. \u201ePolscy lekarze nie boj\u0105 si\u0119 zagranicznej konkurencji, polscy lekarze boj\u0105 si\u0119 o bezpiecze\u0144stwo polskich pacjent\u00f3w\u201d \u2013 dodawa\u0142.<\/p>\r\n<p>Kresy.pl \/ polsatnews.pl<\/p>\r\n<p class=\"zrodlo\">Za: <a href=\"https:\/\/kresy.pl\/wydarzenia\/polska\/dworczyk-medycy-nie-beda-kierowani-na-kwarantanne-ulatwiamy-sciaganie-lekarzy-spoza-ue\/\">Kresy.pl (3 listopada 2020)<\/a><\/p>\r\n<h4>&nbsp;<\/h4>\r\n<hr style=\"background-color: #000000; border-width: 0; color: #000000; height: 2px; line-height: 0; text-align: center; width: 100%;\">\r\n<h4>&nbsp;<\/h4>","protected":false},"excerpt":{"rendered":"Rz\u0105d og\u0142osi\u0142 zmiany w strategii walki z koronawirusem. Dzi\u0119ki mo\u017cliwo\u015bci wykonywania test\u00f3w antygenowych personel medyczny nie b\u0119dzie kierowany na kwarantann\u0119. Ponadto szykowana jest kolejna zmiana przepis\u00f3w u\u0142atwiaj\u0105ca \u015bci\u0105ganie medyk\u00f3w spoza UE. Szef Kancelarii Premiera Micha\u0142 Dworczyk poinformowa\u0142 we wtorek na konferencji prasowej, \u017ce dzi\u0119ki przeprowadzonej w nocy zmianie przepis\u00f3w rz\u0105d zwolni\u0142 z kwarantanny personel medyczny. [&hellip;]","protected":false},"author":1,"featured_media":0,"comment_status":"closed","ping_status":"closed","sticky":false,"template":"","format":"standard","meta":{"_acf_changed":false,"_monsterinsights_skip_tracking":false,"_monsterinsights_sitenote_active":false,"_monsterinsights_sitenote_note":"","_monsterinsights_sitenote_category":0,"ngg_post_thumbnail":0,"footnotes":"","_wp_rev_ctl_limit":""},"categories":[451,8],"tags":[433,105,76,98,20],"acf":[],"_links":{"self":[{"href":"https:\/\/www.bibula.com\/index.php?rest_route=\/wp\/v2\/posts\/120169"}],"collection":[{"href":"https:\/\/www.bibula.com\/index.php?rest_route=\/wp\/v2\/posts"}],"about":[{"href":"https:\/\/www.bibula.com\/index.php?rest_route=\/wp\/v2\/types\/post"}],"author":[{"embeddable":true,"href":"https:\/\/www.bibula.com\/index.php?rest_route=\/wp\/v2\/users\/1"}],"replies":[{"embeddable":true,"href":"https:\/\/www.bibula.com\/index.php?rest_route=%2Fwp%2Fv2%2Fcomments&post=120169"}],"version-history":[{"count":1,"href":"https:\/\/www.bibula.com\/index.php?rest_route=\/wp\/v2\/posts\/120169\/revisions"}],"predecessor-version":[{"id":120170,"href":"https:\/\/www.bibula.com\/index.php?rest_route=\/wp\/v2\/posts\/120169\/revisions\/120170"}],"wp:attachment":[{"href":"https:\/\/www.bibula.com\/index.php?rest_route=%2Fwp%2Fv2%2Fmedia&parent=120169"}],"wp:term":[{"taxonomy":"category","embeddable":true,"href":"https:\/\/www.bibula.com\/index.php?rest_route=%2Fwp%2Fv2%2Fcategories&post=120169"},{"taxonomy":"post_tag","embeddable":true,"href":"https:\/\/www.bibula.com\/index.php?rest_route=%2Fwp%2Fv2%2Ftags&post=120169"}],"curies":[{"name":"wp","href":"https:\/\/api.w.org\/{rel}","templated":true}]}}