{"id":120149,"date":"2020-11-03T09:44:52","date_gmt":"2020-11-03T14:44:52","guid":{"rendered":"https:\/\/www.bibula.com\/?p=120149"},"modified":"2020-11-04T10:26:29","modified_gmt":"2020-11-04T15:26:29","slug":"austria-sily-specjalne-scigaja-terrorystow-szef-msw-mowi-o-ataku-isis-nie-zyja-3-osoby","status":"publish","type":"post","link":"https:\/\/www.bibula.com\/?p=120149","title":{"rendered":"Austria: si\u0142y specjalne \u015bcigaj\u0105 terroryst\u00f3w, szef MSW m\u00f3wi o ataku ISIS. Nie \u017cyj\u0105 3 osoby"},"content":{"rendered":"<p><strong>W centrum Wiednia trwa ob\u0142awa na terroryst\u00f3w. Uczestniczy w niej oddzia\u0142 do zada\u0144 specjalnych \u201eKobra\u201d oraz oddzia\u0142 szybkiego reagowania \u201eWega\u201d. S\u0105 wspierani przez funkcjonariuszy w stronach cywilnych, a \u015bledztwo prowadzi policja kryminalna i wywiad. Wiadomo ju\u017c, \u017ce napastnik\u00f3w by\u0142o kilku.<\/strong><\/p>\r\n<p>Centrum austriackiej stolicy zosta\u0142o zablokowane. W\u0142adze apeluj\u0105 do mieszka\u0144c\u00f3w, by pozostali w domach i nie posy\u0142ali dzieci do szk\u00f3\u0142. To efekt trwaj\u0105cej ob\u0142awy na terroryst\u00f3w, kt\u00f3rzy zaatakowali w poniedzia\u0142ek wieczorem. S\u0142u\u017cby dysponuj\u0105 portretem pami\u0119ciowym jednego z napastnik\u00f3w.<\/p>\r\n<p>W wyniku ataku zgin\u0119\u0142a jedna osoba, za\u015b w szpitalu od odniesionych obra\u017ce\u0144 zmar\u0142y kolejne dwie. W sumie do szpitali trafi\u0142o 17 os\u00f3b, w tym 7 w ci\u0119\u017ckim stanie. Z kolei przez policj\u0119 zastrzelony zosta\u0142 jeden z napastnik\u00f3w.<\/p>\r\n<p>Mia\u0142 by\u0107 on zwolennikiem Pa\u0144stwa Islamskiego \u2013 wynika ze s\u0142\u00f3w szefa austriackiego MSW Karla Nehammera, kt\u00f3ry napastnika okre\u015bli\u0142 mianem islamskiego terrorysty. Przy d\u017cihady\u015bcie znaleziono bro\u0144 d\u0142ug\u0105 oraz \u2013 jak si\u0119 okaza\u0142o dopiero p\u00f3\u017aniej \u2013 atrap\u0119 pasa z \u0142adunkami wybuchowymi.<\/p>\r\n<p>Opr\u00f3cz strza\u0142\u00f3w przy Seitenstettengasse ogie\u0144 otwarto tak\u017ce w pi\u0119ciu innych miejscach, co wskazuje, \u017ce napastnik\u00f3w by\u0142o kilku. Trwaj\u0105 ich poszukiwania. Wedle relacji \u015bwiadk\u00f3w w miejscu pierwszego ataku terrorysta zacz\u0105\u0142 strzela\u0107 do os\u00f3b zgromadzonych w barach. W poniedzia\u0142ek w mie\u015bcie wybuch\u0142a panika, ludzie uciekali z centrum Wiednia i szukali schronienia w hotelach. Nie dzia\u0142a\u0142a komunikacja publiczna.<\/p>\r\n<p><strong>Policja nie potwierdza natomiast pocz\u0105tkowych doniesie\u0144 o zwi\u0105zku ataku z poblisk\u0105 synagog\u0105.<\/strong> Nie potwierdzono r\u00f3wnie\u017c pog\u0142osem o wzi\u0119ciu zak\u0142adnik\u00f3w.<\/p>\r\n<p>Kanclerz Sebastian Kurz nazwa\u0142 atak &#8222;ohydnym zamachem terrorystycznym&#8221;.<\/p>\r\n<p>\u0179r\u00f3d\u0142o: interia.pl \/ rmf24.pl<\/p>\r\n<p>MW\u0142<\/p>\r\n<p class=\"zrodlo\">Za: <a href=\"https:\/\/www.pch24.pl\/austria--sily-specjalne-scigaja-terrorystow--szef-msw-mowi-o-ataku-isis--nie-zyja-3-osoby,79641,i.html\">PoloniaChristiana &#8211; pch24.pl (2020-11-03)&nbsp;<\/a><\/p>\r\n<h4>&nbsp;<\/h4>\r\n<hr style=\"background-color: #000000; border-width: 0; color: #000000; height: 2px; line-height: 0; text-align: center; width: 100%;\">\r\n<h4>&nbsp;<\/h4>\r\n<p><a href=\"https:\/\/www.bibula.com\/images\/120149\/nasz_dziennik_atak_na_ synagoge.jpg\"><img fetchpriority=\"high\" decoding=\"async\" class=\"aligncenter\" src=\"https:\/\/www.bibula.com\/images\/120149\/nasz_dziennik_atak_na_ synagoge.jpg\" width=\"602\" height=\"318\"><\/a><\/p>\r\n<p style=\"text-align: center;\"><em>Zrzut ekranu informacji medialnej &#8211; przyk\u0142ad manipulacji i przekazywania fa\u0142szywych i niesprawdzonych informacji. Zamieszczono dla cel\u00f3w edukacyjnych dotycz\u0105cych kategorii<\/em> FAKE NEWS.<br>\r\n<span class=\"podpis_sz\">\u0179r\u00f3d\u0142o: https:\/\/naszdziennik.pl\/swiat\/228528,atak-na-synagoge-w-wiedniu.html<\/span><\/p>\r\n<blockquote>\r\n<p><strong>KOMENTARZ <em>BIBU\u0141Y<\/em><\/strong>: Natychmiast po wczorajszym ataku terrorystycznym we Wiedniu agencje prasowe na ca\u0142ym \u015bwiecie rozpowszechni\u0142y fa\u0142szyw\u0105 informacj\u0119, nie popart\u0105 niczym poza domys\u0142ami, jakoby nast\u0105pi\u0142 atak na synagog\u0119. Po kr\u00f3tkim czasie okaza\u0142o si\u0119, \u017ce owszem, strza\u0142y pad\u0142y gdzie\u015b w okolicy gdzie mie\u015bci si\u0119 synagoga, ale strzelanina nie mia\u0142a nic wsp\u00f3lnego z jakimkolwiek aktem antysemityzmu czy atakiem na synagog\u0119. Ale uwra\u017cliwienie medialnego \u015bwiata na wszystko co \u017cydowskie jest tak du\u017ce, \u017ce gdy tylko co\u015b dzieje si\u0119 &#8222;w okolicy&#8221; synagogi czy &#8222;w okolicy&#8221; jakiego\u015b o\u015brodka \u017cydowskiego, to uto\u017csamia si\u0119 to z atakiem anty\u017cydowskim.<\/p>\r\n<p>Szkoda, \u017ce nie ma takiego uwra\u017cliwienia na antychrze\u015bcija\u0144stwo i prawdziwe zbrodnie, bo mieliby\u015bmy po kilka razy dziennie <em>breaking news<\/em>, \u017ce nast\u0119puje &#8222;atak na ko\u015bci\u00f3\u0142&#8221;, bo co\u015b wydarzy\u0142o si\u0119 &#8222;w okolicy ko\u015bcio\u0142a&#8221;. Zreszt\u0105, te same wra\u017cliwe media milczeniem pomijaj\u0105 rzeczywiste ataki na ko\u015bcio\u0142y, w\u0142\u0105cznie z podpaleniami, a nag\u0142a\u015bniaj\u0105 b\u0105d\u017a kreuj\u0105 nieistniej\u0105ce incydenty, kt\u00f3re nawet po\u015brednio mog\u0142yby dotyczy\u0107 \u017cydostwa. Tyle na temat obiektywizmu \u015bwiatowych agencji informacyjnych. Wida\u0107, kto w nich pracuje, jak ci &#8222;dziennikarze&#8221; my\u015bl\u0105, jak czuj\u0105, co uwa\u017caj\u0105 za wa\u017cne i cenne, a co niewarte uwagi.<\/p>\r\n<p>Jako przyk\u0142ad &#8211; dla cel\u00f3w edukacyjnych &#8211; prezentujemy zrzut ekranu z Naszego Dziennika, czyli medium kt\u00f3re tak chlubi si\u0119 przekazywaniem &#8222;niezale\u017cnych informacji&#8221;. Oczywi\u015bcie wiadomo z obserwacji tego dziennika, \u017ce dzia\u0142 wiadomo\u015bci &#8211; tak NDz jak i Radia Maryja oraz innych medi\u00f3w ojca Tadeusza &#8211; nale\u017c\u0105 do najgorszych cz\u0119\u015bci ram\u00f3wki, bo jest to nic innego jak zwyk\u0142e kopiowanie informacji podawanych przez agencje prasowe, kt\u00f3re &#8211; jak wida\u0107 &#8211; s\u0105 dalekie od obiektywizmu. Tutaj pos\u0142u\u017cono si\u0119 agencj\u0105 PAP, kt\u00f3ra oczywi\u015bcie bierze informacje z innych sieci, jak Reuters, AP czy UPI i jest r\u00f3wnie jak one obiektywna.<\/p>\r\n<p>Bo wszystkie agencje s\u0105 stworzone dla dw\u00f3ch g\u0142\u00f3wych i chyba jedynych cel\u00f3w: zarabianiu pieni\u0119dzy dla siebie i manipulowaniu spo\u0142ecze\u0144stwami (kolejno\u015b\u0107 do uzgodnienia). Rzetelne przekazywanie informacji i opisywanie rzeczywisto\u015bci nie jest nawet na setnym miejscu autentycznych cel\u00f3w tego rodzaju instytucji.<\/p>\r\n<\/blockquote>\r\n<h4>&nbsp;<\/h4>\r\n<hr style=\"background-color: #000000; border-width: 0; color: #000000; height: 2px; line-height: 0; text-align: center; width: 100%;\">\r\n<h4>&nbsp;<\/h4>","protected":false},"excerpt":{"rendered":"W centrum Wiednia trwa ob\u0142awa na terroryst\u00f3w. Uczestniczy w niej oddzia\u0142 do zada\u0144 specjalnych \u201eKobra\u201d oraz oddzia\u0142 szybkiego reagowania \u201eWega\u201d. S\u0105 wspierani przez funkcjonariuszy w stronach cywilnych, a \u015bledztwo prowadzi policja kryminalna i wywiad. Wiadomo ju\u017c, \u017ce napastnik\u00f3w by\u0142o kilku. Centrum austriackiej stolicy zosta\u0142o zablokowane. W\u0142adze apeluj\u0105 do mieszka\u0144c\u00f3w, by pozostali w domach i nie [&hellip;]","protected":false},"author":1,"featured_media":0,"comment_status":"closed","ping_status":"closed","sticky":false,"template":"","format":"standard","meta":{"_acf_changed":false,"_monsterinsights_skip_tracking":false,"_monsterinsights_sitenote_active":false,"_monsterinsights_sitenote_note":"","_monsterinsights_sitenote_category":0,"ngg_post_thumbnail":0,"footnotes":"","_wp_rev_ctl_limit":""},"categories":[6],"tags":[48,244,70,20,126],"acf":[],"_links":{"self":[{"href":"https:\/\/www.bibula.com\/index.php?rest_route=\/wp\/v2\/posts\/120149"}],"collection":[{"href":"https:\/\/www.bibula.com\/index.php?rest_route=\/wp\/v2\/posts"}],"about":[{"href":"https:\/\/www.bibula.com\/index.php?rest_route=\/wp\/v2\/types\/post"}],"author":[{"embeddable":true,"href":"https:\/\/www.bibula.com\/index.php?rest_route=\/wp\/v2\/users\/1"}],"replies":[{"embeddable":true,"href":"https:\/\/www.bibula.com\/index.php?rest_route=%2Fwp%2Fv2%2Fcomments&post=120149"}],"version-history":[{"count":10,"href":"https:\/\/www.bibula.com\/index.php?rest_route=\/wp\/v2\/posts\/120149\/revisions"}],"predecessor-version":[{"id":120166,"href":"https:\/\/www.bibula.com\/index.php?rest_route=\/wp\/v2\/posts\/120149\/revisions\/120166"}],"wp:attachment":[{"href":"https:\/\/www.bibula.com\/index.php?rest_route=%2Fwp%2Fv2%2Fmedia&parent=120149"}],"wp:term":[{"taxonomy":"category","embeddable":true,"href":"https:\/\/www.bibula.com\/index.php?rest_route=%2Fwp%2Fv2%2Fcategories&post=120149"},{"taxonomy":"post_tag","embeddable":true,"href":"https:\/\/www.bibula.com\/index.php?rest_route=%2Fwp%2Fv2%2Ftags&post=120149"}],"curies":[{"name":"wp","href":"https:\/\/api.w.org\/{rel}","templated":true}]}}