{"id":120123,"date":"2020-11-02T10:26:05","date_gmt":"2020-11-02T15:26:05","guid":{"rendered":"https:\/\/www.bibula.com\/?p=120123"},"modified":"2020-11-02T10:44:29","modified_gmt":"2020-11-02T15:44:29","slug":"francja-pod-plaszczykiem-pandemii-rzad-reguluje-co-wolno-kupowac-i-sprzedawac","status":"publish","type":"post","link":"https:\/\/www.bibula.com\/?p=120123","title":{"rendered":"Francja: pod p\u0142aszczykiem pandemii rz\u0105d reguluje, co wolno kupowa\u0107 i sprzedawa\u0107"},"content":{"rendered":"<p><strong>W niedziel\u0119 wieczorem francuski rz\u0105d w osobie premiera Jeana Castexa poinformowa\u0142, \u017ce od 3 listopada supermarkety w tym kraju nie b\u0119d\u0105 mog\u0142y sprzedawa\u0107 towar\u00f3w, kt\u00f3re nie zosta\u0142y uznane przez w\u0142adze za \u201eartyku\u0142y pierwszej potrzeby\u201d. Decyzja ta ma zwi\u0105zek z tzw. pandemi\u0105 koronawirusa.<\/strong><\/p>\r\n<p>Castex by\u0142 go\u015bciem telewizji TF1. Premier Francji powiedzia\u0142, \u017ce <strong>artyku\u0142\u00f3w, kt\u00f3re nie zosta\u0142y uznane za towary pierwszej potrzeby nie b\u0119dzie mo\u017cna sprzedawa\u0107 w supermarketach.<\/strong> Wcze\u015bniej dotyczy\u0142o to tylko \u201ema\u0142ych sklep\u00f3w\u201d. Jego zdaniem, ma to by\u0107 sprawiedliwe wobec drobnych sklepikarzy, kt\u00f3rych plac\u00f3wki handlowe musia\u0142y zosta\u0107 zamkni\u0119te. \u2013 <em>Zwracam si\u0119 do sprzedawc\u00f3w i do wszystkich obywateli &#8211; lepiej teraz przestrzega\u0107 zasad dotycz\u0105cych zdrowia i bezpiecze\u0144stwa, by\u015bmy mogli szybciej zako\u0144czy\u0107 lockdown<\/em> \u2013 stwierdzi\u0142.<\/p>\r\n<p>[&#8230;]<\/p>\r\n<p>TK<\/p>\r\n<blockquote>\r\n<p>[<strong>Wybrane wypowiedzi internaut\u00f3w pod w\/w tekstem na stronie \u017ar\u00f3d\u0142owej:<\/strong>]<\/p>\r\n<p>Ave Maria! Budowa szata\u0144skiego totalitaryzmu jakiego \u015bwiat nie zna\u0142, tak to wygl\u0105da. Jednak i tak nadejdzie trumf Niepokalanego Serca Maryi!:<br>\r\n<em>ewcia<\/em><br>\r\n<br>\r\nPod p\u0142aszczykiem pandemii kryj\u0105 si\u0119 r\u00f3\u017cne opcje \u0142ajdactwa rz\u0105dz\u0105cych. Pyta\u0107 mo\u017cna tylko, na czyje polecenie tak si\u0119 zachowuj\u0105? Jest kilka o\u015brodk\u00f3w &#8222;nadzoru \u015bwiatowego&#8221;, a kt\u00f3ry jest w tym najbardziej kompetentny, to ju\u017c kwestia indywidualnej wiedzy i oceny. Mi przychodzi na my\u015bl jedna zasadnicza kwestia, \u017ce te wszystkie p\u0142aszczyki okry\u0142y najwi\u0119kszy przekr\u0119t, przekr\u0119t nie maj\u0105cy sobie r\u00f3wnych w dziejach ludzko\u015bci, kt\u00f3rym jest tzw. OCIEPLANIE SI\u0118 KLIMATU. Naiwno\u015bci\u0105 bezgraniczn\u0105 jest my\u015blenie, \u017ce te wszystkie antyepidemiczne poczynania s\u0105 poczuciem troski o nasze zdrowie, gdy &#8222;ICH&#8221; nadrz\u0119dnym problemem jest przeludnienie i redukcja ludno\u015bci liczona w miliardach.<br>\r\n<em>W-Sawa<\/em><br>\r\n<br>\r\nLudzie nie rozumiej\u0105 najwa\u017cniejszego a mianowicie tego \u017ce to wszystko jest by\u0142o zaplanowane wiele lat temu i to co si\u0119 dzieje jest po prostu realizacj\u0105 planu niszczenia cywilizacji. Zniszczona ma my\u0107 gospodarka, wiara oraz poczucie wsp\u00f3lnoty mi\u0119dzyludzkiej. Tak\u0105 urobion\u0105 &#8222;mas\u0119&#8221; b\u0119dzie mo\u017cna kszta\u0142towa\u0107 w imi\u0119 nowego porz\u0105dku \u015bwiata. Najwa\u017cniejsza rzecz to nie da\u0107 si\u0119 szatanowi i zachowa\u0107 dusz\u0119 dla Jezusa Chrystusa tylko w nim nadzieja.<br>\r\n<em>Pawe\u0142<\/em><br>\r\n<br>\r\nZostawi\u0142bym ocet i bulki. No i Pewexy dla w\u0142adzy z koniakami. No bo bez przesady!<br>\r\n<em>Jot<\/em><br>\r\n<br>\r\nCzym ten rz\u0105d r\u00f3\u017cni si\u0119 od rz\u0105du okupacyjnego?<br>\r\n<em>Katarzyna 2<\/em><br>\r\n<br>\r\nA czy kto\u015b zapyta\u0142, czy obywatele chc\u0105 by\u0107 chronieni i kt\u00f3rzy chc\u0105? Ja na przyk\u0142ad NIE CHC\u0118 i NIE POTRZEBUJ\u0118 \u017b\u0104DNEJ OCHRONY RZ\u0104DU PRZED &#8222;EPIDEMI\u0104&#8221;, a rz\u0105d brutaln\u0105 si\u0142\u0105, wbrew mojej woli udaje, \u017ce mnie &#8222;chroni&#8221;, a w rzeczywisto\u015bci nara\u017ca moje zdrowie i \u017cycie ograniczaj\u0105c moj\u0105 wolno\u015b\u0107 osobist\u0105 i uniemo\u017cliwia mi prawdziw\u0105, samodzieln\u0105 ochron\u0119,usi\u0142uj\u0105c z brudnymi buciorami w\u0142azi\u0107 w moj\u0105 prywatno\u015b\u0107, chwilami intymno\u015b\u0107&#8230;<br>\r\n<em>go\u015b\u01071<\/em><br>\r\n<br>\r\nA czy u nas nie pierwszych pr\u00f3b?<strong> Teraz uderzono w kwiaty, a za chwil\u0119 b\u0119dzie zakaz choinek.<\/strong> Za\u0142o\u017cymy si\u0119? Ju\u017c otwarcie m\u00f3wi\u0105 o pe\u0142nym lockdownie, gdy liczba tzw. zaka\u017ce\u0144 osi\u0105gnie 30 000. A to ludzie Niedzielskiego wykonaj\u0105 w ci\u0105gu p\u00f3\u0142 dnia + 5 000 rezerwy, je\u015bli Morawiecki wyda takie polecenie, a Kaczy\u0144ski zatwierdzi.<br>\r\n<em>Republikanin<\/em><br>\r\n<br>\r\noto stajemy si\u0119 niewolnikami w imi\u0119 &#8222;ochrony naszego zdrowia&#8221;&#8230;.<br>\r\n<em>Katarzyna<\/em><br>\r\n<br>\r\nszale\u0144stwo&#8230; NWO<br>\r\n<em>www<\/em><\/p>\r\n<\/blockquote>\r\n<p class=\"zrodlo\">Ca\u0142o\u015b\u0107: <a href=\"https:\/\/www.pch24.pl\/francja--pod-plaszczykiem-pandemii-rzad-reguluje--co-wolno-kupowac-i-sprzedawac,79601,i.html\">PoloniaChristiana &#8211; pch24.pl (2020-11-02)<\/a><\/p>\r\n<h4>&nbsp;<\/h4>\r\n<hr style=\"background-color: #000000; border-width: 0; color: #000000; height: 2px; line-height: 0; text-align: center; width: 100%;\">\r\n<h4>&nbsp;<\/h4>\r\n<h2>Belgia zmienia si\u0119 w wi\u0119zienie. W\u0142adze zupe\u0142nie nie radz\u0105 sobie z pandemi\u0105<\/h2>\r\n<p><strong>Od poniedzia\u0142ku w Belgii obowi\u0105zuj\u0105 nowe, zaostrzone \u015brodki z powodu Covid-19. Zamkni\u0119te s\u0105 wszystkie sklepy, opr\u00f3cz spo\u017cywczych i aptek. W kraju ro\u015bnie liczba zaka\u017ce\u0144 koronawirusem, wi\u0119c w\u0142adze zdecydowa\u0142y si\u0119 na wprowadzenie bardziej restrykcyjnych obostrze\u0144 na 6 tygodni.<\/strong><\/p>\r\n<p>W zwi\u0105zku z decyzj\u0105 o zamkni\u0119ciu sklep\u00f3w w weekend t\u0142umy sta\u0142y w kolejkach do sklep\u00f3w odzie\u017cowych i oferuj\u0105cych wyposa\u017cenie domu.<\/p>\r\n<p>W\u0142adze zdecydowa\u0142y, \u017ce od poniedzia\u0142ku przedsi\u0119biorstwa musz\u0105 \u2013 gdy jest to mo\u017cliwe \u2013 wprowadzi\u0107 teleprac\u0119. Fryzjerzy i kosmetyczki musz\u0105 zawiesi\u0107 swoj\u0105 dzia\u0142alno\u015b\u0107. Kawiarnie i restauracje pozostaj\u0105 zamkni\u0119te.<br>\r\nReklama<\/p>\r\n<p>Wprowadzono kolejne ograniczenia, je\u015bli chodzi o liczb\u0119 go\u015bci zapraszanych do domu, i przed\u0142u\u017cono ferie szkolne do 15 listopada w\u0142\u0105cznie.<\/p>\r\n<p>Gospodarstwa domowe mog\u0105 teraz zaprosi\u0107 tylko jedn\u0105 osob\u0119 do swojego domu w danym momencie. Ka\u017cdemu domownikowi zezwala si\u0119 na zapraszanie jednej, tej samej osoby do mieszkania lub domu. Osoby mieszkaj\u0105ce samotnie mog\u0105 mie\u0107 dwie takie osoby, kt\u00f3re mog\u0105 zaprasza\u0107, ale nie jednocze\u015bnie. Na zewn\u0105trz mo\u017cna spotka\u0107 si\u0119 z maksymalnie trzema innymi osobami, na przyk\u0142ad na spacerze.<\/p>\r\n<p>Restauracje i bary w hotelach musz\u0105 zosta\u0107 zamkni\u0119te. Go\u015bcie hotelowi mog\u0105 spo\u017cywa\u0107 posi\u0142ki tylko w swoich pokojach. W pogrzebach mo\u017ce uczestniczy\u0107 maksymalnie 15 os\u00f3b.<\/p>\r\n<p>Zaostrzenie \u015brodk\u00f3w t\u0142umaczone jest krytyczn\u0105 sytuacj\u0105 w szpitalach. Nie obejmuj\u0105 one ogranicze\u0144 w poruszaniu si\u0119 i podr\u00f3\u017cowaniu.<\/p>\r\n<p>\u2013 Nasz kraj znajduje si\u0119 w stanie zagro\u017cenia sanitarnego. Presja na szpitale jest ogromna, a pracownicy s\u0142u\u017cby zdrowia ka\u017cdego dnia podejmuj\u0105 nadludzkie wysi\u0142ki, aby ratowa\u0107 ludziom \u017cycie \u2013 m\u00f3wi\u0142 w pi\u0105tek premier Belgii Alexander De Croo. Jak powiedzia\u0142, zak\u0142ada si\u0119, \u017ce w po\u0142owie listopada \u201ena oddzia\u0142ach intensywnej terapii znajdzie si\u0119 2800 os\u00f3b\u201d.<\/p>\r\n<p>W Belgii jest obecnie hospitalizowanych wi\u0119cej pacjent\u00f3w z koronawirusem ni\u017c na pocz\u0105tku wiosny, w szczycie pierwszej fali.<\/p>\r\n<p>W kraju obowi\u0105zuje godzina policyjna mi\u0119dzy p\u00f3\u0142noc\u0105 a godz. 5.<\/p>\r\n<p>Wed\u0142ug Uniwersytetu Johnsa Hopkinsa w USA. dotychczas w Belgii wykryto ponad 441 tys. zaka\u017ce\u0144 koronawirusem, a ponad 11,7 tys. zaka\u017conych os\u00f3b zmar\u0142o. Wska\u017aniki nalez\u0105 do najgorszych na \u015bwiecie i sa najgorsze w Europie. Na milion mieszka\u0144c\u00f3w odnotowano tam ju\u017c 1011 zgon\u00f3w. Dla por\u00f3wnania \u2013 w Polsce 155.<\/p>\r\n<p>Wielkim siedliskiem zarazy jest sama Bruksela. W\u015br\u00f3d pracownik\u00f3w Komisji Euriopeksiej odnotowano ponad 400 przypadk\u00f3w koronawirusa. Na kwarantannie przebywa m.in. mieszkaj\u0105cy w Brukseli Donald Tusk, u kt\u00f3rego miano stwierdzi\u0107 symptomy zara\u017cenia. Nie ma jednak oficjalnych doniesie\u0144 w sprawie ewentualnej infekcji<\/p>\r\n<p class=\"zrodlo\">Za: <a href=\"https:\/\/nczas.com\/2020\/11\/02\/belgia-zmienia-sie-w-wiezienie-wladze-zupelnie-nie-radza-sobie-z-pandemia\/\">Najwy\u017cszy Czas! (2 listopada 2020)<\/a><\/p>\r\n<h4>&nbsp;<\/h4>\r\n<hr style=\"background-color: #000000; border-width: 0; color: #000000; height: 2px; line-height: 0; text-align: center; width: 100%;\">\r\n<h4>&nbsp;<\/h4>\r\n<h2>Szwajcaria. Stan wyj\u0105tkowy i ca\u0142kowity lockdown w Genewie<\/h2>\r\n<p><strong>W Genewie od poniedzia\u0142ku zamkni\u0119te b\u0119d\u0105 wszystkie restauracje, bary i sklepy niehandluj\u0105ce towarami pierwszej potrzeby \u2013 og\u0142osi\u0142y w niedziel\u0119 w\u0142adze tego szwajcarskiego kantonu. Sytuacja epidemiczna w Szwajcarii si\u0119 pogarsza, wed\u0142ug lokalnych medi\u00f3w brakuje miejsc w szpitalach. [&#8230;]<br>\r\n<\/strong><\/p>\r\n<p class=\"zrodlo\">Ca\u0142o\u015b\u0107: <a href=\"https:\/\/nczas.com\/2020\/11\/02\/belgia-zmienia-sie-w-wiezienie-wladze-zupelnie-nie-radza-sobie-z-pandemia\/\">Najwy\u017cszy Czas! (1 listopada 2020)<\/a><\/p>\r\n<h4>&nbsp;<\/h4>\r\n<hr style=\"background-color: #000000; border-width: 0; color: #000000; height: 2px; line-height: 0; text-align: center; width: 100%;\">\r\n<h4>&nbsp;<\/h4>\r\n<h2>Koktajle Mo\u0142otowa, kamienie, gaz \u0142zawi\u0105cy. Hiszpanie protestuj\u0105 przeciwko obostrzeniom<\/h2>\r\n<p><strong>30 os\u00f3b zosta\u0142o rannych, a kolejnych 70 zatrzymanych przez policj\u0119 po tym jak w niedziel\u0119 wieczorem w kilku hiszpa\u0144skich miastach zorganizowano protesty przeciwko obostrzeniom wprowadzonym w zwi\u0105zku z tzw. pandemi\u0105 koronawirusa.<\/strong><\/p>\r\n<p>Do najostrzejszych star\u0107 z policj\u0105 dosz\u0142o w Madrycie, gdzie protestuj\u0105cy rzucali w policj\u0119 kamieniami oraz koktajlami Mo\u0142otowa. Policja odpowiedzia\u0142a gazem \u0142zawi\u0105cym i armatkami wodnymi. Zniszczono wiele sklepowych witryn, wybijano szyby w prywatnych mieszkaniach oraz atakowano osoby, kt\u00f3re wraca\u0142y do swoich dom\u00f3w za to, \u017ce nie protestuj\u0105. Policja zatrzyma\u0142a 33 osoby.<\/p>\r\n<p>Wed\u0142ug dziennika \u201eEl Mundo\u201d zamieszki w stolicy Hiszpanii zorganizowa\u0142y lewicowe organizacje, kt\u00f3rych cz\u0142onkowie maj\u0105 na sobie emblematy w czarno-czerwonych barwach Antify. Gazeta twierdzi, \u017ce gwa\u0142towne wyst\u0105pienia mog\u0142y by\u0107 wcze\u015bniej planowane, na co dowodem s\u0105 znalezione w jednym z madryckich budynk\u00f3w koktajle Mo\u0142otowa i kanistry z benzyn\u0105 gotowe do podpalenia.<\/p>\r\n<p>Poza Madrytem zamieszki mia\u0142y w niedziel\u0119 miejsce w ponad 20 hiszpa\u0144skich miastach, w tym m.in. w Logrono, Oviedo, Bilbao, Grenadzie, Maladze, Saragossie, Burgos i Walencji. W sumie gwa\u0142towne wyst\u0105pienia przeciwnik\u00f3w obostrze\u0144 epidemicznych trwaj\u0105 w Hiszpanii ju\u017c od pi\u0119ciu dni.<\/p>\r\n<p>W wieczornym komunikacie premier Hiszpanii Pedro Sanchez og\u0142osi\u0142, \u017ce jego rz\u0105d nie cofnie si\u0119 przed protestami, organizowanymi przez \u201egrupy mniejszo\u015bciowe\u201d, kt\u00f3re jego zdaniem pr\u00f3buj\u0105 zdestabilizowa\u0107 \u0142ad publiczny.<\/p>\r\n<p>Od tygodnia w Hiszpanii obowi\u0105zuje stan zagro\u017cenia epidemicznego, przewiduj\u0105cy m.in. zakaz opuszczania dom\u00f3w w godz. 23-6. Potrwa do 9 maja 2021 r.<\/p>\r\n<p>\u0179r\u00f3d\u0142o: polskieradio24.pl<\/p>\r\n<p>TK<\/p>\r\n<p class=\"zrodlo\">Za: <a href=\"https:\/\/www.pch24.pl\/koktajle-molotowa--kamienie--gaz-lzawiacy--hiszpanie-protestuja-przeciwko-obostrzeniom,79605,i.html\">PoloniaChristiana &#8211; pch24.pl (2020-11-02)<\/a><\/p>\r\n<h4>&nbsp;<\/h4>\r\n<hr style=\"background-color: #000000; border-width: 0; color: #000000; height: 2px; line-height: 0; text-align: center; width: 100%;\">\r\n<h4>&nbsp;<\/h4>\r\n<h2>Wielka Brytania zamkni\u0119ta. Premier Boris Johnson og\u0142osi\u0142 lockdown<\/h2>\r\n<p><strong>W najbli\u017cszy czwartek rozpocznie si\u0119 w Anglii ca\u0142kowity lockdown, kt\u00f3ry potrwa do 2 grudnia \u2013 og\u0142osi\u0142 w sobot\u0119 wieczorem brytyjski premier Boris Johnson.<\/strong><\/p>\r\n<p>W tym czasie ludzie powinni pozostawa\u0107 w domach, z wyj\u0105tkiem nielicznych uzasadnionych przyczyn, a osoby z r\u00f3\u017cnych gospodarstw domowych nie b\u0119d\u0105 mog\u0142y si\u0119 spotyka\u0107 w zamkni\u0119tych przestrzeniach.<\/p>\r\n<p>Zamkni\u0119te maj\u0105 zosta\u0107 wszystkie puby, bary i restauracje, a tak\u017ce sklepy z wyj\u0105tkiem tych, kt\u00f3re sprzedaj\u0105 artyku\u0142y pierwszej potrzeby.<\/p>\r\n<p>W por\u00f3wnaniu z pierwszym lockdownem, wprowadzonym pod koniec marca, czynne pozostan\u0105 szko\u0142y i uniwersytety.<\/p>\r\n<p>Poza domem mo\u017cna si\u0119 spotka\u0107 tylko z jedn\u0105 osob\u0105. Brytyjczykom nie wolno tak\u017ce spotyka\u0107 si\u0119 z innymi osobami ni\u017c domownicy w domach czy w ogr\u00f3dkach.[&#8230;]<\/p>\r\n<p class=\"zrodlo\">Ca\u0142o\u015b\u0107: <a href=\"https:\/\/nczas.com\/2020\/10\/31\/wielka-brytania-zamknieta-premier-borsi-johnson-oglosil-lockdown\/\">Najwy\u017cszy Czas! (31 pa\u017adziernika 2020)<\/a><\/p>\r\n<h4>&nbsp;<\/h4>\r\n<hr style=\"background-color: #000000; border-width: 0; color: #000000; height: 2px; line-height: 0; text-align: center; width: 100%;\">\r\n<h4>&nbsp;<\/h4>\r\n<h2 class=\"article__title\">Anglia: Dlaczego rz\u0105d zamyka ko\u015bcio\u0142y?<\/h2>\r\n<div class=\"article__subTitle\"><strong>Przewodnicz\u0105cy Konferencji Episkopatu Anglii i Walii kard. Vincent Nichols mocno skrytykowa\u0142 rz\u0105dow\u0105 decyzj\u0119 o zamkni\u0119ciu miejsc kultu w zwi\u0105zku z kolejn\u0105 blokad\u0105 kraju. Regu\u0142y nowego lockdowne\u2019u nie zosta\u0142y jeszcze przeg\u0142osowanie w parlamencie, dlatego katolicy w Wielkiej Brytanii zach\u0119cani s\u0105 do wywierania presji na pos\u0142\u00f3w, aby nie wahali si\u0119 prosi\u0107 o przedstawienie dowod\u00f3w, uzasadniaj\u0105cych ponowne zamkni\u0119cie ko\u015bcio\u0142\u00f3w.<\/strong>\r\n<div class=\"article__text \">\r\n<p><strong>Stanowisko rz\u0105du jest jasne: od 5 listopada nie b\u0119dzie mo\u017cna wzi\u0105\u0107 udzia\u0142u we Mszy ani nabo\u017ce\u0144stwie<\/strong>. Zakazane zostan\u0105 wszelkie spotkania wsp\u00f3lnotowe, za wyj\u0105tkiem pogrzeb\u00f3w z udzia\u0142em do 30 os\u00f3b. Ko\u015bcio\u0142y i inne miejsca kultu b\u0119dzie mo\u017cna otworzy\u0107 tylko na modlitw\u0119 indywidualn\u0105 a tak\u017ce w celu sporz\u0105dzenia relacji przez dziennikarzy i w przypadku, gdy w budynku parafii prowadzone s\u0105 akcje krwiodawcze, dzia\u0142aj\u0105 przedszkola, lub inne zaj\u0119cia dla dzieci czy tzw. banki \u017cywno\u015bci. We Mszy i nabo\u017ce\u0144stwach b\u0119dzie mo\u017cna uczestniczy\u0107 wy\u0142\u0105cznie duchowo, drog\u0105 transmisji online.<\/p>\r\n<p><strong>Zasady te maj\u0105 obowi\u0105zywa\u0107 do 2 grudnia<\/strong>, jednak \u017ceby wesz\u0142y w \u017cycie, konieczne jest przeg\u0142osowanie ich przez parlament. Mo\u017cna wi\u0119c wp\u0142yn\u0105\u0107 na pos\u0142\u00f3w, aby domagali si\u0119 danych, na podstawie kt\u00f3rych rz\u0105d podj\u0105\u0142 decyzj\u0119 o zamkni\u0119ciu ko\u015bcio\u0142\u00f3w. [&#8230;]<\/p>\r\n<div class=\"article__text \">\r\n<p><b><em>El\u017cbieta Sobolewska-Farbotko<\/em><\/b> \u2013 Wielka Brytania (Radio Bobola)<\/p>\r\n<p class=\"zrodlo\">Ca\u0142o\u015b\u0107: <a href=\"https:\/\/www.vaticannews.va\/pl\/kosciol\/news\/2020-11\/anglia-dlaczego-rzad-zamyka-koscioly.html\">VaticanNews (02 listopada 2020)<\/a><\/p>\r\n<h4>&nbsp;<\/h4>\r\n<hr style=\"background-color: #000000; border-width: 0; color: #000000; height: 2px; line-height: 0; text-align: center; width: 100%;\">\r\n<h4>&nbsp;<\/h4>\r\n<\/div>\r\n<\/div>\r\n<\/div>","protected":false},"excerpt":{"rendered":"W niedziel\u0119 wieczorem francuski rz\u0105d w osobie premiera Jeana Castexa poinformowa\u0142, \u017ce od 3 listopada supermarkety w tym kraju nie b\u0119d\u0105 mog\u0142y sprzedawa\u0107 towar\u00f3w, kt\u00f3re nie zosta\u0142y uznane przez w\u0142adze za \u201eartyku\u0142y pierwszej potrzeby\u201d. Decyzja ta ma zwi\u0105zek z tzw. pandemi\u0105 koronawirusa. Castex by\u0142 go\u015bciem telewizji TF1. Premier Francji powiedzia\u0142, \u017ce artyku\u0142\u00f3w, kt\u00f3re nie zosta\u0142y [&hellip;]","protected":false},"author":1,"featured_media":0,"comment_status":"closed","ping_status":"closed","sticky":false,"template":"","format":"standard","meta":{"_acf_changed":false,"_monsterinsights_skip_tracking":false,"_monsterinsights_sitenote_active":false,"_monsterinsights_sitenote_note":"","_monsterinsights_sitenote_category":0,"ngg_post_thumbnail":0,"footnotes":"","_wp_rev_ctl_limit":""},"categories":[451,8],"tags":[132,250,433,191,351,20,189,239,220],"acf":[],"_links":{"self":[{"href":"https:\/\/www.bibula.com\/index.php?rest_route=\/wp\/v2\/posts\/120123"}],"collection":[{"href":"https:\/\/www.bibula.com\/index.php?rest_route=\/wp\/v2\/posts"}],"about":[{"href":"https:\/\/www.bibula.com\/index.php?rest_route=\/wp\/v2\/types\/post"}],"author":[{"embeddable":true,"href":"https:\/\/www.bibula.com\/index.php?rest_route=\/wp\/v2\/users\/1"}],"replies":[{"embeddable":true,"href":"https:\/\/www.bibula.com\/index.php?rest_route=%2Fwp%2Fv2%2Fcomments&post=120123"}],"version-history":[{"count":9,"href":"https:\/\/www.bibula.com\/index.php?rest_route=\/wp\/v2\/posts\/120123\/revisions"}],"predecessor-version":[{"id":120138,"href":"https:\/\/www.bibula.com\/index.php?rest_route=\/wp\/v2\/posts\/120123\/revisions\/120138"}],"wp:attachment":[{"href":"https:\/\/www.bibula.com\/index.php?rest_route=%2Fwp%2Fv2%2Fmedia&parent=120123"}],"wp:term":[{"taxonomy":"category","embeddable":true,"href":"https:\/\/www.bibula.com\/index.php?rest_route=%2Fwp%2Fv2%2Fcategories&post=120123"},{"taxonomy":"post_tag","embeddable":true,"href":"https:\/\/www.bibula.com\/index.php?rest_route=%2Fwp%2Fv2%2Ftags&post=120123"}],"curies":[{"name":"wp","href":"https:\/\/api.w.org\/{rel}","templated":true}]}}