{"id":120091,"date":"2020-11-01T14:33:39","date_gmt":"2020-11-01T19:33:39","guid":{"rendered":"https:\/\/www.bibula.com\/?p=120091"},"modified":"2020-11-01T18:30:16","modified_gmt":"2020-11-01T23:30:16","slug":"chca-zabijania-profanuja-kradna-aborcjonisci-znow-napadli-na-kosciol","status":"publish","type":"post","link":"https:\/\/www.bibula.com\/?p=120091","title":{"rendered":"Chc\u0105 zabijania, profanuj\u0105, kradn\u0105\u2026 Aborcjoni\u015bci zn\u00f3w napadli na ko\u015bci\u00f3\u0142"},"content":{"rendered":"<p><strong>Proaborcyjne symbole i plakaty, okradzione ko\u015bcielne skarbony \u2013 to efekt nocnej wizyty zwolennik\u00f3w swobody zabijania nienarodzonych w szczeci\u0144skim ko\u015bciele pod wezwaniem \u015bwi\u0119tego Ottona.<\/strong><\/p>\r\n<p>Pioruny, plakaty z podpisami: \u201eKo\u015bci\u00f3\u0142 jest dla ludzi nie partii\u201d, \u201eNie wy a B\u00f3g ocenia nas!\u201d, osiem gwiazdek, oznaczaj\u0105cych wulgarne has\u0142o przeciwko PiS\u2026 Zwolennicy rozszerzenia legalno\u015bci tak zwanej aborcji nie ograniczyli si\u0119 jednak do demonstracji pogl\u0105d\u00f3w. Okradli tak\u017ce ko\u015bcielne skarbony z ofiar, mi\u0119dzy innymi z\u0142o\u017conych wraz z wypominkami za zmar\u0142ych.<\/p>\r\n<p><em>\u2013 Rano, kiedy otwierali\u015bmy ko\u015bci\u00f3\u0142 oko\u0142o godziny 6:00, zauwa\u017cyli\u015bmy trzy b\u0142yskawice narysowane przed wej\u015bciem i czwart\u0105 przed wjazdem na plac. Do drzwi przyklejone by\u0142y kartki z r\u00f3\u017cnymi has\u0142ami \u2013 <\/em>powiedzia\u0142 ksi\u0105dz Pawe\u0142 G\u00f3rzy\u0144ski, wikariusz parafii.<\/p>\r\n<p>Po zg\u0142oszeniu sprawy przez parafi\u0119 policjanci analizuj\u0105 zapisy ko\u015bcielnego monitoringu.<\/p>\r\n<p>Sprawa zosta\u0142a zg\u0142oszona na policj\u0119, jak m\u00f3wi ksi\u0105dz, obecnie trwa analizowanie zapisu z kamer monitoringu.<\/p>\r\n<p><em>\u2013 Ustalamy z jakim charakterem czynu mamy do czynienia i kiedy do niego dosz\u0142o. Na miejscu s\u0105 policjanci, prowadzimy czynno\u015bci, b\u0119d\u0105 przes\u0142uchania \u015bwiadk\u00f3w \u2013<\/em> powiedzia\u0142 sier\u017cant sztabowy Pawe\u0142 Pankau, rzecznik szczeci\u0144skiej policji.<\/p>\r\n<p>\u0179r\u00f3d\u0142o: TVP Info<\/p>\r\n<p>RoM<\/p>\r\n<blockquote>\r\n<p>[<strong>Wybrane wypowiedzi internaut\u00f3w pod w\/w tekstem na stronie \u017ar\u00f3d\u0142owej:<\/strong>]<\/p>\r\n<p>a policja na patrolach pod cmentarzami gania staruszki z wi\u0105zankami<br>\r\n<em>vera<\/em><br>\r\n<br>\r\nPolicja ostatnio bije rekordy, ustalaj\u0105 jaki charakter mia\u0142 czyn chuligan\u00f3w. Pewnie to dzia\u0142anie dobroczynne, boj\u0105 si\u0119 \u017ceby si\u0119 w swej ocenie nie pomylili.<br>\r\n<em>ale jaja<\/em><\/p>\r\n<\/blockquote>\r\n<p class=\"zrodlo\">Za: <a href=\"https:\/\/www.pch24.pl\/chca-zabijania--profanuja--kradna-aborcjonisci-znow-napadli-na-kosciol,79595,i.html\">PoloniaChristiana &#8211; pch24.pl (2020-11-01)<\/a><\/p>\r\n<h4>&nbsp;<\/h4>\r\n<hr style=\"background-color: #000000; border-width: 0; color: #000000; height: 2px; line-height: 0; text-align: center; width: 100%;\">\r\n<h4>&nbsp;<\/h4>\r\n<h2>\u201eZabij ksi\u0119dza\u201d. W Gda\u0144sku sprofano Cmentarz Ofiar Hitleryzmu na Zaspie<\/h2>\r\n<p><strong>Nieznani sprawcy najprawdopodobniej w sobot\u0119 pomazali krzy\u017c na Cmentarzu Ofiar Hitleryzmu na Zaspie. Pojawi\u0142y si\u0119 na nim napisy \u201ezabij ksi\u0119dza\u201d, \u201eje*a\u0107 PiS\u201d czy \u201epiek\u0142o kobiet\u201d.<\/strong><\/p>\r\n<p>Oficer prasowy Komendy Miejskiej Policji w Gda\u0144sku asp. Karina Kami\u0144ska poinformowa\u0142a, \u017ce zdj\u0119cie zniszczonego krzy\u017ca funkcjonariusze policji znale\u017ali w sobot\u0119 na jednym z for\u00f3w internetowych. Grupa dochodzeniowo-\u015bledcza policji dokona\u0142a ogl\u0119dzin miejsca, zabezpieczy\u0142a \u015blady i sprawdzi\u0142a, czy teren jest obj\u0119ty monitoringiem.<\/p>\r\n<blockquote class=\"twitter-tweet\">\r\n<p>W Gda\u0144sku NOWE has\u0142o &#8221; ZABIJ KSI\u0118DZA&#8221; <a href=\"https:\/\/twitter.com\/Dulkiewicz_A?ref_src=twsrc%5Etfw\">@Dulkiewicz_A<\/a> Pami\u0119tasz mural na Domu Sierot? <br>\r\nTwoje s\u0142owa brzmia\u0142y &#8222;Patriotyzm TAK, wandalizm NIE&#8221;<br>\r\nNIE LICZ\u0118 na Tw\u00f3j komentarz, TWOJA WINA!<a href=\"https:\/\/twitter.com\/PK_GOV_PL?ref_src=twsrc%5Etfw\">@PK_GOV_PL<\/a> <a href=\"https:\/\/twitter.com\/ZiobroPL?ref_src=twsrc%5Etfw\">@ZiobroPL<\/a> <a href=\"https:\/\/t.co\/wcDGhg7I0K\">pic.twitter.com\/wcDGhg7I0K<\/a><\/p>\r\n\r\n\u2014 Gda\u0144ski Komisarz #BabiesLivesMatter (@GKomisarz) <a href=\"https:\/\/twitter.com\/GKomisarz\/status\/1322575630379134977?ref_src=twsrc%5Etfw\">October 31, 2020<\/a><\/blockquote>\r\n<p><script async=\"\" src=\"https:\/\/platform.twitter.com\/widgets.js\" charset=\"utf-8\"><\/script><\/p>\r\n<p>Od pierwszych dni wrze\u015bnia 1939 roku na Zaspie grzebano zw\u0142oki wi\u0119\u017ani\u00f3w obozu w Stutthofie i innych miejsc ka\u017ani. W latach 1944-1945 chowano tu osoby zamordowane w podobozach Stutthofu na Przer\u00f3bce i w Kokoszkach oraz te stracone w gda\u0144skich wi\u0119zieniach.<\/p>\r\n<p>Liczba pochowanych na Zaspie ofiar szacowana jest na 6 tys. do 14 tys. Po roku 1945 Cmentarz Ofiar Hitleryzmu sta\u0142 si\u0119 miejscem pami\u0119ci narodowej.<\/p>\r\n<p>\u2013 Po zako\u0144czeniu czynno\u015bci wyja\u015bniaj\u0105cych przez policj\u0119 niezw\u0142ocznie przyst\u0105pimy do naprawy zniszcze\u0144. W naszym mie\u015bcie nie ma zgody na wandalizm, agresj\u0119 i profanowanie symboli religijnych \u2013 podkre\u015bli\u0142a prezydent Gda\u0144ska. [&#8230;]<\/p>\r\n<p class=\"zrodlo\">Ca\u0142o\u015b\u0107: <a href=\"https:\/\/kresy.pl\/wydarzenia\/zabij-ksiedza-w-gdansku-sprofano-cmentarz-ofiar-hitleryzmu-na-zaspie\/\">Kresy.pl (1 listopada 2020)<\/a><\/p>\r\n<h4>&nbsp;<\/h4>\r\n<hr style=\"background-color: #000000; border-width: 0; color: #000000; height: 2px; line-height: 0; text-align: center; width: 100%;\">\r\n<h4>&nbsp;<\/h4>\r\n<h2>Idiotyczny happening czy zapowied\u017a zbrodni? Zwolennicy aborcji gro\u017c\u0105 prawicy i wieszaj\u0105 kuk\u0142y<\/h2>\r\n<p>Nie od dzi\u015b wiadomo, \u017ce ci, kt\u00f3rzy najg\u0142o\u015bniej krzycz\u0105 o \u201ewolno\u015bci\u201d, \u201etolerancji\u201d, czy \u201eprawie wyboru\u201d, najch\u0119tniej si\u0119gaj\u0105 po przemoc. Pow\u00f3d jest prosty: brakuje im argument\u00f3w. Nie mo\u017cna bowiem \u2013 ani moralnie, ani logicznie \u2013 uzasadni\u0107 mordowania chorych dzieci. Dot\u0105d jednak przemoc polityczna nie oznacza\u0142a w Polsce zbrodni. Czy jednak zbli\u017camy si\u0119 do jakiego\u015b fatalnego prze\u0142omu? Oby nie!<\/p>\r\n<p>W pi\u0105tek oczom mieszka\u0144c\u00f3w Warszawy przemierzaj\u0105cym Tras\u0119 \u0141azienkowsk\u0105 na jednej z k\u0142adek ukaza\u0142y si\u0119 trzy powieszone kuk\u0142y. Nie zwisa\u0142y one jednak z wiadukt\u00f3w za r\u0119ce czy nogi, a za szyj\u0119, co jednoznacznie wskazuje na odniesienia do samob\u00f3jstwa. Z kolei napis na por\u0119czy k\u0142adki sugeruje, \u017ce autorom \u201einstalacji\u201d chodzi\u0142o nie tyle o samodzielne odebranie sobie \u017cycia, co o dzia\u0142anie \u201eos\u00f3b trzecich\u201d, a wi\u0119c morderstwo.<\/p>\r\n<blockquote class=\"twitter-tweet\">\r\n<p>&#8222;Tolerancyjni demokraci&#8221; si\u0119 przedstawili &#8230;. <a href=\"https:\/\/twitter.com\/hashtag\/wieszwi%C4%99cej?src=hash&amp;ref_src=twsrc%5Etfw\">#wieszwi\u0119cej<\/a> <a href=\"https:\/\/t.co\/pqMNcQscCG\">pic.twitter.com\/pqMNcQscCG<\/a><\/p>\r\n\r\n\u2014 Krzysztof Sobolewski ??100PL?? (@AC_Sobol) <a href=\"https:\/\/twitter.com\/AC_Sobol\/status\/1322133114328633345?ref_src=twsrc%5Etfw\">October 30, 2020<\/a><\/blockquote>\r\n<p><script async=\"\" src=\"https:\/\/platform.twitter.com\/widgets.js\" charset=\"utf-8\"><\/script><\/p>\r\n<p>Gro\u017aba \u2013 bo tylko w ten spos\u00f3b mo\u017cna odczytywa\u0107 \u201ekonstrukcj\u0119\u201d \u2013 zosta\u0142a skierowana do prawicy, gdy\u017c tekst z banneru g\u0142osi: \u201eprawica nam zwisa\u201d. W s\u0142owa wlano czerwony piorun zwi\u0105zany z proaborcyjnym ruchem feministyczno-anarchistycznym, kt\u00f3ry w ostatnich dniach terroryzuje Polak\u00f3w.<\/p>\r\n<p>Oceniaj\u0105c t\u0119 sytuacj\u0119 warto pami\u0119ta\u0107, \u017ce w polskiej historii politycznej mia\u0142y miejsce r\u00f3\u017cnego rodzaju \u201eakcje\u201d z kuk\u0142ami w roli g\u0142\u00f3wnej \u2013 i nie prowadzi\u0142y one do zbrodni. Zdarzy\u0142o si\u0119 tak\u017ce \u201ewieszanie\u201d wizerunk\u00f3w polityk\u00f3w, za czym sta\u0142y \u015brodowiska narodowe z jednego z polskich miast. Nie pochwalaj\u0105c tego typu formy przekazu nale\u017cy jednak zaznaczy\u0107 pewn\u0105 r\u00f3\u017cnic\u0119: osoby odpowiedzialne za tamte wydarzenia dzia\u0142a\u0142y publicznie i oficjalnie \u2013 za ka\u017cdym kontrowersyjnym happeningiem stali ludzie, kt\u00f3rych mo\u017cna by\u0142o zar\u00f3wno krytykowa\u0107 czy nawet kara\u0107, jak i pozna\u0107 ich motywacje oraz prezentowan\u0105 przez nich interpretacj\u0119 wydarzenia. Z kolei kuk\u0142y, kt\u00f3re w pi\u0105tek zawisn\u0119\u0142y na warszawskiej k\u0142adce, w o wiele wi\u0119kszym stopniu kojarz\u0105 si\u0119 z anonimowymi pogr\u00f3\u017ckami ni\u017c oburzaj\u0105cymi, ale jednak, happeningami.<\/p>\r\n<p>\u0179r\u00f3d\u0142o: polsatnews.pl \/ polskieradio24.pl \/ dziennik.pl<\/p>\r\n<p>MW\u0142<\/p>\r\n<p class=\"zrodlo\">Za: <a href=\"https:\/\/www.pch24.pl\/idiotyczny-happening-czy-zapowiedz-zbrodni--zwolennicy-aborcji-groza-prawicy-i-wieszaja-kukly,79572,i.html\">PoloniaChristiana &#8211; pch24.pl (2020-10-30)<\/a><\/p>\r\n<h4>&nbsp;<\/h4>\r\n<hr style=\"background-color: #000000; border-width: 0; color: #000000; height: 2px; line-height: 0; text-align: center; width: 100%;\">\r\n<h4>&nbsp;<\/h4>\r\n<h2>W Chrz\u0105stawie Wielkiej zniszczono przyko\u015bcielne figury dzieci fatimskich<\/h2>\r\n<p><strong>Nieznany sprawca zniszczy\u0142 figury dzieci fatimskich stoj\u0105ce przy ko\u015bciele w Chrz\u0105stawie Wielkiej. Do zdarzenia dosz\u0142o w nocy z 30 na 31 pa\u017adziernika.<\/strong><\/p>\r\n<p>andal pot\u0142uk\u0142 figury dzieci fatimskich \u2013 Franciszka i \u0141ucji \u2013 przy kt\u00f3rych odprawiane by\u0142y przy nich nabo\u017ce\u0144stwa fatimskie, w kt\u00f3rych udzia\u0142 brali parafianie, wierni z okolicy i Wroc\u0142awia. Sprawca zniszczy\u0142 tak\u017ce donice i kwiaty na terenie przyko\u015bcielnym w parafii pw. Niepokalanego Pocz\u0119cia NMP.<\/p>\r\n<p>\u201eDla mnie jako kap\u0142ana to oczywiste dzie\u0142o diab\u0142a, a czyimi r\u0119kami wykonane \u2013 tym ju\u017c zajmie si\u0119 policja, kt\u00f3ra podesz\u0142a do zg\u0142oszonej sprawy profesjonalnie. Obok zdewastowanego terenu oraz pod plebani\u0105 znale\u017ali\u015bmy puste butelki po w\u00f3dce. Najbardziej boli mnie fakt, \u017ce panuje jakie\u015b spo\u0142eczne przyzwolenie na ataki na miejsca kultu \u2013 skomentowa\u0142 sytuacj\u0119 proboszcz ks. kan. Wies\u0142aw Ciesielski.<\/p>\r\n<p><iframe style=\"border: none; overflow: hidden;\" src=\"https:\/\/www.facebook.com\/plugins\/post.php?href=https%3A%2F%2Fwww.facebook.com%2FFideiDefensorPL%2Fposts%2F210590013886139&amp;show_text=true&amp;width=552&amp;height=844&amp;appId\" scrolling=\"no\" width=\"552\" height=\"844\" frameborder=\"0\"><\/iframe><\/p>\r\n<div class=\"_38vo\"><!-- react-mount-point-unstable -->\r\n<p>W ostatnim czasie w Polsce dochodzi do licznych profanacji i dewastacji obiekt\u00f3w zwi\u0105zanych z katolicyzmem.<\/p>\r\n<p>Wed\u0142ug ministra Mariusza Kami\u0144skiego tylko w ostatni weekend odnotowano&nbsp;<a href=\"https:\/\/kresy.pl\/wydarzenia\/polska\/szef-mswia-zapowiada-zdecydowana-reakcje-na-atakowanie-kosciolow\/\" target=\"_blank\" rel=\"noopener noreferrer\">22 wtargni\u0119cia na msze \u015bwi\u0119te i 79 uszkodze\u0144 elewacji<\/a>. W zwi\u0105zku z tymi incydentami zatrzymano 76 os\u00f3b i wszcz\u0119to 101 post\u0119powa\u0144. Cz\u0119\u015b\u0107 z profanacji&nbsp;<a href=\"https:\/\/kresy.pl\/wydarzenia\/czlonkowie-mlodziezy-wszechpolskiej-i-strazy-marszu-niepodleglosci-nie-dopuscili-do-profanacji-kosciolow\/\" target=\"_blank\" rel=\"noopener noreferrer\">udaremniona zosta\u0142a przez cz\u0142onk\u00f3w M\u0142odzie\u017cy Wszechpolskiej i Stra\u017cy Marszu Niepodleg\u0142o\u015bci<\/a>. Policja zabezpiecza\u0142a 386 ko\u015bcio\u0142\u00f3w.<\/p>\r\n<p>Szef MSWiA przekonywa\u0142, \u017ce w Polsce nie ma zgody pa\u0144stwa, ani spo\u0142ecznego przyzwolenia, na dzia\u0142ania wymierzone w miejsca kultu religijnego. \u201eSprawcy tych akt\u00f3w nie pozostan\u0105 bezkarni\u201d \u2013 przekonywa\u0142. &nbsp;Nie wspomnia\u0142 przy tym o&nbsp;<a href=\"https:\/\/kresy.pl\/wydarzenia\/poznan-wolomin-ataki-na-osoby-broniace-kosciolow-video-foto-18\/\">fizycznych atakach na osoby oddolnie organizuj\u0105ce si\u0119 w celu ochrony ko\u015bcio\u0142\u00f3w<\/a>.<\/p>\r\n<p>Opr\u00f3cz tego zdewastowano m.in.&nbsp;<a href=\"https:\/\/kresy.pl\/wydarzenia\/feministki-zdewastowaly-pomnik-reagana-w-warszawie\/\" target=\"_blank\" rel=\"noopener noreferrer\">pomnik Ronalda Reagana<\/a>&nbsp;w Warszawie, a tak\u017ce pomnik&nbsp;<a href=\"https:\/\/kresy.pl\/wydarzenia\/na-pomniku-15-pulku-ulanow-poznanskich-zdewastowano-statue-polskich-bohaterow\/\" target=\"_blank\" rel=\"noopener noreferrer\">15 Pu\u0142ku U\u0142an\u00f3w w Poznaniu<\/a>. Has\u0142o \u201eZabi\u0107 ksi\u0119\u017cy\u201d pojawi\u0142o si\u0119 <a href=\"https:\/\/kresy.pl\/wydarzenia\/zabij-ksiedza-w-gdansku-sprofano-cmentarz-ofiar-hitleryzmu-na-zaspie\/\" target=\"_blank\" rel=\"noopener noreferrer\">na krzy\u017cu na Cmentarzu Ofiar Hitleryzmu na Zaspie w Gda\u0144sku<\/a>. Feministyczn\u0105 symbolik\u0119 umieszczono r\u00f3wnie\u017c na <a href=\"https:\/\/kresy.pl\/wydarzenia\/zdewastowano-warszawski-pomnik-poswiecony-pamieci-wegierskich-honwedow-wspierajacych-powstanie-warszawskie\/\" target=\"_blank\" rel=\"noopener noreferrer\">pomniku po\u015bwi\u0119conym pami\u0119ci W\u0119gierskich Honwed\u00f3w<\/a>, kt\u00f3rzy udzielali pomocy i wsparcia uczestnikom Powstania Warszawskiego.<\/p>\r\n<p>Kresy.pl<\/p>\r\n<p class=\"zrodlo\">Za: <a href=\"https:\/\/kresy.pl\/wydarzenia\/w-chrzastawie-wielkiej-zniszczono-przykoscielne-figury-dzieci-fatimskich\/\">Kresy.pl (1 listopada 2020)<\/a><\/p>\r\n<h4>&nbsp;<\/h4>\r\n<hr style=\"background-color: #000000; border-width: 0; color: #000000; height: 2px; line-height: 0; text-align: center; width: 100%;\">\r\n<h4>&nbsp;<\/h4>\r\n<blockquote>\r\n<p><strong>KOMENTARZ <em>BIBU\u0141Y<\/em><\/strong>: Codzienie dowiadujemy si\u0119 o bulwersuj\u0105cych ekscesach ho\u0142oty grasuj\u0105cej w ca\u0142ej Polsce i atakuj\u0105cej ko\u015bcio\u0142y katolickie. Rz\u0105d pr\u00f3buje apelowa\u0107 &#8222;o spok\u00f3j&#8221;, Ko\u015bci\u00f3\u0142 nawo\u0142uje &#8222;do pojednania&#8221;, ale oczywi\u015bcie z szale\u0144cami \u017cadna dyskusja nie ma sensu i do niczego nie doprowadzi, bo \u017cadne logiczne wywody nie s\u0105 w stanie dotrze\u0107 do ludzi op\u0119tanych. Co wi\u0119c robi\u0107, gdy logika zawodzi? Trzeba uderzy\u0107 w emocje i strach.<\/p>\r\n<p>Ka\u017cde szanuj\u0105ce si\u0119 pa\u0144stwo pragn\u0105ce kierowa\u0107 si\u0119 interesami kraju utrzymuje s\u0142u\u017cby specjalne. To one s\u0105 zdolne do kreowania pewnych wydarze\u0144, b\u0105d\u017a zapobiegania im, zdolne do inwigilacji os\u00f3b niebezpiecznych i uniemo\u017cliwiania im dokonywania niebezpiecznych plan\u00f3w. Je\u015bli zatem grupy anarchist\u00f3w upatrzy\u0142y sobie ko\u015bcio\u0142y katolickie za cele swoich atak\u00f3w, wiedz\u0105c doskonale, \u017ce poza lokalnym nag\u0142o\u015bnieniem niewiele im grozi, s\u0142u\u017cby powinny usma\u017cy\u0107 ich w ich w\u0142asnym sosie.<\/p>\r\n<p><strong>Ot\u00f3\u017c m\u0105dre pa\u0144stwowe s\u0142u\u017cby powinny dokona\u0107&#8230; profanacji kilku synagog<\/strong>, np. maluj\u0105c adekwatne symbole lewackiej, nazistowskiej b\u0142yskawicy. Nic wi\u0119cej, kilka b\u0142yskawic na \u015bcianach wystarczy. Efekt by\u0142by natychmiastowy i piorunuj\u0105cy: anarchi\u015bci z Antify i inni terrory\u015bci momentalnie zaprzestaliby wszelkich akcji przeciwko ko\u015bcio\u0142om, bo od tej pory ka\u017cda ich rozr\u00f3ba mia\u0142aby podtekst r\u00f3wnie\u017c antysemicki. A to dzisiaj jest najwi\u0119kszym przest\u0119pstwem i odium. Mo\u017cna pobi\u0107 ksi\u0119dza i sta\u0107 si\u0119 bohaterem wychwalanym przez \u017cydowskie gazety dla Polak\u00f3w (GW) i \u017cydowskie stacje telewizyjne dla Polak\u00f3w (TVN), lecz wybicie szyby w synagodze staje si\u0119 przest\u0119pstem na r\u00f3wni z morderstwem. I w\u0142a\u015bnie ten emocjonalny element s\u0142u\u017cby powinny wykorzysta\u0107. Dla zaprowadzenia spokoju w kraju, dla uspokojenia gor\u0105czki warcholstwa. Oczywi\u015bcie sprawcy profanacji synagog byliby nieuchwytni, co s\u0142u\u017cby mog\u0105 zagwarantowa\u0107, a zreszt\u0105 nie by\u0142oby w tym nic dziwnego, bo wielu z &#8222;nieznanych&#8221; sprawc\u00f3w napad\u00f3w na ko\u015bcio\u0142y pozostaj\u0105 i tak zagadkowi.<\/p>\r\n<p>Brzmi &#8222;nieetycznie&#8221;, nie\u0142adnie, niehonorowo, podst\u0119pnie? Ale przecie\u017c wi\u0119kszo\u015b\u0107 dzia\u0142a\u0144 s\u0142u\u017cb specjalnych na tym opiera swoj\u0105 dzia\u0142alno\u015b\u0107, bo w prawdziwej polityce nie ma sentyment\u00f3w, w prawdziwej polityce liczy si\u0119 obrany kierunek, a prowokacje s\u0105 normalnym narz\u0119dziem s\u0142u\u017cb specjalnych (<em>vide<\/em> podpalenie budki rosyjskiej przez s\u0142u\u017cby pana Sienkiewicza). W prawdziwej polityce powa\u017cnych pa\u0144stw liczy si\u0119 te\u017c dobro podmiotu, kt\u00f3ry si\u0119 chroni &#8211; kraju, spo\u0142ecze\u0144stwa. I to powinno by\u0107 podstawowym celem wszystkich instytucji pa\u0144stwowych w Polsce: je\u015bli ko\u015bcio\u0142y katolickie s\u0105 w niebezpiecze\u0144stwie, je\u015bli katolicy staj\u0105 si\u0119 realnymi ofiarami, nale\u017cy by\u0107 kreatywnym i skutecznym w ich ochronie.<\/p>\r\n<p>Ale c\u00f3\u017c, chyba s\u0142u\u017cb takich nie mamy, bo rz\u0105d &#8222;dobrej zmiany&#8221; woli rozprawia\u0107 si\u0119 z ochotnikami chroni\u0105cymi ko\u015bcio\u0142y i zajmowa\u0107 si\u0119 zabezpieczaniem nielegalnych demonstracji komunistycznych terroryst\u00f3w i anarchist\u00f3w.<\/p>\r\n<\/blockquote>\r\n<h4>&nbsp;<\/h4>\r\n<hr style=\"background-color: #000000; border-width: 0; color: #000000; height: 2px; line-height: 0; text-align: center; width: 100%;\">\r\n<h4>&nbsp;<\/h4>\r\n<\/div>","protected":false},"excerpt":{"rendered":"Proaborcyjne symbole i plakaty, okradzione ko\u015bcielne skarbony \u2013 to efekt nocnej wizyty zwolennik\u00f3w swobody zabijania nienarodzonych w szczeci\u0144skim ko\u015bciele pod wezwaniem \u015bwi\u0119tego Ottona. Pioruny, plakaty z podpisami: \u201eKo\u015bci\u00f3\u0142 jest dla ludzi nie partii\u201d, \u201eNie wy a B\u00f3g ocenia nas!\u201d, osiem gwiazdek, oznaczaj\u0105cych wulgarne has\u0142o przeciwko PiS\u2026 Zwolennicy rozszerzenia legalno\u015bci tak zwanej aborcji nie ograniczyli si\u0119 [&hellip;]","protected":false},"author":1,"featured_media":0,"comment_status":"closed","ping_status":"closed","sticky":false,"template":"","format":"standard","meta":{"_acf_changed":false,"_monsterinsights_skip_tracking":false,"_monsterinsights_sitenote_active":false,"_monsterinsights_sitenote_note":"","_monsterinsights_sitenote_category":0,"ngg_post_thumbnail":0,"footnotes":"","_wp_rev_ctl_limit":""},"categories":[8],"tags":[132,114,98,126],"acf":[],"_links":{"self":[{"href":"https:\/\/www.bibula.com\/index.php?rest_route=\/wp\/v2\/posts\/120091"}],"collection":[{"href":"https:\/\/www.bibula.com\/index.php?rest_route=\/wp\/v2\/posts"}],"about":[{"href":"https:\/\/www.bibula.com\/index.php?rest_route=\/wp\/v2\/types\/post"}],"author":[{"embeddable":true,"href":"https:\/\/www.bibula.com\/index.php?rest_route=\/wp\/v2\/users\/1"}],"replies":[{"embeddable":true,"href":"https:\/\/www.bibula.com\/index.php?rest_route=%2Fwp%2Fv2%2Fcomments&post=120091"}],"version-history":[{"count":10,"href":"https:\/\/www.bibula.com\/index.php?rest_route=\/wp\/v2\/posts\/120091\/revisions"}],"predecessor-version":[{"id":120108,"href":"https:\/\/www.bibula.com\/index.php?rest_route=\/wp\/v2\/posts\/120091\/revisions\/120108"}],"wp:attachment":[{"href":"https:\/\/www.bibula.com\/index.php?rest_route=%2Fwp%2Fv2%2Fmedia&parent=120091"}],"wp:term":[{"taxonomy":"category","embeddable":true,"href":"https:\/\/www.bibula.com\/index.php?rest_route=%2Fwp%2Fv2%2Fcategories&post=120091"},{"taxonomy":"post_tag","embeddable":true,"href":"https:\/\/www.bibula.com\/index.php?rest_route=%2Fwp%2Fv2%2Ftags&post=120091"}],"curies":[{"name":"wp","href":"https:\/\/api.w.org\/{rel}","templated":true}]}}