{"id":120085,"date":"2020-11-01T13:33:46","date_gmt":"2020-11-01T18:33:46","guid":{"rendered":"https:\/\/www.bibula.com\/?p=120085"},"modified":"2020-11-01T13:33:46","modified_gmt":"2020-11-01T18:33:46","slug":"zamachowiec-z-awinion-mial-byc-neonazista-a-okazal-sie-byc-komunista","status":"publish","type":"post","link":"https:\/\/www.bibula.com\/?p=120085","title":{"rendered":"Zamachowiec z Awinion mia\u0142 by\u0107 neonazist\u0105, a okaza\u0142 si\u0119 by\u0107 komunist\u0105"},"content":{"rendered":"<p><strong>W sumie r\u00f3\u017cnica niewielka, ale w propagandzie lewicy, \u201eneonazista\u201d sugeruje jakiego\u015b \u201eskrajnego prawicowca\u201d. Tymczasem zamachowiec z Awinon okaza\u0142 si\u0119 by\u0142ym wieloletnim cz\u0142onkiem Komunistycznej Partii Francji.<\/strong><\/p>\r\n<p>W czwartek 29 pa\u017adziernika dosz\u0142o we Francji nie tylko do zamordowania 3 os\u00f3b w Nicei, ale te\u017c powa\u017cnego incydentu w Awinionie. Godzin\u0119 po zamachu w bazylice Notre-Dame Assomption, policja zastrzeli\u0142a w Awinionie uzbrojonego m\u0119\u017cczyzn\u0119. Pierwsza wersja m\u00f3wi\u0142a o mo\u017cliwym ataku islamisty, ale szybko z tej hipotezy zrezygnowano.<\/p>\r\n<p>Do incydentu dosz\u0142o oko\u0142o dziesi\u0105tej rano. Policja otrzyma\u0142a zg\u0142oszenie, \u017ce jaki\u015b m\u0119\u017cczyzna grozi broni\u0105 okolicznym mieszka\u0144com. Po przybyciu patrolu, osobnik mia\u0142 si\u0119 na niego rzuci\u0107 z broni\u0105 w r\u0119ku i zosta\u0142 zastrzelony. Tego samego dnia dziennik \u201eLe Monde\u201d wysuwa hipotez\u0119 \u201eskrajnego prawicowca\u201d. Zabity mia\u0142 mie\u0107 na sobie kurtk\u0119 z napisem \u201eDefend Europe\u201d.<\/p>\r\n<p>Organizowana przez \u201ePokolenie To\u017csamo\u015bci\u201d akcja pod nazw\u0105 \u201eobrona Europy\u201d mia\u0142a miejsce w 2018 roku. Chodzi\u0142o w\u00f3wczas o zatrzymanie nielegalnej imigracji w Alpach, na granicy francusko-w\u0142oskiej. St\u0105d zapewne skojarzenie dziennika terrorysty z prawic\u0105.<\/p>\r\n<p>Zastrzelony 33-latek to tymczasem niejaki Fabien Badaroux. W Awinionie od zawsze by\u0142 znany jako dzia\u0142acz Partii Komunistycznej (PCF). Przynajmniej do 2015 roku. Wtedy mia\u0142 opu\u015bci\u0107 parti\u0119. Poszed\u0142 drog\u0105 wielu komunist\u00f3w niemieckich i zainteresowa\u0142 si\u0119 nazizmem. Rodzina i znajomi m\u00f3wi\u0105 jednak o \u201eza\u0142amaniu psychicznym\u201d.<\/p>\r\n<p>Prokuratura w Awinionie potwierdzi\u0142a, \u017ce Badaroux ma \u201ebardzo skomplikowan\u0105 histori\u0119 medyczn\u0105\u201d. By\u0142 to prawdopodobnie akt szale\u0144stwa, by\u0107 mo\u017ce samob\u00f3jczego, poniewa\u017c pistolet Fabiena Badaroux nie by\u0142 na\u0142adowany. W domu znaleziono te\u017c du\u017c\u0105 ilo\u015b\u0107 narkotyk\u00f3w.<\/p>\r\n<blockquote class=\"twitter-tweet\">\r\n<p dir=\"ltr\" lang=\"fr\">Le nom de l&#8217;homme abattu par la police \u00e0 <a href=\"https:\/\/twitter.com\/hashtag\/Avignon?src=hash&amp;ref_src=twsrc%5Etfw\">#Avignon<\/a> a \u00e9t\u00e9 rendu public : Fabien Badaroux. <br>\r\nOn le retrouverait dans un article du <a href=\"https:\/\/twitter.com\/ledauphine?ref_src=twsrc%5Etfw\">@ledauphine<\/a> 28\/02\/2007 en soutien \u00e0 la candidature PCF de Marie-Georges Buffet. <a href=\"https:\/\/t.co\/ysmz7qBui3\">https:\/\/t.co\/ysmz7qBui3<\/a> <a href=\"https:\/\/t.co\/ALuSKwrHvi\">pic.twitter.com\/ALuSKwrHvi<\/a><\/p>\r\n\r\n\u2014 Pierre-Romain Thnt (@PierreR_Thnt) <a href=\"https:\/\/twitter.com\/PierreR_Thnt\/status\/1322559522251169792?ref_src=twsrc%5Etfw\">October 31, 2020<\/a><\/blockquote>\r\n<p><script async=\"\" src=\"https:\/\/platform.twitter.com\/widgets.js\" charset=\"utf-8\"><\/script><\/p>\r\n<p>\u0179r\u00f3d\u0142o: Valeurs Actuelles<\/p>\r\n<p class=\"zrodlo\">Za: <a href=\"https:\/\/nczas.com\/2020\/11\/01\/zamachowiec-z-awinion-mial-byc-neonazista-a-okazal-sie-byc-komunista\/\">Najwy\u017cszy Czas! (1 listopada 2020)<\/a><\/p>","protected":false},"excerpt":{"rendered":"W sumie r\u00f3\u017cnica niewielka, ale w propagandzie lewicy, \u201eneonazista\u201d sugeruje jakiego\u015b \u201eskrajnego prawicowca\u201d. Tymczasem zamachowiec z Awinon okaza\u0142 si\u0119 by\u0142ym wieloletnim cz\u0142onkiem Komunistycznej Partii Francji. W czwartek 29 pa\u017adziernika dosz\u0142o we Francji nie tylko do zamordowania 3 os\u00f3b w Nicei, ale te\u017c powa\u017cnego incydentu w Awinionie. Godzin\u0119 po zamachu w bazylice Notre-Dame Assomption, policja zastrzeli\u0142a [&hellip;]","protected":false},"author":1,"featured_media":0,"comment_status":"closed","ping_status":"closed","sticky":false,"template":"","format":"standard","meta":{"_acf_changed":false,"_monsterinsights_skip_tracking":false,"_monsterinsights_sitenote_active":false,"_monsterinsights_sitenote_note":"","_monsterinsights_sitenote_category":0,"ngg_post_thumbnail":0,"footnotes":"","_wp_rev_ctl_limit":""},"categories":[6],"tags":[66,191,20,126],"acf":[],"_links":{"self":[{"href":"https:\/\/www.bibula.com\/index.php?rest_route=\/wp\/v2\/posts\/120085"}],"collection":[{"href":"https:\/\/www.bibula.com\/index.php?rest_route=\/wp\/v2\/posts"}],"about":[{"href":"https:\/\/www.bibula.com\/index.php?rest_route=\/wp\/v2\/types\/post"}],"author":[{"embeddable":true,"href":"https:\/\/www.bibula.com\/index.php?rest_route=\/wp\/v2\/users\/1"}],"replies":[{"embeddable":true,"href":"https:\/\/www.bibula.com\/index.php?rest_route=%2Fwp%2Fv2%2Fcomments&post=120085"}],"version-history":[{"count":1,"href":"https:\/\/www.bibula.com\/index.php?rest_route=\/wp\/v2\/posts\/120085\/revisions"}],"predecessor-version":[{"id":120086,"href":"https:\/\/www.bibula.com\/index.php?rest_route=\/wp\/v2\/posts\/120085\/revisions\/120086"}],"wp:attachment":[{"href":"https:\/\/www.bibula.com\/index.php?rest_route=%2Fwp%2Fv2%2Fmedia&parent=120085"}],"wp:term":[{"taxonomy":"category","embeddable":true,"href":"https:\/\/www.bibula.com\/index.php?rest_route=%2Fwp%2Fv2%2Fcategories&post=120085"},{"taxonomy":"post_tag","embeddable":true,"href":"https:\/\/www.bibula.com\/index.php?rest_route=%2Fwp%2Fv2%2Ftags&post=120085"}],"curies":[{"name":"wp","href":"https:\/\/api.w.org\/{rel}","templated":true}]}}