{"id":120039,"date":"2020-10-31T10:47:33","date_gmt":"2020-10-31T14:47:33","guid":{"rendered":"https:\/\/www.bibula.com\/?p=120039"},"modified":"2020-10-31T12:47:46","modified_gmt":"2020-10-31T16:47:46","slug":"premier-nikos-morawiecki-oddzialy-arimr-i-kowr-odkupia-od-producentow-i-sprzedawcow-kwiaty","status":"publish","type":"post","link":"https:\/\/www.bibula.com\/?p=120039","title":{"rendered":"Premier Niko\u015b &#8211; Morawiecki: \u201cOddzia\u0142y ARiMR i KOWR odkupi\u0105 od producent\u00f3w i sprzedawc\u00f3w kwiaty\u201d"},"content":{"rendered":"<p><strong>W zwi\u0105zku z zamkni\u0119ciem cmentarzy terenowe oddzia\u0142y ARiMR i KOWR odkupi\u0105 od producent\u00f3w i sprzedawc\u00f3w kwiaty i ro\u015bliny, kt\u00f3re by\u0142by sprzedawane w tych dniach przed cmentarzami; z funduszu Covid zrefundujemy te\u017c koszty samorz\u0105d\u00f3w, kt\u00f3re prowadz\u0105 podobn\u0105 akcj\u0119 \u2013 zapowiedzia\u0142 premier Mateusz Morawiecki.<\/strong><\/p>\r\n<p>\u201cUwaga, to bardzo wa\u017cne! Zgodnie z moj\u0105 wczorajsz\u0105 deklaracj\u0105 o pomocy dla tych handlowc\u00f3w, kt\u00f3rzy ucierpi\u0105 w zwi\u0105zku z zamkni\u0119ciem cmentarzy, podj\u0105\u0142em nast\u0119puj\u0105ce decyzje: Terenowe oddzia\u0142y ARiMR i KOWR odkupi\u0105 od producent\u00f3w i sprzedawc\u00f3w kwiaty i ro\u015bliny, kt\u00f3re by\u0142yby sprzedawane w tych dniach przed cmentarzami. Z funduszu Covid zrefundujemy te\u017c koszty samorz\u0105d\u00f3w, kt\u00f3re prowadz\u0105 podobn\u0105 akcj\u0119\u201d \u2013 poinformowa\u0142 szef rz\u0105du w sobot\u0119 we wpisie na Facebooku.<\/p>\r\n<p>Morawiecki apelowa\u0142 te\u017c we wpisie o \u201czrozumienie dla tej trudnej decyzji, kt\u00f3r\u0105 musieli\u015bmy podj\u0105\u0107 ze wzgl\u0119du na pandemi\u0119\u201d.[&#8230;]<\/p>\r\n<p class=\"zrodlo\">Ca\u0142o\u015b\u0107: <a href=\"https:\/\/www.stefczyk.info\/2020\/10\/31\/premier-morawiecki-oddzialy-arimr-i-kowr-odkupia-od-producentow-i-sprzedawcow-kwiaty\/\">stefczyk.info (2020.10.31)<\/a> &#8211; [Org. tytu\u0142: \u00abPremier Morawiecki: \u201cOddzia\u0142y ARiMR i KOWR odkupi\u0105 od producent\u00f3w i sprzedawc\u00f3w kwiaty\u201d\u00bb]<\/p>\r\n<h4>&nbsp;<\/h4>\r\n<hr style=\"background-color: #000000; border-width: 0; color: #000000; height: 2px; line-height: 0; text-align: center; width: 100%;\">\r\n<h4>&nbsp;<\/h4>\r\n<p><iframe style=\"overflow: hidden;\" src=\"https:\/\/www.facebook.com\/plugins\/post.php?href=https%3A%2F%2Fwww.facebook.com%2FMorawieckiPL%2Fposts%2F377193096958559&amp;show_text=true&amp;width=552&amp;height=238&amp;appId\" width=\"552\" height=\"238\"><\/iframe><\/p>\r\n<p><a href=\"https:\/\/www.facebook.com\/MorawieckiPL\/posts\/377193096958559\">https:\/\/www.facebook.com\/MorawieckiPL\/posts\/377193096958559<\/a><\/p>\r\n<h4>&nbsp;<\/h4>\r\n<hr style=\"background-color: #000000; border-width: 0; color: #000000; height: 2px; line-height: 0; text-align: center; width: 100%;\">\r\n<h4>&nbsp;<\/h4>\r\n<blockquote>\r\n<p><strong>KOMENTARZ <em>BIBU\u0141Y<\/em><\/strong>: Tak wi\u0119c za idiotyczne decyzje <em>Nikosia<\/em>, tzw. rz\u0105d wykupi kwiaty p\u0142ac\u0105c oczywi\u015bcie pieni\u0119dzmi podatnik\u00f3w. Sprytne. Mo\u017ce ten\u017ce m\u0119drzec rz\u0105dowy inaczej podejmowa\u0142by decyzje, gdyby przysz\u0142o mu p\u0142aci\u0107 z w\u0142asnej kieszeni. Najbezpieczniej jednak by\u0107 urz\u0119dnikiem najwy\u017cszego szczebla &#8211; zero odpowiedzialno\u015bci.<\/p>\r\n<p>I ciekawe co ten\u017ce rz\u0105d zrobi z wykupionymi kwiatami &#8211; postawi je przed siedzib\u0105 PiSu? Pod pomnikami? A mo\u017ce&#8230; na cmentarzach?&#8230;<\/p>\r\n<p>No i dlaczego ta dobroczynna akcja wykupywania ma obejmowa\u0107 tylko kwiaciarzy i znicarzy, bo ucierpi\u0105 przecie\u017c r\u00f3wnie\u017c i kierowcy taks\u00f3wek, i ma\u0142a gastronomia i turystyka&#8230; Tego nie dowiemy si\u0119.<\/p>\r\n<p>Oto jak wygl\u0105da w socjalizmie pr\u00f3ba rozwi\u0105zania problem\u00f3w, kt\u00f3re ten\u017ce system sam stworzy\u0142.<\/p>\r\n<\/blockquote>\r\n<h4>&nbsp;<\/h4>\r\n<hr style=\"background-color: #000000; border-width: 0; color: #000000; height: 2px; line-height: 0; text-align: center; width: 100%;\">\r\n<h4>&nbsp;<\/h4>","protected":false},"excerpt":{"rendered":"W zwi\u0105zku z zamkni\u0119ciem cmentarzy terenowe oddzia\u0142y ARiMR i KOWR odkupi\u0105 od producent\u00f3w i sprzedawc\u00f3w kwiaty i ro\u015bliny, kt\u00f3re by\u0142by sprzedawane w tych dniach przed cmentarzami; z funduszu Covid zrefundujemy te\u017c koszty samorz\u0105d\u00f3w, kt\u00f3re prowadz\u0105 podobn\u0105 akcj\u0119 \u2013 zapowiedzia\u0142 premier Mateusz Morawiecki. \u201cUwaga, to bardzo wa\u017cne! Zgodnie z moj\u0105 wczorajsz\u0105 deklaracj\u0105 o pomocy dla tych [&hellip;]","protected":false},"author":1,"featured_media":0,"comment_status":"closed","ping_status":"closed","sticky":false,"template":"","format":"standard","meta":{"_acf_changed":false,"_monsterinsights_skip_tracking":false,"_monsterinsights_sitenote_active":false,"_monsterinsights_sitenote_note":"","_monsterinsights_sitenote_category":0,"ngg_post_thumbnail":0,"footnotes":"","_wp_rev_ctl_limit":""},"categories":[451,8],"tags":[433,98,20],"acf":[],"_links":{"self":[{"href":"https:\/\/www.bibula.com\/index.php?rest_route=\/wp\/v2\/posts\/120039"}],"collection":[{"href":"https:\/\/www.bibula.com\/index.php?rest_route=\/wp\/v2\/posts"}],"about":[{"href":"https:\/\/www.bibula.com\/index.php?rest_route=\/wp\/v2\/types\/post"}],"author":[{"embeddable":true,"href":"https:\/\/www.bibula.com\/index.php?rest_route=\/wp\/v2\/users\/1"}],"replies":[{"embeddable":true,"href":"https:\/\/www.bibula.com\/index.php?rest_route=%2Fwp%2Fv2%2Fcomments&post=120039"}],"version-history":[{"count":10,"href":"https:\/\/www.bibula.com\/index.php?rest_route=\/wp\/v2\/posts\/120039\/revisions"}],"predecessor-version":[{"id":120073,"href":"https:\/\/www.bibula.com\/index.php?rest_route=\/wp\/v2\/posts\/120039\/revisions\/120073"}],"wp:attachment":[{"href":"https:\/\/www.bibula.com\/index.php?rest_route=%2Fwp%2Fv2%2Fmedia&parent=120039"}],"wp:term":[{"taxonomy":"category","embeddable":true,"href":"https:\/\/www.bibula.com\/index.php?rest_route=%2Fwp%2Fv2%2Fcategories&post=120039"},{"taxonomy":"post_tag","embeddable":true,"href":"https:\/\/www.bibula.com\/index.php?rest_route=%2Fwp%2Fv2%2Ftags&post=120039"}],"curies":[{"name":"wp","href":"https:\/\/api.w.org\/{rel}","templated":true}]}}