{"id":119989,"date":"2020-10-30T15:40:52","date_gmt":"2020-10-30T19:40:52","guid":{"rendered":"https:\/\/www.bibula.com\/?p=119989"},"modified":"2020-10-30T15:53:12","modified_gmt":"2020-10-30T19:53:12","slug":"holandia-uniwersytet-radoud-juz-nie-jest-katolicki","status":"publish","type":"post","link":"https:\/\/www.bibula.com\/?p=119989","title":{"rendered":"Holandia: Uniwersytet Radoud ju\u017c nie jest katolicki"},"content":{"rendered":"<p><strong>Episkopat Holandii postanowi\u0142, \u017ce Uniwersytet Radboud przestanie by\u0107 uniwersytetem katolickim. Jest on jednym z zaledwie dw\u00f3ch ko\u015bcielnych uniwersytet\u00f3w w tym kraju.<\/strong><\/p>\r\n<p>Konferencja Episkopatu wyda\u0142a o\u015bwiadczenie, w kt\u00f3rym stwierdzi\u0142a, \u017ce fundacja, kt\u00f3ra nadzoruje Uniwersytet Radboud w Nijmegen oraz stowarzyszony z nim szpital uniwersytecki, zostan\u0105 pozbawione tytu\u0142u \u201ekatolicki\u201d.<\/p>\r\n<p>Mianowani w ostatnich latach cz\u0142onkowie zarz\u0105du uniwersytetu nie s\u0105 praktykuj\u0105cymi katolikami. W zwi\u0105zku z tym biskupi Holandii zdecydowali si\u0119 oficjalnie zmieni\u0107 charakter uczelni.<\/p>\r\n<p>Fundacja postanowi\u0142a wnie\u015b\u0107 spraw\u0119 do s\u0105du. Wed\u0142ug przedstawicieli uniwersytetu istnia\u0142 \u201ezasadniczo odmienny pogl\u0105d na to, co stanowi to\u017csamo\u015b\u0107 katolick\u0105 i jak nale\u017cy j\u0105 chroni\u0107\u201d.<\/p>\r\n<p>Katolicki Uniwersytet w Nijmegen (Katholieke Universiteit Nijmegen) powsta\u0142 w 1923 r. Z pocz\u0105tku uczelnia liczy\u0142a 27 profesor\u00f3w i 189 student\u00f3w. Swoj\u0105 aktualn\u0105 nazw\u0119 uniwersytet otrzyma\u0142 w 2004 roku na cze\u015b\u0107 Radbouda, biskupa Utrechtu.<\/p>\r\n<p><b><em>Eryk Gumulak SJ<\/em><\/b> \u2013 Watykan<\/p>\r\n<p class=\"zrodlo\">Za: <a href=\"https:\/\/www.vaticannews.va\/pl\/swiat\/news\/2020-10\/holandia-uniwersytet-radoud-juz-nie-jest-katolicki.html\">VaticanNews.va (30 pa\u017adziernika 2020)<\/a><\/p>\r\n<h4>&nbsp;<\/h4>\r\n<hr style=\"background-color: #000000; border-width: 0; color: #000000; height: 2px; line-height: 0; text-align: center; width: 100%;\">\r\n<h4>&nbsp;<\/h4>\r\n<blockquote>\r\n<p><strong>KOMENTARZ <em>BIBU\u0141Y<\/em><\/strong>: Argumentacja jest interesuj\u0105ca, bowiem mowa o tym, \u017ce &#8222;<em>Mianowani w ostatnich latach cz\u0142onkowie zarz\u0105du uniwersytetu nie s\u0105 praktykuj\u0105cymi katolikami.<\/em>&#8221; I to jest w\u0142a\u015bnie ciekawe czy stanie si\u0119 to precedensem, bowiem dzisiaj niemal ka\u017cda szko\u0142a &#8222;katolicka&#8221; &#8211; przynajmniej na tzw. Zachodzie &#8211; zarz\u0105dzana jest przez ludzi nie zwi\u0105zanymi z Ko\u015bcio\u0142em katolickim, a cz\u0119sto wr\u0119cz przez nie kryj\u0105cych si\u0119 ze swoimi pogl\u0105dami antykatolik\u00f3w, w tym \u017cyd\u00f3w, muzu\u0142man\u00f3w, ateist\u00f3w i innych.<\/p>\r\n<p>Tak wi\u0119c kr\u00f3tka wiadomo\u015b\u0107 z jednej strony napawa nadziej\u0105 na uporz\u0105dkowanie zaniedbanych spraw, z drugiej oczywi\u015bcie smuci, \u017ce posoborowy Ko\u015bci\u00f3\u0142 usycha obcinaj\u0105c kiedy\u015b tak owocne ga\u0142\u0119zie. Ale taka jest rzeczywisto\u015b\u0107 &#8222;wiosny w Ko\u015bciele&#8221;, tak szumnie zapowiadanej i propagowanej przez jak\u017ce \u015bwi\u0119tych posoborowych papie\u017cy.<\/p>\r\n<\/blockquote>\r\n<h4>&nbsp;<\/h4>\r\n<hr style=\"background-color: #000000; border-width: 0; color: #000000; height: 2px; line-height: 0; text-align: center; width: 100%;\">\r\n<h4>&nbsp;<\/h4>","protected":false},"excerpt":{"rendered":"Episkopat Holandii postanowi\u0142, \u017ce Uniwersytet Radboud przestanie by\u0107 uniwersytetem katolickim. Jest on jednym z zaledwie dw\u00f3ch ko\u015bcielnych uniwersytet\u00f3w w tym kraju. Konferencja Episkopatu wyda\u0142a o\u015bwiadczenie, w kt\u00f3rym stwierdzi\u0142a, \u017ce fundacja, kt\u00f3ra nadzoruje Uniwersytet Radboud w Nijmegen oraz stowarzyszony z nim szpital uniwersytecki, zostan\u0105 pozbawione tytu\u0142u \u201ekatolicki\u201d. Mianowani w ostatnich latach cz\u0142onkowie zarz\u0105du uniwersytetu nie s\u0105 [&hellip;]","protected":false},"author":1,"featured_media":0,"comment_status":"closed","ping_status":"closed","sticky":false,"template":"","format":"standard","meta":{"_acf_changed":false,"_monsterinsights_skip_tracking":false,"_monsterinsights_sitenote_active":false,"_monsterinsights_sitenote_note":"","_monsterinsights_sitenote_category":0,"ngg_post_thumbnail":0,"footnotes":"","_wp_rev_ctl_limit":""},"categories":[3],"tags":[80,280,33],"acf":[],"_links":{"self":[{"href":"https:\/\/www.bibula.com\/index.php?rest_route=\/wp\/v2\/posts\/119989"}],"collection":[{"href":"https:\/\/www.bibula.com\/index.php?rest_route=\/wp\/v2\/posts"}],"about":[{"href":"https:\/\/www.bibula.com\/index.php?rest_route=\/wp\/v2\/types\/post"}],"author":[{"embeddable":true,"href":"https:\/\/www.bibula.com\/index.php?rest_route=\/wp\/v2\/users\/1"}],"replies":[{"embeddable":true,"href":"https:\/\/www.bibula.com\/index.php?rest_route=%2Fwp%2Fv2%2Fcomments&post=119989"}],"version-history":[{"count":4,"href":"https:\/\/www.bibula.com\/index.php?rest_route=\/wp\/v2\/posts\/119989\/revisions"}],"predecessor-version":[{"id":119997,"href":"https:\/\/www.bibula.com\/index.php?rest_route=\/wp\/v2\/posts\/119989\/revisions\/119997"}],"wp:attachment":[{"href":"https:\/\/www.bibula.com\/index.php?rest_route=%2Fwp%2Fv2%2Fmedia&parent=119989"}],"wp:term":[{"taxonomy":"category","embeddable":true,"href":"https:\/\/www.bibula.com\/index.php?rest_route=%2Fwp%2Fv2%2Fcategories&post=119989"},{"taxonomy":"post_tag","embeddable":true,"href":"https:\/\/www.bibula.com\/index.php?rest_route=%2Fwp%2Fv2%2Ftags&post=119989"}],"curies":[{"name":"wp","href":"https:\/\/api.w.org\/{rel}","templated":true}]}}