{"id":119933,"date":"2020-10-29T20:23:18","date_gmt":"2020-10-30T00:23:18","guid":{"rendered":"https:\/\/www.bibula.com\/?p=119933"},"modified":"2021-02-19T20:15:10","modified_gmt":"2021-02-20T01:15:10","slug":"katolewica-niech-kosciol-upodobni-sie-do-swych-wrogow","status":"publish","type":"post","link":"https:\/\/www.bibula.com\/?p=119933","title":{"rendered":"Katolewica: Niech Ko\u015bci\u00f3\u0142 upodobni si\u0119 do swych wrog\u00f3w"},"content":{"rendered":"<p><strong>Akurat w momencie eskalacji antykatolickiej agresji \u2013 werbalnej, symbolicznej oraz fizycznej \u2013 grupy wp\u0142ywowych duchownych oraz \u015bwieckich proponuj\u0105 Ko\u015bcio\u0142owi w osobnych listach prze\u0142omowe, mo\u017cna powiedzie\u0107: rewolucyjne wyj\u015bcie z sytuacji. Tak bowiem nazwa\u0107 trzeba postulat biernej postawy wobec wrogo\u015bci, sugesti\u0119 rezygnacji z zabiegania o prawn\u0105 ochron\u0119 najs\u0142abszych, skierowanie uwagi na dzia\u0142alno\u015b\u0107 charytatywn\u0105 i ekologiczn\u0105.<\/strong><\/p>\r\n<p>Autorzy apelu podpisanego przez blisko 30 ksi\u0119\u017cy i zakonnik\u00f3w \u015bmia\u0142o si\u0119gaj\u0105 po rozwi\u0105zania niekonwencjonalne. Wzywaj\u0105 na wst\u0119pie do zaprzestania u\u017cywania religii do cel\u00f3w politycznych, by zaraz potem proponowa\u0107 \u201eprzeciwstawienie si\u0119 radykalnie nier\u00f3wnemu traktowaniu kobiet i m\u0119\u017cczyzn\u201d.<\/p>\r\n<p>Dalej r\u00f3wnie\u017c jest ciekawie. Koniecznie trzeba w o\u015bwiadczeniu doceni\u0107 kluczowy postulat \u201eporzucenia przekonania, \u017ce rozstrzygni\u0119cia prawne mog\u0105 przynie\u015b\u0107 trwa\u0142\u0105 zmian\u0119 wra\u017cliwo\u015bci sumie\u0144\u201d. Z pewno\u015bci\u0105 doceni\u0142by go sam Moj\u017cesz. Gdyby wiedzia\u0142 zawczasu, \u017ce w XXI wieku grupa katolickich duchownych, w tym profesorowie, zakwestionuje \u2013 oczywi\u015bcie nie wprost \u2013 sens ustanowienia Dekalogu, losy ludzko\u015bci mog\u0142yby potoczy\u0107 si\u0119 zupe\u0142nie inaczej. Przyw\u00f3dca narodu wybranego mia\u0142by natomiast w spotkaniu na szczycie (Synaj) o wiele lepsz\u0105 pozycj\u0119 negocjacyjn\u0105.<\/p>\r\n<p>Organizatorzy ka\u017cdego publicznego przedsi\u0119wzi\u0119cia dla jego skuteczno\u015bci powinni rozwa\u017cy\u0107, kt\u00f3ry moment na jego og\u0142oszenie b\u0119dzie najbardziej odpowiedni. Tutaj sygnatariusze apelu nie mogli wybra\u0107 lepiej. Wyst\u0105pienie zosta\u0142o opublikowane w dniu wr\u0119cz symbolicznym. Oto bowiem w Nicei dosz\u0142o w czwartek do aktu puentuj\u0105cego dotychczasowe efekty wieloletnich wysi\u0142k\u00f3w na rzecz dialogu ekumenicznego oraz otwarto\u015bci na imigracj\u0119 i odmienne kultury. Spektakularne wyst\u0105pienie m\u0142odego Tunezyjczyka, kt\u00f3ry dosta\u0142 si\u0119 do Europy poprzez w\u0142osk\u0105 Lampedus\u0119 dzi\u0119ki \u201eorganizacjom pozarz\u0105dowym\u201d spe\u0142nia nawet nie jeden, a kilka postulat\u00f3w zawartych w apelu.<\/p>\r\n<p>Je\u015bli pacyfi\u015bci w habitach i sutannach zdecyduj\u0105 si\u0119 podj\u0105\u0107 dialog ze \u201eStrajkiem Kobiet\u201d, powinni wzi\u0105\u0107 pod uwag\u0119, \u017ce j\u0119zyk, jakim pos\u0142uguje si\u0119 Ko\u015bci\u00f3\u0142, jest im ca\u0142kowicie obcy. Trzeba b\u0119dzie wi\u0119c si\u0119gn\u0105\u0107 do s\u0142ownika rebeliantek. Poniewa\u017c niewiele tam okre\u015ble\u0144, kt\u00f3re mo\u017cna zacytowa\u0107 na szanuj\u0105cych si\u0119 \u0142amach, nic tutaj nie podpowiemy.<\/p>\r\n<p>Taktyka zneutralizowania agresji wroga poprzez upodobnienie si\u0119 do niego jest tak naiwna, \u017ce a\u017c zabawna. By\u0107 mo\u017ce opiera si\u0119 na za\u0142o\u017ceniu, \u017ce t\u0142uszcza nacieraj\u0105ca na nasze \u015bwi\u0105tynie b\u0119dzie rozr\u00f3\u017cnia\u0107 ksi\u0119\u017cy na \u201eotwartych\u201d i \u201efaszyst\u00f3w\u201d. \u017be wzruszy si\u0119 postaw\u0105 dialogu i lewicowymi has\u0142ami podj\u0119tymi przez katolik\u00f3w i zasi\u0105dzie do wsp\u00f3lnego sto\u0142u po\u015br\u00f3d zgody i toast\u00f3w.<\/p>\r\n<p>O ile autorzy \u201e5 x NIE \/ 5 x TAK. Apelu zwyk\u0142ych ksi\u0119\u017cy\u201d zasadniczo pos\u0142ugiwali si\u0119 og\u00f3lnikami, to ju\u017c czwartkowy list \u015bwieckich (\u201eNie w naszym imieniu. G\u0142os katolik\u00f3w \u015bwieckich \u2013 list do Ksi\u0119\u017cy Biskup\u00f3w\u201d) zawiera wi\u0119cej konkret\u00f3w. Konkret\u00f3w, wobec kt\u00f3rych natychmiast ust\u0119puje nawet ochota do polemicznej ironii.<\/p>\r\n<p>Grupa os\u00f3b, co do kt\u00f3rych ci\u015bnie si\u0119 na klawiatur\u0119 okre\u015blenie \u201ekatolewicy\u201d (ale przecie\u017c albo kto\u015b jest katolikiem, albo lewicowcem) uderza po nazwiskach i nazwach. Wzywa do \u201ezerwania sojuszu tronu z o\u0142tarzem\u201d, odmawia Jaros\u0142awowi Kaczy\u0144skiemu oraz staj\u0105cym u bram \u015bwi\u0105ty\u0144 \u201eosi\u0142kom\u201d prawa do obrony Ko\u015bcio\u0142a. Kluczowe w tym li\u015bcie jest jednak zdanie: \u201eNie chcemy, by od \u015bwi\u0105ty\u0144 odgrodzi\u0142 nas mur boj\u00f3wkarzy. Zamkn\u0119\u0142oby to ostatecznie drog\u0119 do Ko\u015bcio\u0142a m\u0142odym ludziom, kt\u00f3rzy z tak\u0105 determinacj\u0105 od wielu dni broni\u0105 na ulicach swoich i naszych wolno\u015bci\u201d.<\/p>\r\n<p>Jeszcze raz: \u201em\u0142odym ludziom, kt\u00f3rzy z tak\u0105 determinacj\u0105 od wielu dni broni\u0105 na ulicach swoich i naszych wolno\u015bci\u201d.<\/p>\r\n<p>W ten spos\u00f3b w\u0142a\u015bnie ludzie okre\u015blaj\u0105cy si\u0119 mianem katolik\u00f3w nazywaj\u0105 swobod\u0119 zabijania dzieci nienarodzonych z powodu domniemanych wad i chor\u00f3b\u2026<\/p>\r\n<p>Tego w\u0142a\u015bciwie nie trzeba nawet komentowa\u0107.<\/p>\r\n<p><em>Marcin Wis\u0142awski<\/em><\/p>\r\n<p>*****<\/p>\r\n<p>Poni\u017cej pe\u0142na tre\u015b\u0107 wyst\u0105pie\u0144 i listy sygnatariuszy. \u0179r\u00f3d\u0142a: KAI, Deon.pl<\/p>\r\n<blockquote>\r\n<h4><strong>5 x NIE \/ 5 x TAK. Apel zwyk\u0142ych ksi\u0119\u017cy<\/strong><\/h4>\r\n<p><em>Jeste\u015bmy na progu nowego czasu!<\/em><\/p>\r\n<p><em>&nbsp;<\/em><\/p>\r\n<p><em>Piszemy ten list jako ksi\u0119\u017ca na co dzie\u0144 pracuj\u0105cy w\u015br\u00f3d zwyk\u0142ych ludzi, starszych i dzieci, student\u00f3w, naukowc\u00f3w, tw\u00f3rc\u00f3w, lekarzy, chorych\u2026 Nie tworzymy \u017cadnej formalnej struktury.<\/em><\/p>\r\n<p><em>&nbsp;<\/em><\/p>\r\n<p><em>Chcemy wyrazi\u0107 nasze stanowisko w kilku sprawach, kt\u00f3re budz\u0105 gniew i bunt Was, protestuj\u0105cych.<\/em><\/p>\r\n<p><em>&nbsp;<\/em><\/p>\r\n<p><em>My te\u017c m\u00f3wimy NIE wobec nadu\u017cy\u0107 polityk\u00f3w i grzech\u00f3w Ko\u015bcio\u0142a \u2013 naszych grzech\u00f3w.<\/em><\/p>\r\n<p><em>&nbsp;<\/em><\/p>\r\n<p><em>W imi\u0119 EWANGELII powinni\u015bmy niezw\u0142ocznie:<\/em><\/p>\r\n<p><em>&nbsp;<\/em><\/p>\r\n<p><em>\u2013 sko\u0144czy\u0107 z u\u017cywaniem religii do cel\u00f3w politycznych i porzuci\u0107 przekonanie, \u017ce rozstrzygni\u0119cia prawne mog\u0105 przynie\u015b\u0107 trwa\u0142\u0105 zmian\u0119 wra\u017cliwo\u015bci sumie\u0144, czego pragniemy g\u0142osz\u0105c Ewangeli\u0119,<\/em><\/p>\r\n<p><em>&nbsp;<\/em><\/p>\r\n<p><em>\u2013 przeciwstawi\u0107 si\u0119 radykalnie nier\u00f3wnemu traktowaniu kobiet i m\u0119\u017cczyzn,<\/em><\/p>\r\n<p><em>&nbsp;<\/em><\/p>\r\n<p><em>\u2013 zaprzesta\u0107 wspierania si\u0142 szowinistycznych i ksenofobicznych zaprzeczaj\u0105cych uniwersalizmowi chrze\u015bcija\u0144stwa,<\/em><\/p>\r\n<p><em>&nbsp;<\/em><\/p>\r\n<p><em>\u2013 nie dopuszcza\u0107 do dyskryminowania kogokolwiek z powodu orientacji czy rasy, co ostatnio pojawia\u0142o si\u0119 w wypowiedziach przedstawicieli Ko\u015bcio\u0142a,<\/em><\/p>\r\n<p><em>&nbsp;<\/em><\/p>\r\n<p><em>\u2013 zatrzyma\u0107 dewastacj\u0119 naszej planety, dop\u00f3ki jest jeszcze szansa na ocalenie jej dla nast\u0119pnych pokole\u0144.<\/em><\/p>\r\n<p><em>&nbsp;<\/em><\/p>\r\n<p>&nbsp;<\/p>\r\n<p><em>Jeste\u015bmy przekonani, \u017ce Ko\u015bci\u00f3\u0142 powinien przede wszystkim realizowa\u0107 pozytywne cele wyznaczone przez JEZUSA.<\/em><\/p>\r\n<p><em>&nbsp;<\/em><\/p>\r\n<p><em>M\u00f3wimy TAK dla wa\u017cnych wyzwa\u0144 naszego czasu, takich jak:<\/em><\/p>\r\n<p><em>&nbsp;<\/em><\/p>\r\n<p><em>\u2013 solidarna opieka nad s\u0142abszymi, niepe\u0142nosprawnymi, samotnymi \u2013 szczeg\u00f3lnie wa\u017cna w czasie pandemii,<\/em><\/p>\r\n<p><em>&nbsp;<\/em><\/p>\r\n<p><em>\u2013 szczera i realna otwarto\u015b\u0107 na my\u015bl\u0105cych inaczej i dialog z nimi, w miejsce cz\u0119sto spotykanej postawy oskar\u017ce\u0144 wrog\u00f3w Ko\u015bcio\u0142a i mentalno\u015bci obl\u0119\u017conej twierdzy,<\/em><\/p>\r\n<p><em>&nbsp;<\/em><\/p>\r\n<p><em>\u2013 obrona zagro\u017conych prze\u015bladowaniami \u2013 szczeg\u00f3lnie uchod\u017ac\u00f3w i emigrant\u00f3w,<\/em><\/p>\r\n<p><em>&nbsp;<\/em><\/p>\r\n<p><em>\u2013 jednoznaczne rozliczenie si\u0119 z trudn\u0105 przesz\u0142o\u015bci\u0105 duchownych, kt\u00f3rzy skrzywdzili powierzone im dzieci i m\u0142odzie\u017c,<\/em><\/p>\r\n<p><em>&nbsp;<\/em><\/p>\r\n<p><em>\u2013 tworzenie przestrzeni zaufania i nadziei dla zagubionych i poszukuj\u0105cych, co istotne w czasach niepewno\u015bci i prze\u0142om\u00f3w.<\/em><\/p>\r\n<p><em>&nbsp;<\/em><\/p>\r\n<p><em>Polska rewolucja solidarno\u015bci, kilka dekad temu, mia\u0142a swoj\u0105 kulminacj\u0119 nie na ulicach p\u0142yn\u0105cych krwi\u0105, ale przy stole dialogu. W\u0142a\u015bnie si\u0142a dialogu, a nie brutalna walka zdecydowa\u0142a o najwa\u017cniejszych przemianach spo\u0142ecznych Europy w minionym stuleciu. Teraz te\u017c chcemy wsp\u00f3lnie tworzy\u0107 now\u0105 jako\u015b\u0107 \u017cycia spo\u0142ecznego bez przemocy i agresji. Zapraszamy do dialogu i osobistej, otwartej rozmowy. W trudnych czasach kryzysu mo\u017cemy razem odbudowa\u0107 nasz\u0105 wsp\u00f3lnot\u0119.<\/em><\/p>\r\n<p>o. Tomasz Bi\u0142ka OP<br>\r\no. Maciej Biskup OP<br>\r\nks. Adam Boniecki MIC<br>\r\nks. Jan Czekalski<br>\r\no. Tomasz Dostatni OP<br>\r\nks. Jacek Dziel<br>\r\no. Stanis\u0142aw Jaromi OFM Conv.<br>\r\no. Wojciech J\u0119drzejewski OP<br>\r\nks. Maciej Kubiak<br>\r\nks. Arkadiusz Lechowski<br>\r\nks. Andrzej Luter<br>\r\nks. Grzegorz Michalczyk<br>\r\no. Marcin Mogielski OP<br>\r\nks. Krzysztof Nieda\u0142towski<br>\r\no. Wac\u0142aw Oszajca SJ<br>\r\nks. Andrzej Perzy\u0144ski<br>\r\nks. Andrzej P\u0119cherzewski<br>\r\nks. Jacek Prusak SJ<br>\r\no. J\u00f3zef Puci\u0142owski OP<br>\r\nks. Bartosz Rajewski<br>\r\nks. Jacek Siepsiak SJ<br>\r\nks. Waldemar Sondka<br>\r\nks. S\u0142awomir Szczyrba<br>\r\nks. Andrzej Szostek MIC<br>\r\no. Adam Szustak OP<br>\r\nks. Alfred Wierzbicki<br>\r\no. Maciej Zi\u0119ba OP&nbsp;<\/p>\r\n<\/blockquote>\r\n<blockquote>\r\n<h4><strong>Nie w naszym imieniu. G\u0142os katolik\u00f3w \u015bwieckich&nbsp;\u2013 list do Ksi\u0119\u017cy Biskup\u00f3w<\/strong><\/h4>\r\n<p><em>Jaros\u0142aw Kaczy\u0144ski wezwa\u0142 swoich zwolennik\u00f3w do obrony polskiego Ko\u015bcio\u0142a \u201eza ka\u017cd\u0105 cen\u0119\u201d. Szef partii rz\u0105dz\u0105cej pr\u00f3buje przekona\u0107 opini\u0119 publiczn\u0105, \u017ce Ko\u015bci\u00f3\u0142 w naszym kraju stoi przed ostatecznym zagro\u017ceniem, przed kt\u00f3rym broni\u0107 go maj\u0105 partyjni aktywi\u015bci. Ze znakiem Polski Walcz\u0105cej wpi\u0119tym w klap\u0119 twierdzi, \u017ce przeciwnicy polityczni PiS zamierzaj\u0105 \u201ezako\u0144czy\u0107 histori\u0119 narodu polskiego\u201d. Kombatanci Powstania Warszawskiego odrzucili t\u0119 uzurpacj\u0119, uznaj\u0105c, \u017ce prezes PiS nie mo\u017ce legitymowa\u0107 si\u0119 znakiem Polski podziemnej z lat 1939-1945. My stwierdzamy, \u017ce Jaros\u0142aw Kaczy\u0144ski nie ma prawa do przemawiania w imieniu polskich katolik\u00f3w.<\/em><br>\r\n<br>\r\n<em> Jako ludzie wierz\u0105cy, cz\u0142onkowie wsp\u00f3lnoty Ko\u015bcio\u0142a, a tak\u017ce Polacy, ca\u0142kowicie odrzucamy te oceny. Kategorycznie sprzeciwiamy si\u0119 pr\u00f3bie przedstawiania masowych spo\u0142ecznych protest\u00f3w przeciw \u0142ami\u0105cym prawo rz\u0105dom PiS jako ataku na Polsk\u0119 i wiar\u0119. Nie chcemy, by od \u015bwi\u0105ty\u0144 odgrodzi\u0142 nas mur boj\u00f3wkarzy. Zamkn\u0119\u0142oby to ostatecznie drog\u0119 do Ko\u015bcio\u0142a m\u0142odym ludziom, kt\u00f3rzy z tak\u0105 determinacj\u0105 od wielu dni broni\u0105 na ulicach swoich i naszych wolno\u015bci.<\/em><br>\r\n<br>\r\n<em> Wzywamy polskich biskup\u00f3w do pot\u0119pienia tej kolejnej pr\u00f3by wykorzystania Ko\u015bcio\u0142a w politycznym interesie partii rz\u0105dz\u0105cej. Episkopat powinien jednoznacznie odrzuci\u0107 ofert\u0119 \u201eobrony\u201d ze strony prezesa PiS i osi\u0142k\u00f3w przebranych w kostium patriot\u00f3w, wezwa\u0107 w\u0142adze pa\u0144stwowe do podj\u0119cia dialogu z protestuj\u0105cymi i od\u017cegna\u0107 si\u0119 od wszystkiego, co w oczach wielu, r\u00f3wnie\u017c katolik\u00f3w, jest sojuszem o\u0142tarza z tronem.<\/em><br>\r\n<br>\r\nStefan Dunin-W\u0105sowicz<br>\r\nMa\u0142gorzata Dzieduszycka-Ziemilska<br>\r\nMarcin Frybes<br>\r\nCezary Gawry\u015b<br>\r\nJakub Halcewicz-Pleskaczewski<br>\r\nMa\u0142gorzata Herbich<br>\r\nTomasz Herbich<br>\r\nDamian Jankowski<br>\r\nAnna Karo\u0144-Ostrowska<br>\r\nPawe\u0142 K\u0105dziela<br>\r\nDominika Koz\u0142owska<br>\r\nKrzysztof Luft<br>\r\nJacek Micha\u0142owski<br>\r\nEl\u017cbieta Mycielska-Dowgia\u0142\u0142o<br>\r\nWojciech Ostrowski<br>\r\nJerzy Radziwi\u0142\u0142<br>\r\nZofia Ratajska<br>\r\nS\u0142awomir Ratajski<br>\r\nEwa Rostworowska<br>\r\nTomasz Rostworowski<br>\r\nTeresa Ro\u015bciszewska<br>\r\nJan Rycerski<br>\r\nJan Sk\u00f3rzy\u0144ski<br>\r\nTomasz Snarski<br>\r\nJerzy Sosnowski<br>\r\nPiotr Szaroszyk<br>\r\nAgnieszka Wierzejska<br>\r\nAgnieszka Wolfram-Zakrzewska<br>\r\nHenryk Wo\u017aniakowski<br>\r\nRafa\u0142 Zakrzewski<br>\r\nEl\u017cbieta Zio\u0142kowska<br>\r\nKrzysztof Zio\u0142kowski<\/p>\r\n<\/blockquote>\r\n<p class=\"zrodlo\">Za: <a href=\"https:\/\/www.pch24.pl\/katolewica--niech-kosciol-upodobni-sie-do-swych-wrogow-,79532,i.html\">PoloniaChristiana &#8211; pch24.pl (2020-10-29)<\/a> &#8211; [Org. tytu\u0142: \u00abKatolewica: Niech Ko\u015bci\u00f3\u0142 upodobni si\u0119 do swych wrog\u00f3w\u00bb]<\/p>\r\n<h4>&nbsp;<\/h4>\r\n<hr style=\"background-color: #000000; border-width: 0; color: #000000; height: 2px; line-height: 0; text-align: center; width: 100%;\">\r\n<h4>&nbsp;<\/h4>\r\n<blockquote>\r\n<p><strong>KOMENTARZ <em>BIBU\u0141Y<\/em><\/strong>: Ci wszyscy ludzie podpisuj\u0105cy si\u0119 pod tymi apelami sami wykluczuli si\u0119 z Ko\u015bcio\u0142a i zaci\u0105gn\u0119\u0142i na siebie ekskomunik\u0119 <em>latae sententiae,<\/em> lecz dope\u0142nieniem ze strony instytucjonalnego Ko\u015bcio\u0142a winno by\u0107 dodatkowe oficjalne orzeczenie <em>sententiae ferendae<\/em> biskup\u00f3w oraz prze\u0142o\u017conych poszczeg\u00f3lnych zakon\u00f3w, bo w grupie mamy sporo dominikan\u00f3w, marianin\u00f3w oraz jezuit\u00f3w.<\/p>\r\n<h4><strong>Zatem biskupi, genera\u0142owie zakon\u00f3w, prowincja\u0142owie: <em>Scomunica subito!<\/em><\/strong><\/h4>\r\n<p>Oczywi\u015bcie nasz apel do prze\u0142o\u017conych tych\u017ce sygnatariuszy jest wo\u0142aniem na puszczy, bo przecie\u017c oni sami my\u015bl\u0105 dok\u0142adnie tak samo tylko nie za bardzo zr\u0119cznie jest im to ujawni\u0107. Nie teraz, jeszcze nie pora. I w tym tkwi sedno kryzysu Ko\u015bcio\u0142a: pasterze s\u0105 wilkami przebranymi w stroje przyw\u00f3dcze. Gdy prawdziwi pasterze dbaj\u0105 o swoich wiernych i chroni\u0105 ich przed niebezpiecze\u0144stwami, to przebiera\u0144cy przej\u0119li my\u015blenie wrog\u00f3w sami staj\u0105c w ich szeregach. Nie reaguj\u0105 na stada wilk\u00f3w, nie chc\u0105 zauwa\u017ca\u0107 gdy w\u015bciek\u0142e hordy napadaj\u0105 na owce i k\u0142ami rozszarpuj\u0105 ich cia\u0142a i dusze.<\/p>\r\n<\/blockquote>\r\n<h4>&nbsp;<\/h4>\r\n<hr style=\"background-color: #000000; border-width: 0; color: #000000; height: 2px; line-height: 0; text-align: center; width: 100%;\">\r\n<h4>&nbsp;<\/h4>","protected":false},"excerpt":{"rendered":"Akurat w momencie eskalacji antykatolickiej agresji \u2013 werbalnej, symbolicznej oraz fizycznej \u2013 grupy wp\u0142ywowych duchownych oraz \u015bwieckich proponuj\u0105 Ko\u015bcio\u0142owi w osobnych listach prze\u0142omowe, mo\u017cna powiedzie\u0107: rewolucyjne wyj\u015bcie z sytuacji. Tak bowiem nazwa\u0107 trzeba postulat biernej postawy wobec wrogo\u015bci, sugesti\u0119 rezygnacji z zabiegania o prawn\u0105 ochron\u0119 najs\u0142abszych, skierowanie uwagi na dzia\u0142alno\u015b\u0107 charytatywn\u0105 i ekologiczn\u0105. Autorzy apelu [&hellip;]","protected":false},"author":1,"featured_media":0,"comment_status":"closed","ping_status":"closed","sticky":false,"template":"","format":"standard","meta":{"_acf_changed":false,"_monsterinsights_skip_tracking":false,"ngg_post_thumbnail":0,"footnotes":"","_wp_rev_ctl_limit":""},"categories":[5],"tags":[132,65,238,98,33],"acf":[],"_links":{"self":[{"href":"https:\/\/www.bibula.com\/index.php?rest_route=\/wp\/v2\/posts\/119933"}],"collection":[{"href":"https:\/\/www.bibula.com\/index.php?rest_route=\/wp\/v2\/posts"}],"about":[{"href":"https:\/\/www.bibula.com\/index.php?rest_route=\/wp\/v2\/types\/post"}],"author":[{"embeddable":true,"href":"https:\/\/www.bibula.com\/index.php?rest_route=\/wp\/v2\/users\/1"}],"replies":[{"embeddable":true,"href":"https:\/\/www.bibula.com\/index.php?rest_route=%2Fwp%2Fv2%2Fcomments&post=119933"}],"version-history":[{"count":10,"href":"https:\/\/www.bibula.com\/index.php?rest_route=\/wp\/v2\/posts\/119933\/revisions"}],"predecessor-version":[{"id":119944,"href":"https:\/\/www.bibula.com\/index.php?rest_route=\/wp\/v2\/posts\/119933\/revisions\/119944"}],"wp:attachment":[{"href":"https:\/\/www.bibula.com\/index.php?rest_route=%2Fwp%2Fv2%2Fmedia&parent=119933"}],"wp:term":[{"taxonomy":"category","embeddable":true,"href":"https:\/\/www.bibula.com\/index.php?rest_route=%2Fwp%2Fv2%2Fcategories&post=119933"},{"taxonomy":"post_tag","embeddable":true,"href":"https:\/\/www.bibula.com\/index.php?rest_route=%2Fwp%2Fv2%2Ftags&post=119933"}],"curies":[{"name":"wp","href":"https:\/\/api.w.org\/{rel}","templated":true}]}}