{"id":119897,"date":"2020-10-29T11:43:46","date_gmt":"2020-10-29T15:43:46","guid":{"rendered":"https:\/\/www.bibula.com\/?p=119897"},"modified":"2020-10-29T20:40:53","modified_gmt":"2020-10-30T00:40:53","slug":"prymas-i-przewodniczacy-kep-prosza-aby-1-listopada-nie-bylo-mszy-i-procesji-na-cmentarzach","status":"publish","type":"post","link":"https:\/\/www.bibula.com\/?p=119897","title":{"rendered":"Prymas i Przewodnicz\u0105cy KEP prosz\u0105, aby 1 listopada nie by\u0142o Mszy i procesji na cmentarzach"},"content":{"rendered":"<p><strong>W tym roku w uroczysto\u015b\u0107 Wszystkich \u015awi\u0119tych w wielu polskich diecezjach nie odb\u0119d\u0105 si\u0119 Msze \u015awi\u0119te i procesje na cmentarzach. Z powodu tzw. pandemii koronawirusa cz\u0119\u015b\u0107 biskup\u00f3w wyda\u0142a dekrety, aby 1 listopada liturgie sprawowano w ko\u015bcio\u0142ach. \u200bBiskupi namawiaj\u0105 r\u00f3wnie\u017c wiernych do indywidualnego nawiedzania cmentarzy.<\/strong><\/p>\r\n<p>Abp Stanis\u0142aw G\u0105decki \u2013 metropolita pozna\u0144ski i abp Wojciech Polak \u2013 prymas Polski wezwali wiernych do \u201eindywidualnego nawiedzania cmentarzy\u201d. Hierarchowie wezwali kap\u0142an\u00f3w do odwo\u0142ania Mszy \u015awi\u0119tych i procesji na cmentarzach w uroczysto\u015b\u0107 Wszystkich \u015awi\u0119tych.<\/p>\r\n<p>W wydanym w tej sprawie komunikacie prymas poprosi\u0142, aby \u201ew trosce o zdrowie i bezpiecze\u0144stwo wiernych\u201d wszelkie obchody odbywaj\u0105ce si\u0119 w uroczysto\u015b\u0107 Wszystkich \u015awi\u0119tych na cmentarzach celebrowa\u0107 w ko\u015bcio\u0142ach. Poprosi tak\u017ce \u201eo wzajemny szacunek, solidarno\u015b\u0107 i modlitw\u0119 za pracownik\u00f3w s\u0142u\u017cb medycznych, wolontariuszy i wszystkich, kt\u00f3rzy w tym trudnym czasie nios\u0105 bli\u017anim pomoc\u201d.<\/p>\r\n<p>Tak\u0105 sam\u0105 decyzj\u0119 podj\u0105\u0142 kard. Kazimierza Nycz, kt\u00f3ry og\u0142osi\u0142, \u017ce w archidiecezji warszawskiej 1 listopada nie b\u0119dzie tradycyjnych procesji m.in. na Cmentarzu Pow\u0105zkowskim, Cmentarzu P\u00f3\u0142nocnym na W\u00f3lce W\u0119glowej czy Cmentarzu Wawrzyszewskim. Natomiast \u201emodlitwa w intencji zmar\u0142ych b\u0119dzie zanoszona do Boga podczas nabo\u017ce\u0144stw w \u015bwi\u0105tyniach\u201d.<\/p>\r\n<p>W komunikacie kurii diecezjalnej w\u0142oc\u0142awskiej w uroczysto\u015b\u0107 Wszystkich \u015awi\u0119tych odwo\u0142ano na cmentarzach Msze \u015bw. polowe, nabo\u017ce\u0144stwa i procesje. \u201eIch celebracj\u0119 nale\u017cy przenie\u015b\u0107 do ko\u015bcio\u0142\u00f3w\u201d, napisano. Podkre\u015blono, \u017ce \u201eMsze w tym dniu powinny zosta\u0107 odprawione w ko\u015bcio\u0142ach parafialnych wed\u0142ug porz\u0105dku niedzielnego, z uwzgl\u0119dnieniem mo\u017cliwo\u015bci sprawowania ich na tych cmentarzach, na kt\u00f3rych znajduj\u0105 si\u0119 ko\u015bcio\u0142y lub kaplice, zgodnie z na\u0142o\u017conymi przez w\u0142adze limitami liczby uczestnik\u00f3w zgromadze\u0144 religijnych &#8211; jedna osoba na 7 m kw\u201d.<\/p>\r\n<p>Zgodnie z dekretem wydanym na polecenie papie\u017ca Franciszka przez Penitencjari\u0119 Apostolsk\u0105, w tym roku w dniach od 1 do 30 listopada mo\u017cna codziennie uzyska\u0107 odpust zupe\u0142ny dla tych, kt\u00f3rzy w czy\u015b\u0107cu oczekuj\u0105 pe\u0142ni zbawienia.<\/p>\r\n<p>Warunkiem jest nawiedzenie cmentarza lub ko\u015bcio\u0142a oraz wype\u0142nienie zwyk\u0142ych warunk\u00f3w, tj. przyst\u0105pienie do Komunii \u015bw. w dniu nawiedzenia cmentarza i odm\u00f3wienie modlitw: Ojcze nasz i Wierz\u0119 w Boga oraz jak\u0105kolwiek modlitw\u0119 w intencjach wyznaczonych na dany dzie\u0144 przez papie\u017ca.<\/p>\r\n<p>Ponadto na mocy watyka\u0144skiego dekretu osoby starsze, chore oraz pozosta\u0142e, kt\u00f3re nie mog\u0105 opu\u015bci\u0107 domu, na przyk\u0142ad z powodu restrykcji na\u0142o\u017conych przez w\u0142adze w ich miejscach pobytu &#8211; mog\u0105 uzyska\u0107 odpust zupe\u0142ny na drodze duchowej \u0142\u0105czno\u015bci ze wsp\u00f3lnot\u0105 wiernych i modlitwy za zmar\u0142ych.<\/p>\r\n<p>\u0179r\u00f3d\u0142o: rmf24.pl<\/p>\r\n<p>TK<\/p>\r\n<blockquote>\r\n<p>[<strong>Wybrane wypowiedzi internaut\u00f3w pod w\/w tekstem na stronie \u017ar\u00f3d\u0142owej:<\/strong>]<\/p>\r\n<p>Potem poprosz\u0105 , aby\u015bmy uczestniczyli w Eucharystii jedynie raz w roku. Bycie \u017cyrantem b\u0142\u0119du , przyniesie owoce tego b\u0142\u0119du, ju\u017c przynosi.. Biedne dusze czy\u015b\u0107cowe, a zapomnia\u0142em , przecie\u017c nie tylko piek\u0142o ale i czy\u015bciec podobno pusty ..<br>\r\n<em>Kefas<\/em><br>\r\n<br>\r\nnie mog\u0119 tego zrozumie\u0107, jak to jest, wirus szaleje po cmentarzach i ko\u015bcio\u0142ach, a robi si\u0119 oci\u0119\u017ca\u0142y w czasie burd na ulicach, \u017ce nie wspomn\u0119 o zakupach w marketach, niestety nie mamy ju\u017c przewodnik\u00f3w, na episkopat nie mo\u017cemy ju\u017c liczy\u0107<br>\r\n<em>anty<\/em><br>\r\n<br>\r\nZaraz poprosz\u0105, \u017ceby zamiast Wielkiego Tygodnia i Wielkanocy \u015bwi\u0119towa\u0107 Ramadan.<br>\r\n<em>Republikanin<\/em><br>\r\n<br>\r\nMa\u0142ymi krokami doprowadza do porzucenia wiary przez ludzi.<br>\r\n<em>Krzysztof<\/em><br>\r\n<br>\r\nProsz\u0105? Nie broni\u0105 ko\u015bcio\u0142\u00f3w i jeszcze \u015bmi\u0105 prosi\u0107? Ha\u0144ba! Tysi\u0105ce dziczy na ulicach, setki tysi\u0119cy, bez zachowania zasad sanitarnych, a oni nie chc\u0105 mszy \u015bwi\u0119tej? Upadek episkopatu<br>\r\n<em>\u017be co?<\/em><br>\r\n<br>\r\nW\u0142a\u015bnie 1 listopada POWINNY by\u0107 MSZE \u015aWI\u0118TE na cmentarzach! B\u0142aga\u0107 Boga a przebaczenie, pokutowa\u0107 a \u015awi\u0119tych i dusze czy\u015b\u0107cowe prosi\u0107 o wstawiennictwo za Ko\u015bcio\u0142em, Polsk\u0105 i \u015bwiatem!!! NIE ODWO\u0141YWA\u0106!!!! To jest poddanie si\u0119 szatanowi!!!<br>\r\n<em>Przesta\u0144cie za<\/em><br>\r\n<br>\r\nRami\u0119 w rami\u0119 z rz\u0105dem \u015bwiatowym na drodze budowania NWO. Zas\u0142ona opad\u0142a ju\u017c w marcu. Posoborowy tw\u00f3r by\u0142 przygotowywany na tak\u0105 chwil\u0119. Wsp\u00f3\u0142czuj\u0119 Wam hierarchowie, kt\u00f3rzy zdradzili\u015bcie Pana Jezusa.<br>\r\n<em>Freedom<\/em><br>\r\n<br>\r\nTe oszo\u0142omy mog\u0105 t\u0142umnie \u0142azi\u0107 ulicami miast, a nas pozbawia si\u0119 procesji i Mszy. Wstyd !<br>\r\n<em>Monika<\/em><\/p>\r\n<\/blockquote>\r\n<p class=\"zrodlo\">Za: <a href=\"https:\/\/www.pch24.pl\/prymas-i-przewodniczacy-kep-prosza--aby-we-wszystkich-swietych-nie-bylo-mszy-i-procesji-na-cmentarzach,79501,i.html\">PoloniaChristiana &#8211; pch24.pl (2020-10-29)<\/a><\/p>\r\n<h4>&nbsp;<\/h4>\r\n<hr style=\"background-color: #000000; border-width: 0; color: #000000; height: 2px; line-height: 0; text-align: center; width: 100%;\">\r\n<h4>&nbsp;<\/h4>\r\n<blockquote>\r\n<p><strong>KOMENTARZ <em>BIBU\u0141Y<\/em><\/strong>: Mo\u017ce b\u0119dzie lepiej i wygodniej dla wszystkich je\u015bli KEP-scy ustal\u0105 ju\u017c teraz aby regularnie zamka\u0107 ko\u015bcio\u0142y na czas corocznej sezonowej grypy? Przecie\u017c grypa regularnie zbiera swoje wielkie \u017cniwo i jest bardzo zara\u017aliwa, a wi\u0119c aby &#8222;chroni\u0107 wiernych&#8221; by\u0142aby to jedyna logiczna alternatywa JE\u015aLI przyjmiemy &#8211; oczywi\u015bcie nies\u0142usznie &#8211; \u017ce tzw. epidemia koronawirusa ma jakiekolwiek medyczne uzasadnienie wprowadzonego rygoru. I wtedy wszyscy b\u0119dziemy \u0142\u0105czyli si\u0119 &#8222;duchowo&#8221;, oczywi\u015bcie przy pomocy przekaz\u00f3w wideo, Skypa, Zooma i Webexa. Ksi\u0119\u017ca b\u0119d\u0105 mieli wi\u0119cej czasu, widzowie b\u0119d\u0105 modlili si\u0119 do telewizora i b\u0119dzie mi\u0142o i przyjemnie. Tylko jeszcze nie ustalili jak z t\u0105 kas\u0105, bo wirtualna taca co\u015b nie dzia\u0142a.<\/p>\r\n<\/blockquote>\r\n<h4>&nbsp;<\/h4>\r\n<hr style=\"background-color: #000000; border-width: 0; color: #000000; height: 2px; line-height: 0; text-align: center; width: 100%;\">\r\n<h4>&nbsp;<\/h4>","protected":false},"excerpt":{"rendered":"W tym roku w uroczysto\u015b\u0107 Wszystkich \u015awi\u0119tych w wielu polskich diecezjach nie odb\u0119d\u0105 si\u0119 Msze \u015awi\u0119te i procesje na cmentarzach. Z powodu tzw. pandemii koronawirusa cz\u0119\u015b\u0107 biskup\u00f3w wyda\u0142a dekrety, aby 1 listopada liturgie sprawowano w ko\u015bcio\u0142ach. \u200bBiskupi namawiaj\u0105 r\u00f3wnie\u017c wiernych do indywidualnego nawiedzania cmentarzy. Abp Stanis\u0142aw G\u0105decki \u2013 metropolita pozna\u0144ski i abp Wojciech Polak \u2013 [&hellip;]","protected":false},"author":1,"featured_media":0,"comment_status":"closed","ping_status":"closed","sticky":false,"template":"","format":"standard","meta":{"_acf_changed":false,"_monsterinsights_skip_tracking":false,"ngg_post_thumbnail":0,"footnotes":"","_wp_rev_ctl_limit":""},"categories":[451,5],"tags":[433,98,20,33],"acf":[],"_links":{"self":[{"href":"https:\/\/www.bibula.com\/index.php?rest_route=\/wp\/v2\/posts\/119897"}],"collection":[{"href":"https:\/\/www.bibula.com\/index.php?rest_route=\/wp\/v2\/posts"}],"about":[{"href":"https:\/\/www.bibula.com\/index.php?rest_route=\/wp\/v2\/types\/post"}],"author":[{"embeddable":true,"href":"https:\/\/www.bibula.com\/index.php?rest_route=\/wp\/v2\/users\/1"}],"replies":[{"embeddable":true,"href":"https:\/\/www.bibula.com\/index.php?rest_route=%2Fwp%2Fv2%2Fcomments&post=119897"}],"version-history":[{"count":7,"href":"https:\/\/www.bibula.com\/index.php?rest_route=\/wp\/v2\/posts\/119897\/revisions"}],"predecessor-version":[{"id":119945,"href":"https:\/\/www.bibula.com\/index.php?rest_route=\/wp\/v2\/posts\/119897\/revisions\/119945"}],"wp:attachment":[{"href":"https:\/\/www.bibula.com\/index.php?rest_route=%2Fwp%2Fv2%2Fmedia&parent=119897"}],"wp:term":[{"taxonomy":"category","embeddable":true,"href":"https:\/\/www.bibula.com\/index.php?rest_route=%2Fwp%2Fv2%2Fcategories&post=119897"},{"taxonomy":"post_tag","embeddable":true,"href":"https:\/\/www.bibula.com\/index.php?rest_route=%2Fwp%2Fv2%2Ftags&post=119897"}],"curies":[{"name":"wp","href":"https:\/\/api.w.org\/{rel}","templated":true}]}}