{"id":119681,"date":"2020-10-24T21:20:37","date_gmt":"2020-10-25T01:20:37","guid":{"rendered":"https:\/\/www.bibula.com\/?p=119681"},"modified":"2020-10-24T21:20:37","modified_gmt":"2020-10-25T01:20:37","slug":"staralismy-sie-zachowac-srodki-ostroznosci-maseczki-rekawiczki-prezydent-duda-o-zakazeniu-koronawirusem","status":"publish","type":"post","link":"https:\/\/www.bibula.com\/?p=119681","title":{"rendered":"&#8222;Starali\u015bmy si\u0119 zachowa\u0107 \u015brodki ostro\u017cno\u015bci: maseczki, r\u0119kawiczki&#8221;. Prezydent Duda o zaka\u017ceniu koronawirusem"},"content":{"rendered":"<p>W sobot\u0119 (24.10.2020) prezydent Andrzej Duda otrzyma\u0142 pozytywny wynik testu PCR. Dzie\u0144 wcze\u015bniej prezydent wizytowa\u0142 szpital powstaj\u0105cy na Stadionie Narodowym.<\/p>\r\n<p>W nagraniu zamieszczonym w Internecie prezydent m\u00f3wi, \u017ce czuje si\u0119 dobrze, jest w pe\u0142ni si\u0142, nie mia\u0142 i nie ma \u017cadnych objaw\u00f3w choroby. <strong>Jednocze\u015bnie o\u015bwiadcza, \u017ce jest \u201echory na koronawirusa\u201d.<\/strong><\/p>\r\n<p><span class=\"pullquote\"><!-- Prezydent Duda o\u015bwiadcza, \u017ce jest \u201echory na koronawirusa\u201d. Warto sprostowa\u0107 t\u0119 wypowied\u017a. Prezydent Duda nie jest chory. Ma pozytywny wynik testu, co mo\u017ce oznacza\u0107 zaka\u017cenie SARS-CoV-2.--><\/span><\/p>\r\n<p>Warto sprostowa\u0107 t\u0119 wypowied\u017a. Prezydent Duda nie jest chory. Ma pozytywny wynik testu, co mo\u017ce oznacza\u0107 zaka\u017cenie SARS-CoV-2.<\/p>\r\n<p>Mo\u017ce to r\u00f3wnie\u017c oznacza\u0107 zaka\u017cenie innym wirusem. Mo\u017ce te\u017c by\u0107 to wynik fa\u0142szywie pozytywny. Mo\u017cliwo\u015bci jest wiele, ale z pewno\u015bci\u0105 PAD nie jest chory. Gdyby by\u0142 chory, mia\u0142by objawy. A tych nie ma. Oczywi\u015bcie objawy mog\u0105 rozwin\u0105\u0107 si\u0119 p\u00f3\u017aniej. Dopiero wtedy b\u0119dzie mo\u017cna m\u00f3wi\u0107 o chorobie. Oczywi\u015bcie \u017cycz\u0119 prezydentowi zdrowia.<\/p>\r\n<p>\u2013 Starali\u015bmy si\u0119 zachowa\u0107 \u015brodki ostro\u017cno\u015bci, wszystkie, kt\u00f3re w ostatnim czasie by\u0142y wdra\u017cane: maseczki, r\u0119kawiczki w sytuacjach bezpo\u015bredniego zetkni\u0119cia. (\u2026) Wierz\u0119 w to, \u017ce te \u015brodki ochrony, tak\u017ce trzymane odleg\u0142o\u015bci, dystanse spo\u0142eczne by\u0142y wystarczaj\u0105ce \u2013 m\u00f3wi prezydent.<\/p>\r\n<p>Prezydencka wiara w \u015brodki ochronne lansowane pod has\u0142em DDM dziwi w sytuacji, gdy przestrzegaj\u0105c tych zasad \u201ezachorowa\u0142\u201d. Je\u015bli wynik testu faktycznie \u015bwiadczy o zaka\u017ceniu SARS-CoV-2, to prezydent Duda jest dowodem na to, \u017ce strategia DDM nie dzia\u0142a. Nie jest to dla mnie \u017cadne zaskoczenie, poniewa\u017c wielokrotnie wyja\u015bnia\u0142am, \u017ce ani maseczki, ani dystans spo\u0142eczny nie zatrzymuje transmisji wirusa.<\/p>\r\n<p>Oczywi\u015bcie test mo\u017ce by\u0107 fa\u0142szywie pozytywny, tak jak mia\u0142o to miejsce w przypadku by\u0142ego ministra zdrowia \u0141ukasza Szumowskiego. Ale nawet je\u015bli u prezydenta nie wyst\u0105pi\u0105 \u017cadne objawy choroby, to i tak nie b\u0119dziemy wiedzieli, czy faktycznie przeszed\u0142 zaka\u017cenie bezobjawowo, czy te\u017c w og\u00f3le nie by\u0142 zaka\u017cony. Jedyna weryfikacj\u0105 znowu b\u0119dzie test PCR, kt\u00f3ry nie nadaje si\u0119 do cel\u00f3w diagnostycznych.<\/p>\r\n<p>Tymczasem na kwarantannie przebywa dzi\u015b prawie 480 tys. os\u00f3b, a Polska wchodzi w drugi lockdown. I to wszystko dzieje si\u0119 w oparciu o niewiarygodne testy oraz absurdalne przepisy, kt\u00f3re i tak nie zatrzymuj\u0105 wirusa.<\/p>\r\n<p>[\u0179r\u00f3d\u0142o:] <a href=\"https:\/\/wprawo.pl\/staralismy-sie-zachowac-srodki-ostroznosci-maseczki-rekawiczki-prezydent-duda-o-zakazeniu-koronawirusem\">wprawo.pl (Pa\u017a 24, 2020) <\/a><\/p>\r\n<p class=\"zrodlo\">Za: <a href=\"http:\/\/dakowski.pl\/index.php?option=com_content&amp;task=view&amp;id=29437&amp;Itemid=53\">Strona prof. Miros\u0142awa Dakowskiego (24.10.2020)<\/a><\/p>","protected":false},"excerpt":{"rendered":"W sobot\u0119 (24.10.2020) prezydent Andrzej Duda otrzyma\u0142 pozytywny wynik testu PCR. Dzie\u0144 wcze\u015bniej prezydent wizytowa\u0142 szpital powstaj\u0105cy na Stadionie Narodowym. W nagraniu zamieszczonym w Internecie prezydent m\u00f3wi, \u017ce czuje si\u0119 dobrze, jest w pe\u0142ni si\u0142, nie mia\u0142 i nie ma \u017cadnych objaw\u00f3w choroby. Jednocze\u015bnie o\u015bwiadcza, \u017ce jest \u201echory na koronawirusa\u201d. Warto sprostowa\u0107 t\u0119 wypowied\u017a. Prezydent [&hellip;]","protected":false},"author":1,"featured_media":0,"comment_status":"closed","ping_status":"closed","sticky":false,"template":"","format":"standard","meta":{"_acf_changed":false,"_monsterinsights_skip_tracking":false,"_monsterinsights_sitenote_active":false,"_monsterinsights_sitenote_note":"","_monsterinsights_sitenote_category":0,"ngg_post_thumbnail":0,"footnotes":"","_wp_rev_ctl_limit":""},"categories":[451,8],"tags":[349,433,98,20],"acf":[],"_links":{"self":[{"href":"https:\/\/www.bibula.com\/index.php?rest_route=\/wp\/v2\/posts\/119681"}],"collection":[{"href":"https:\/\/www.bibula.com\/index.php?rest_route=\/wp\/v2\/posts"}],"about":[{"href":"https:\/\/www.bibula.com\/index.php?rest_route=\/wp\/v2\/types\/post"}],"author":[{"embeddable":true,"href":"https:\/\/www.bibula.com\/index.php?rest_route=\/wp\/v2\/users\/1"}],"replies":[{"embeddable":true,"href":"https:\/\/www.bibula.com\/index.php?rest_route=%2Fwp%2Fv2%2Fcomments&post=119681"}],"version-history":[{"count":2,"href":"https:\/\/www.bibula.com\/index.php?rest_route=\/wp\/v2\/posts\/119681\/revisions"}],"predecessor-version":[{"id":119685,"href":"https:\/\/www.bibula.com\/index.php?rest_route=\/wp\/v2\/posts\/119681\/revisions\/119685"}],"wp:attachment":[{"href":"https:\/\/www.bibula.com\/index.php?rest_route=%2Fwp%2Fv2%2Fmedia&parent=119681"}],"wp:term":[{"taxonomy":"category","embeddable":true,"href":"https:\/\/www.bibula.com\/index.php?rest_route=%2Fwp%2Fv2%2Fcategories&post=119681"},{"taxonomy":"post_tag","embeddable":true,"href":"https:\/\/www.bibula.com\/index.php?rest_route=%2Fwp%2Fv2%2Ftags&post=119681"}],"curies":[{"name":"wp","href":"https:\/\/api.w.org\/{rel}","templated":true}]}}