{"id":11960,"date":"2009-07-30T21:08:37","date_gmt":"2009-07-31T02:08:37","guid":{"rendered":"http:\/\/www.bibula.com\/?p=11960"},"modified":"2009-07-30T21:10:27","modified_gmt":"2009-07-31T02:10:27","slug":"reakcja-msz-na-wiadomosc-o-rajdzie-im-bandery","status":"publish","type":"post","link":"https:\/\/www.bibula.com\/?p=11960","title":{"rendered":"Reakcja MSZ na wiadomo\u015b\u0107 o rajdzie im. Bandery"},"content":{"rendered":"<p>Po naszej wczorajszej informacji na temat planowanego rajdu rowerowego im. Bandery, kt\u00f3rego trasa mia\u0142a przebiega\u0107 przez terytorium Polski, spraw\u0105 zainteresowa\u0142y si\u0119 inne media. Skarg\u0119 do MSZ wys\u0142a\u0142 ks. Tadeusz Isakowicz-Zaleski. W odpowiedzi Ministerstwo zobowi\u0105za\u0142o si\u0119 do sprawdzenia naszych doniesie\u0144 i podj\u0119cia stosownych dzia\u0142a\u0144.<br style=\"clear: left;\" \/><\/p>\r\n\r\n<p>Poni\u017cej publikujemy tre\u015b\u0107 listu ks. Isakowicza oraz odpowied\u017a rzecznika MSZ.<\/p>\r\n\r\n<p><br class=\"spacer_\" \/><\/p>\r\n\r\n\r\n<blockquote><p style=\"text-align: center;\" align=\"center\"><span style=\"color: black;\">Szanowny    Panie Ministrze!<\/span><\/p>\r\n\r\n<p>Z obowi\u0105zku    obywatelskiego jestem zmuszony po raz kolejny zwr\u00f3ci\u0107 Panu Ministrowi uwag\u0119,    \u017ce Pa\u0144ska oboj\u0119tno\u015b\u0107, jak i Panu podleg\u0142ych s\u0142u\u017cb, na skandaliczne promowanie    na polskiej ziemi nacjonalizmu i faszyzmu ukrai\u0144skiego jest\u00a0 sprzeczna z    polsk\u0105 racj\u0105 stanu.<\/p>\r\n\r\n<p>Z powodu tej    oboj\u0119tno\u015bci nacjonali\u015bci i faszy\u015bci ukrai\u0144scy mog\u0119 bezkarnie organizowa\u0107 takie    prowokacje jak\u00a0 <span style=\"color: black;\">rajd kolarski, kt\u00f3rego trasa    prowadzi m.in. przez Polsk\u0119, a za kt\u00f3rego patrona obrano &#8211; uwaga! &#8211; kata    polskich i \u017cydowskich dzieci i kobiet Stepana Bander\u0119.<\/span><\/p>\r\n\r\n<p><span style=\"color: black;\"> Dlaczego Pa\u0144skie    s\u0142u\u017cby konsularne wyda\u0142y na to zgod\u0119? <\/span><\/p>\r\n\r\n<p><span style=\"color: black;\"> Czy by\u0142oby    mo\u017cliwe, aby Hitlerjugend w koszulkach ze swastykami organizowa\u0142 rajd po    Europie szlakiem Hitlera i Himmlera, a Komsomo\u0142 w koszulkach z sierpem i    m\u0142otem szlakiem Stalina i Berii? Oczywi\u015bcie, \u017ce nie. Ale w wypadku Bandery    &#8222;polscy\u00a0 politycy, twierdz\u0105c, \u017ce niczego nie widzieli i nie    s\u0142yszeli.<\/span><\/p>\r\n\r\n<p><span style=\"color: black;\"> Wysy\u0142am    dzi\u015b kolejne powiadomienie do prokuratury. Od Pana Ministra oczekuje nie tylko    oficjalnej odpowiedzi na moje pismo, ale i reakcji na odbywaj\u0105cy si\u0119 rajd. <\/span><\/p>\r\n\r\n<p><span style=\"color: black;\">Pe\u0142na informacja o rajdzie    zaczerpni\u0119ta zosta\u0142a z portalu Kresy.pl, kt\u00f3r\u0105 Panu    polecam.<\/span><\/p><\/blockquote>\r\n\r\n\r\n<p><br class=\"spacer_\" \/><\/p>\r\n\r\n<p>&#8212;&#8212;&#8212;&#8212;&#8212;&#8212;&#8212;&#8212;&#8212;-<\/p>\r\n\r\n\r\n<blockquote><p>Szanowny Panie,<\/p>\r\n\r\n<p>sprawa planowanego rajdu jest znana MSZ w obecnej chwili    tylko z przekaz\u00f3w medialnych. W konsekwencji pojawienia si\u0119 tych doniesie\u0144,    nasze plac\u00f3wki weryfikuj\u0105 te &#8211; jak na razie wy\u0142\u0105cznie &#8211; medialne informacje.    Nasza s\u0142u\u017cby konsularne &#8211; wbrew pojawiaj\u0105cym si\u0119 twierdzeniom &#8211; nie wyda\u0142y    \u017cadnych zezwole\u0144 w odniesieniu do planowanej, je\u015bli wiarygodne s\u0105 medialne    informacje,\u00a0 polskiej cz\u0119\u015bci trasy rajdu. Ministerstwo podejmie    ewentualne dzia\u0142ania po zweryfikowaniu u \u017ar\u00f3d\u0142a doniesie\u0144 i uzyskaniu    wiarygodnych, potwierdzonych informacji o planowanej imprezie.<\/p>\r\n\r\n<p>Pozdrawiam,<\/p>\r\n\r\n<p>Piotr Paszkowski<\/p><\/blockquote>\r\n\r\n\r\n<p><br class=\"spacer_\" \/><\/p>\r\n\r\n<p>&#8212;&#8212;&#8212;&#8212;&#8212;&#8212;&#8212;&#8212;&#8212;&#8212;-<\/p>\r\n\r\n<p>Kresy.pl<\/p>\r\n\r\n<p><br class=\"spacer_\" \/><\/p>\r\n\r\n\r\n<blockquote><p><strong>ZOB. R\u00d3WNIE\u017b:<\/strong><\/p>\r\n\r\n\r\n<ul>\r\n\t\t<li><a rel=\"bookmark\" href=\"..\/..\/?p=11924\">Rajd im. Bandery przejedzie przez Polsk\u0119 &#8211; Kiedy Rajd im. Hitlera? <\/a><\/li>\r\n<\/ul>\r\n<\/blockquote>","protected":false},"excerpt":{"rendered":"Po naszej wczorajszej informacji na temat planowanego rajdu rowerowego im. Bandery, kt\u00f3rego trasa mia\u0142a przebiega\u0107 przez terytorium Polski, spraw\u0105 zainteresowa\u0142y si\u0119 inne media. Skarg\u0119 do MSZ wys\u0142a\u0142 ks. Tadeusz Isakowicz-Zaleski. W odpowiedzi Ministerstwo zobowi\u0105za\u0142o si\u0119 do sprawdzenia naszych doniesie\u0144 i podj\u0119cia stosownych dzia\u0142a\u0144. Poni\u017cej publikujemy tre\u015b\u0107 listu ks. Isakowicza oraz odpowied\u017a rzecznika MSZ. Szanowny Panie [&hellip;]","protected":false},"author":1,"featured_media":0,"comment_status":"closed","ping_status":"closed","sticky":false,"template":"","format":"standard","meta":{"_acf_changed":false,"_monsterinsights_skip_tracking":false,"_monsterinsights_sitenote_active":false,"_monsterinsights_sitenote_note":"","_monsterinsights_sitenote_category":0,"ngg_post_thumbnail":0,"footnotes":"","_wp_rev_ctl_limit":""},"categories":[8],"tags":[98,17],"acf":[],"_links":{"self":[{"href":"https:\/\/www.bibula.com\/index.php?rest_route=\/wp\/v2\/posts\/11960"}],"collection":[{"href":"https:\/\/www.bibula.com\/index.php?rest_route=\/wp\/v2\/posts"}],"about":[{"href":"https:\/\/www.bibula.com\/index.php?rest_route=\/wp\/v2\/types\/post"}],"author":[{"embeddable":true,"href":"https:\/\/www.bibula.com\/index.php?rest_route=\/wp\/v2\/users\/1"}],"replies":[{"embeddable":true,"href":"https:\/\/www.bibula.com\/index.php?rest_route=%2Fwp%2Fv2%2Fcomments&post=11960"}],"version-history":[{"count":0,"href":"https:\/\/www.bibula.com\/index.php?rest_route=\/wp\/v2\/posts\/11960\/revisions"}],"wp:attachment":[{"href":"https:\/\/www.bibula.com\/index.php?rest_route=%2Fwp%2Fv2%2Fmedia&parent=11960"}],"wp:term":[{"taxonomy":"category","embeddable":true,"href":"https:\/\/www.bibula.com\/index.php?rest_route=%2Fwp%2Fv2%2Fcategories&post=11960"},{"taxonomy":"post_tag","embeddable":true,"href":"https:\/\/www.bibula.com\/index.php?rest_route=%2Fwp%2Fv2%2Ftags&post=11960"}],"curies":[{"name":"wp","href":"https:\/\/api.w.org\/{rel}","templated":true}]}}