{"id":119425,"date":"2020-10-15T12:43:03","date_gmt":"2020-10-15T16:43:03","guid":{"rendered":"https:\/\/www.bibula.com\/?p=119425"},"modified":"2020-10-15T12:43:03","modified_gmt":"2020-10-15T16:43:03","slug":"kard-ambongo-szkoly-katolickie-dla-wierzacych-nauczycieli","status":"publish","type":"post","link":"https:\/\/www.bibula.com\/?p=119425","title":{"rendered":"Kard. Ambongo: szko\u0142y katolickie dla wierz\u0105cych nauczycieli"},"content":{"rendered":"<p>W katolickich szko\u0142ach w Republice Demokratycznej Konga mog\u0105 odt\u0105d naucza\u0107 jedynie praktykuj\u0105cy katolicy. Decyzj\u0119 t\u0119 og\u0142osi\u0142 4 pa\u017adziernika sto\u0142eczny arcybiskup kard. Fridolin Ambongo. Kap\u0142anom i dyrektorom, kt\u00f3rzy nie podporz\u0105dkuj\u0105 si\u0119 do tego zalecenia zagrozi\u0142 sankcjami kanonicznymi. Podkre\u015bli\u0142 zarazem, \u017ce w ten spos\u00f3b chce si\u0119 przyczyni\u0107 do zachowania katolickiej to\u017csamo\u015bci ko\u015bcielnych szk\u00f3\u0142.<\/p>\r\n<p>Decyzja ta spotka\u0142a si\u0119 z ostr\u0105 krytyk\u0105 ze strony rz\u0105du i zwi\u0105zk\u00f3w zawodowych. Kard. Ambongo ustosunkowa\u0142 si\u0119 do tego na trwaj\u0105cym jeszcze posiedzeniu episkopatu. \u201eDla mnie sprawa ta jest ca\u0142kiem jasna \u2013 powiedzia\u0142. &#8211; Je\u015bli nasze szko\u0142y maj\u0105 si\u0119 nazywa\u0107 katolickimi, to oznacza, \u017ce musz\u0105 mie\u0107 tak\u017ce katolick\u0105 to\u017csamo\u015b\u0107. Je\u015bli tej katolickiej to\u017csamo\u015bci nie b\u0119dzie, to nie wiem, co my jeszcze robimy w tych szko\u0142ach\u201d \u2013 powiedzia\u0142 arcybiskup Kinszasy. Krytykom przypomnia\u0142, \u017ce prawa Ko\u015bcio\u0142a w tym wzgl\u0119dzie s\u0105 gwarantowane na szczeblu mi\u0119dzynarodowym przez umow\u0119 ze Stolica Apostolsk\u0105.<\/p>\r\n<p><em><b>Krzysztof Bronk <\/b><\/em>&#8211; Watykan<\/p>\r\n<p class=\"zrodlo\">Za: <a href=\"https:\/\/www.vaticannews.va\/pl\/kosciol\/news\/2020-10\/szkoly-katolickie-w-demokratycznej-republice-konga.html\">VaticanNews (15 pa\u017adziernika 2020)<\/a> &#8211; &#8211; [Org. tytu\u0142: \u00abKard. Ambongo: szko\u0142y katolickie dla wierz\u0105cych nauczycieli\u00bb]\u00a0<\/p>\r\n<h4>\u00a0<\/h4>\r\n<hr style=\"background-color: #000000; border-width: 0; color: #000000; height: 2px; line-height: 0; text-align: center; width: 100%;\" \/>\r\n<h4>\u00a0<\/h4>\r\n<blockquote>\r\n<p><strong>KOMENTARZ <em>BIBU\u0141Y<\/em><\/strong>: Mo\u017cna? Mo\u017cna jak si\u0119 chce i ma si\u0119 wiar\u0119. Jak wida\u0107, biskupi afryka\u0144scy mog\u0105 wprowadzi\u0107 jasne rozwi\u0105zanie, natomiast ca\u0142a reszta w tzw. post\u0119powym \u015bwiecie jest ju\u017c niestety na tyle zepsuta, \u017ce jedyne o czym hierarchia my\u015bli to jak utrzyma\u0107 t\u0119 wal\u0105c\u0105 si\u0119 struktur\u0119, w kt\u00f3rej tzw. szko\u0142y katolickie s\u0105 jeszcze jakim\u015b strumieniem dla coraz bardziej pustej kasy, wi\u0119c nie nale\u017cy robi\u0107 \u017cadnych gwa\u0142townych ruch\u00f3w.<\/p>\r\n<p>Przypomnijmy jednak przy okazji \u017ar\u00f3d\u0142o tego stanu rzeczy. A wszystko zacz\u0119\u0142o si\u0119 od pi\u0119knych posoborowych lat wprowadzania w Ko\u015bciele &#8222;Nowej Ewangelizacji&#8221; i nowych dr\u00f3g pastoralnych. Rewolucja Soboru Watyka\u0144skiego II doprowadzi\u0142a do lawinowego opuszczania stanu kap\u0142a\u0144skiego i masowego rezygnowania z zakon\u00f3w. Zacz\u0119\u0142o nagle brakowa\u0107 zakonnic w licznych szko\u0142ach katolickich, a trzeba pami\u0119ta\u0107, \u017ce zakonnice pracowa\u0142y tam za darmo. Ta darmowa praca, pe\u0142na trudu i po\u015bwi\u0119cenia przek\u0142ada\u0142a si\u0119 na niskie op\u0142aty i niezwykle niskie czesne w szko\u0142ach katolickich. Dla ciekawo\u015bci, w Stanach Zjednoczonych jeszcze w drugiej po\u0142owie XX wieku, lecz przed pi\u0119knym Soborem, czesne za podstawow\u0105 szko\u0142\u0119 katolick\u0105 wynosi\u0142o&#8230; nie, nie uwierzycie Pa\u0144stwo, ale s\u0105 na to dokumenty z tamtych czas\u00f3w, a konkretnie z Baltimore w stanie Maryland&#8230; 5 dolar\u00f3w na rok! S\u0142ownie: pi\u0119\u0107 dolar\u00f3w ameryka\u0144skich za rok nauczania w szkole katolickiej! Owszem, by\u0142y szko\u0142y katolickie pobieraj\u0105ce du\u017co wi\u0119cej i pobiera\u0142y np. $25 na miesi\u0105c, ale i tak stawki te by\u0142y \u015bmiesznie niskie w por\u00f3wnaniu ze szko\u0142ami prywatnymi, a na dodatek mo\u017cna by\u0142o ubiega\u0107 si\u0119 o subwencje, w tym zni\u017cki przy zapisaniu kilkorga dzieci do tej samej szko\u0142y &#8211; co by\u0142o norm\u0105, bo rodziny by\u0142y wielodzietne.<\/p>\r\n<p>Po pi\u0119knym Soborze Watyka\u0144skim II wprowadzaj\u0105cym zamieszanie i polu\u017aniaj\u0105cym obyczaje w Ko\u015bciele, rewolucja doprowadzi\u0142a do opuszczenia zakon\u00f3w przez dziesi\u0105tki tysi\u0119cy zakonnic. Tak wi\u0119c szko\u0142y musia\u0142y zatrudni\u0107 p\u0142atnych nauczycieli. Pocz\u0105tkowo by\u0142o w czym wybiera\u0107, bo \u015bwieccy katolicy byli kszta\u0142ceniu w normalnych katolickich szko\u0142ach, lecz z czasem&#8230; z czasem dosz\u0142o do tego co mamy i w wielu szko\u0142ach zatrudnia si\u0119 protestant\u00f3w, ateist\u00f3w czy \u017cyd\u00f3w, kt\u00f3rzy maj\u0105 &#8211; tutaj gromki \u015bmiech &#8211; naucza\u0107 dzieci w duchu katolickiej wiary. <strong>Mamy wr\u0119cz w tzw. katolickich szko\u0142ach id\u0105c\u0105 pe\u0142n\u0105 par\u0105 antykatolick\u0105 indoktrynacj\u0119.<\/strong> Najgorsze, \u017ce te biedne dzieci i ci zalatani rodzice nie wiedz\u0105 nawet, \u017ce ich pociechy s\u0105 kszta\u0142cone na antykatolickich bigot\u00f3w. Mo\u017ce Afryka przyniesie zepsutemu Zachodowi nieco opami\u0119tania?<\/p>\r\n<\/blockquote>\r\n<h4>\u00a0<\/h4>\r\n<hr style=\"background-color: #000000; border-width: 0; color: #000000; height: 2px; line-height: 0; text-align: center; width: 100%;\" \/>\r\n<h4>\u00a0<\/h4>","protected":false},"excerpt":{"rendered":"W katolickich szko\u0142ach w Republice Demokratycznej Konga mog\u0105 odt\u0105d naucza\u0107 jedynie praktykuj\u0105cy katolicy. Decyzj\u0119 t\u0119 og\u0142osi\u0142 4 pa\u017adziernika sto\u0142eczny arcybiskup kard. Fridolin Ambongo. Kap\u0142anom i dyrektorom, kt\u00f3rzy nie podporz\u0105dkuj\u0105 si\u0119 do tego zalecenia zagrozi\u0142 sankcjami kanonicznymi. Podkre\u015bli\u0142 zarazem, \u017ce w ten spos\u00f3b chce si\u0119 przyczyni\u0107 do zachowania katolickiej to\u017csamo\u015bci ko\u015bcielnych szk\u00f3\u0142. Decyzja ta spotka\u0142a si\u0119 [&hellip;]","protected":false},"author":1,"featured_media":0,"comment_status":"closed","ping_status":"closed","sticky":false,"template":"","format":"standard","meta":{"_acf_changed":false,"_monsterinsights_skip_tracking":false,"_monsterinsights_sitenote_active":false,"_monsterinsights_sitenote_note":"","_monsterinsights_sitenote_category":0,"ngg_post_thumbnail":0,"footnotes":"","_wp_rev_ctl_limit":""},"categories":[3],"tags":[165,80,119],"acf":[],"_links":{"self":[{"href":"https:\/\/www.bibula.com\/index.php?rest_route=\/wp\/v2\/posts\/119425"}],"collection":[{"href":"https:\/\/www.bibula.com\/index.php?rest_route=\/wp\/v2\/posts"}],"about":[{"href":"https:\/\/www.bibula.com\/index.php?rest_route=\/wp\/v2\/types\/post"}],"author":[{"embeddable":true,"href":"https:\/\/www.bibula.com\/index.php?rest_route=\/wp\/v2\/users\/1"}],"replies":[{"embeddable":true,"href":"https:\/\/www.bibula.com\/index.php?rest_route=%2Fwp%2Fv2%2Fcomments&post=119425"}],"version-history":[{"count":4,"href":"https:\/\/www.bibula.com\/index.php?rest_route=\/wp\/v2\/posts\/119425\/revisions"}],"predecessor-version":[{"id":119429,"href":"https:\/\/www.bibula.com\/index.php?rest_route=\/wp\/v2\/posts\/119425\/revisions\/119429"}],"wp:attachment":[{"href":"https:\/\/www.bibula.com\/index.php?rest_route=%2Fwp%2Fv2%2Fmedia&parent=119425"}],"wp:term":[{"taxonomy":"category","embeddable":true,"href":"https:\/\/www.bibula.com\/index.php?rest_route=%2Fwp%2Fv2%2Fcategories&post=119425"},{"taxonomy":"post_tag","embeddable":true,"href":"https:\/\/www.bibula.com\/index.php?rest_route=%2Fwp%2Fv2%2Ftags&post=119425"}],"curies":[{"name":"wp","href":"https:\/\/api.w.org\/{rel}","templated":true}]}}