{"id":119288,"date":"2020-10-11T12:34:09","date_gmt":"2020-10-11T16:34:09","guid":{"rendered":"https:\/\/www.bibula.com\/?p=119288"},"modified":"2020-10-11T12:34:09","modified_gmt":"2020-10-11T16:34:09","slug":"od-dzisiaj-ministerstwo-zdrowia-przestaje-podawac-wiek-osob-zmarlych-na-covid","status":"publish","type":"post","link":"https:\/\/www.bibula.com\/?p=119288","title":{"rendered":"Od dzisiaj Ministerstwo Zdrowia przestaje podawa\u0107 wiek os\u00f3b zmar\u0142ych na Covid"},"content":{"rendered":"<p><strong>Z dniem 10 pa\u017adziernika MZ przestaje podawa\u0107 informacje o wieku i miejscu \u015bmierci zmar\u0142ego na Covid-19.<\/strong><\/p>\r\n<p>Wg rz\u0105dowych danych z powodu Cvid-19 w wi\u0119kszo\u015bci umieraj\u0105 osoby starsze. Do tej pory MZ podawa\u0142 wiek zmar\u0142ych do informacji publicznej. Od soboty 10 pa\u017adziernika resort przestanie to jednak robi\u0107.<\/p>\r\n<p>Pow\u00f3d zmiany wydaje si\u0119 by\u0107 kuriozalny. Wed\u0142ug MZ wszystko przez \u201ewyd\u0142u\u017caj\u0105c\u0105 si\u0119 form\u0105 przekazywanych komunikat\u00f3w\u201d. Tak wi\u0119c ze wzgl\u0119d\u00f3w estetycznych od dzi\u015b resort b\u0119dzie podawa\u0142 niepe\u0142ne informacje.<\/p>\r\n<p>W dodatku zmiana dotyczy kwestii, kt\u00f3ra dla wielu jest jedn\u0105 z najbardziej interesuj\u0105cych w ca\u0142ej sprawie pandemii.<\/p>\r\n<blockquote class=\"twitter-tweet\">\r\n<p dir=\"ltr\" lang=\"pl\">\u2139\ufe0f W zwi\u0105zku z wyd\u0142u\u017caj\u0105c\u0105 si\u0119 form\u0105 przekazywanych komunikat\u00f3w nt. <a href=\"https:\/\/twitter.com\/hashtag\/koronawirus?src=hash&amp;ref_src=twsrc%5Etfw\">#koronawirus<\/a>, od soboty, raporty dotycz\u0105ce zaka\u017ce\u0144 nie b\u0119d\u0105 zawiera\u0107 szczeg\u00f3\u0142owych danych dot. os\u00f3b zmar\u0142ych.<\/p>\r\n\r\n\u2014 Ministerstwo Zdrowia (@MZ_GOV_PL) <a href=\"https:\/\/twitter.com\/MZ_GOV_PL\/status\/1314627216974675968?ref_src=twsrc%5Etfw\">October 9, 2020<\/a><\/blockquote>\r\n<p><script async src=\"https:\/\/platform.twitter.com\/widgets.js\" charset=\"utf-8\"><\/script><\/p>\r\n<p>Bez podawania wieku ofiar koronawirusa w spo\u0142ecze\u0144stwie mo\u017ce pojawi\u0107 si\u0119 przekonanie, \u017ce dotyka on r\u00f3wno wszystkie grupy wiekowe.<\/p>\r\n<p>Na ten moment ministerstwo informuje jeszcze, ile os\u00f3b zmar\u0142o na Covid, a ile mia\u0142o choroby wsp\u00f3\u0142istniej\u0105ce. I tak <strong>w sobot\u0119 10 pa\u017adziernika z powodu Covid-19 zmar\u0142y 4 osoby na 5300 zaka\u017conych<\/strong>. U kolejnych 49 os\u00f3b, kt\u00f3re zmar\u0142y Covid wykryto wraz z innymi chorobami wsp\u00f3\u0142istniej\u0105cymi.<\/p>\r\n<p>\u0179r\u00f3d\u0142o: MZ<\/p>","protected":false},"excerpt":{"rendered":"Z dniem 10 pa\u017adziernika MZ przestaje podawa\u0107 informacje o wieku i miejscu \u015bmierci zmar\u0142ego na Covid-19. Wg rz\u0105dowych danych z powodu Cvid-19 w wi\u0119kszo\u015bci umieraj\u0105 osoby starsze. Do tej pory MZ podawa\u0142 wiek zmar\u0142ych do informacji publicznej. Od soboty 10 pa\u017adziernika resort przestanie to jednak robi\u0107. Pow\u00f3d zmiany wydaje si\u0119 by\u0107 kuriozalny. Wed\u0142ug MZ wszystko [&hellip;]","protected":false},"author":1,"featured_media":0,"comment_status":"closed","ping_status":"closed","sticky":false,"template":"","format":"standard","meta":{"_acf_changed":false,"_monsterinsights_skip_tracking":false,"_monsterinsights_sitenote_active":false,"_monsterinsights_sitenote_note":"","_monsterinsights_sitenote_category":0,"ngg_post_thumbnail":0,"footnotes":"","_wp_rev_ctl_limit":""},"categories":[451,8],"tags":[433,98,20],"acf":[],"_links":{"self":[{"href":"https:\/\/www.bibula.com\/index.php?rest_route=\/wp\/v2\/posts\/119288"}],"collection":[{"href":"https:\/\/www.bibula.com\/index.php?rest_route=\/wp\/v2\/posts"}],"about":[{"href":"https:\/\/www.bibula.com\/index.php?rest_route=\/wp\/v2\/types\/post"}],"author":[{"embeddable":true,"href":"https:\/\/www.bibula.com\/index.php?rest_route=\/wp\/v2\/users\/1"}],"replies":[{"embeddable":true,"href":"https:\/\/www.bibula.com\/index.php?rest_route=%2Fwp%2Fv2%2Fcomments&post=119288"}],"version-history":[{"count":1,"href":"https:\/\/www.bibula.com\/index.php?rest_route=\/wp\/v2\/posts\/119288\/revisions"}],"predecessor-version":[{"id":119289,"href":"https:\/\/www.bibula.com\/index.php?rest_route=\/wp\/v2\/posts\/119288\/revisions\/119289"}],"wp:attachment":[{"href":"https:\/\/www.bibula.com\/index.php?rest_route=%2Fwp%2Fv2%2Fmedia&parent=119288"}],"wp:term":[{"taxonomy":"category","embeddable":true,"href":"https:\/\/www.bibula.com\/index.php?rest_route=%2Fwp%2Fv2%2Fcategories&post=119288"},{"taxonomy":"post_tag","embeddable":true,"href":"https:\/\/www.bibula.com\/index.php?rest_route=%2Fwp%2Fv2%2Ftags&post=119288"}],"curies":[{"name":"wp","href":"https:\/\/api.w.org\/{rel}","templated":true}]}}