{"id":11924,"date":"2009-07-29T19:04:42","date_gmt":"2009-07-30T00:04:42","guid":{"rendered":"http:\/\/www.bibula.com\/?p=11924"},"modified":"2009-07-29T19:04:42","modified_gmt":"2009-07-30T00:04:42","slug":"rajd-im-bandery-przejedzie-przez-polske-kiedy-rajd-im-hitlera","status":"publish","type":"post","link":"https:\/\/www.bibula.com\/?p=11924","title":{"rendered":"Rajd im. Bandery przejedzie przez Polsk\u0119 &#8211; Kiedy Rajd im. Hitlera?"},"content":{"rendered":"<p>Dnia 1 sierpnia wystartuje pierwszy mi\u0119dzynarodowy dzieci\u0119cy kolarski rajd \u201eEuropejskimi \u015bladami Stepana Bandery\u201d &#8211; poinformowa\u0142a Rada Miasta Lwowa.<br style=\"clear: left;\" \/><\/p>\r\n\r\n\r\n<div>M\u0142odzi rowerzy\u015bci wystartuj\u0105 spod pomnika Bandery w Czerwonogradzie, a nast\u0119pnego dnia przyjad\u0105 pod jego pomnik we Lwowie. Dalsza cz\u0119\u015b\u0107 rajdu prowadzi m.in. przez polskie miasta Sanok, Krak\u00f3w i O\u015bwi\u0119cim. Finisz zaplanowano na 24 sierpnia (Dzie\u0144 Niepodleg\u0142o\u015bci Ukrainy) w Monachium, przy grobie Bandery.\r\n\r\n\r\n<p>&#8222;Cel naszej akcji nie polega tylko na tym, \u017ceby uhonorowa\u0107 Stepana Bander\u0119, ale tak\u017ce aby popularyzowa\u0107 w\u015br\u00f3d ukrai\u0144skiej m\u0142odzie\u017cy zdrowy tryb \u017cycia, kt\u00f3rego on surowo przestrzega\u0142&#8221; &#8211; powiedzia\u0142 prezes Fundacji Dobroczynnej &#8222;Eko-Mi\u0142osierdzie&#8221;, organizator rajdu.<\/p>\r\n\r\n<p>Wcze\u015bniej poinformowano, i\u017c Iwanofrankowska Obwodowa Administracja Pa\u0144stwowy wyda\u0142a 200-stronicowy przewodnik turystyczny &#8222;\u015acie\u017ckami Ukrai\u0144skiej Powsta\u0144czej Armii&#8221;.<\/p>\r\n\r\n<p><span>Stepan Bandera by\u0142 przyw\u00f3dc\u0105 jednej z frakcji Organizacji Ukrai\u0144skich Nacjonalist\u00f3w (OUN), kt\u00f3rej zbrojne rami\u0119, Ukrai\u0144ska Powsta\u0144cza Armia (UPA), dokonywa\u0142o od wiosny 1943 roku na Wo\u0142yniu i w Galicji Wschodniej czystek etnicznych na ludno\u015bci polskiej, morduj\u0105c od 100 do 150 tys. os\u00f3b.<\/span><\/p>\r\n\r\n<p>tr\/korespondent.net\/Kresy.pl.","protected":false},"excerpt":{"rendered":"Dnia 1 sierpnia wystartuje pierwszy mi\u0119dzynarodowy dzieci\u0119cy kolarski rajd \u201eEuropejskimi \u015bladami Stepana Bandery\u201d &#8211; poinformowa\u0142a Rada Miasta Lwowa. M\u0142odzi rowerzy\u015bci wystartuj\u0105 spod pomnika Bandery w Czerwonogradzie, a nast\u0119pnego dnia przyjad\u0105 pod jego pomnik we Lwowie. Dalsza cz\u0119\u015b\u0107 rajdu prowadzi m.in. przez polskie miasta Sanok, Krak\u00f3w i O\u015bwi\u0119cim. Finisz zaplanowano na 24 sierpnia (Dzie\u0144 Niepodleg\u0142o\u015bci Ukrainy) [&hellip;]","protected":false},"author":1,"featured_media":0,"comment_status":"closed","ping_status":"closed","sticky":false,"template":"","format":"standard","meta":{"_acf_changed":false,"_monsterinsights_skip_tracking":false,"_monsterinsights_sitenote_active":false,"_monsterinsights_sitenote_note":"","_monsterinsights_sitenote_category":0,"ngg_post_thumbnail":0,"footnotes":"","_wp_rev_ctl_limit":""},"categories":[8],"tags":[17],"acf":[],"_links":{"self":[{"href":"https:\/\/www.bibula.com\/index.php?rest_route=\/wp\/v2\/posts\/11924"}],"collection":[{"href":"https:\/\/www.bibula.com\/index.php?rest_route=\/wp\/v2\/posts"}],"about":[{"href":"https:\/\/www.bibula.com\/index.php?rest_route=\/wp\/v2\/types\/post"}],"author":[{"embeddable":true,"href":"https:\/\/www.bibula.com\/index.php?rest_route=\/wp\/v2\/users\/1"}],"replies":[{"embeddable":true,"href":"https:\/\/www.bibula.com\/index.php?rest_route=%2Fwp%2Fv2%2Fcomments&post=11924"}],"version-history":[{"count":0,"href":"https:\/\/www.bibula.com\/index.php?rest_route=\/wp\/v2\/posts\/11924\/revisions"}],"wp:attachment":[{"href":"https:\/\/www.bibula.com\/index.php?rest_route=%2Fwp%2Fv2%2Fmedia&parent=11924"}],"wp:term":[{"taxonomy":"category","embeddable":true,"href":"https:\/\/www.bibula.com\/index.php?rest_route=%2Fwp%2Fv2%2Fcategories&post=11924"},{"taxonomy":"post_tag","embeddable":true,"href":"https:\/\/www.bibula.com\/index.php?rest_route=%2Fwp%2Fv2%2Ftags&post=11924"}],"curies":[{"name":"wp","href":"https:\/\/api.w.org\/{rel}","templated":true}]}}