{"id":119182,"date":"2020-10-08T14:01:41","date_gmt":"2020-10-08T18:01:41","guid":{"rendered":"https:\/\/www.bibula.com\/?p=119182"},"modified":"2020-10-08T14:01:41","modified_gmt":"2020-10-08T18:01:41","slug":"zydzi-pala-maseczki-jewish-lives-matter","status":"publish","type":"post","link":"https:\/\/www.bibula.com\/?p=119182","title":{"rendered":"\u017bydzi pal\u0105 maseczki. \u201eJewish Lives Matter\u201d"},"content":{"rendered":"<p><strong>We wtorek nowojorscy \u017bydzi postanowili zaprotestowa\u0107 przeciwko zakazowi zgromadze\u0144 w ich dzielnicach. Protestuj\u0105cy na Brooklynie podpalili tak\u017ce stosy maseczek i domagali si\u0119 \u201ewolno\u015bci religijnej\u201d.<\/strong><\/p>\r\n<p>Podczas protestu przyw\u00f3dcy \u017cydowskiej spo\u0142eczno\u015bci nawo\u0142ywali do oporu wobec covidowych obostrze\u0144. Wzywali do obywatelskiego niepos\u0142usze\u0144stwa i wchodzenia w spory s\u0105dowe w zwi\u0105zku z zakazami. Chodzi m.in. o zakaz zgromadze\u0144 w \u017cydowskich dzielnicach, wprowadzony pod pretekstem pandemii.<\/p>\r\n<p>Jak relacjonuje Haaretz, t\u0142um m\u0142odych ortodoksyjnych \u017byd\u00f3w demonstrowa\u0142 na ulicach Borough Park. Zap\u0142on\u0105\u0142 tak\u017ce stos maseczek.<br \/>\r\nReklama<\/p>\r\n<p>P\u00f3\u017anonocny protest na Brooklynie wymierzony by\u0142 przeciwko nowym obostrzeniom, w\u015br\u00f3d kt\u00f3rych znalaz\u0142o si\u0119 m.in. zamykanie szk\u00f3\u0142, limit os\u00f3b przebywaj\u0105cych w synagogach oraz zamykanie \u201emniej istotnych\u201d firm na obszarach, gdzie ro\u015bnie liczba zaka\u017ce\u0144.<\/p>\r\n<blockquote class=\"twitter-tweet\">\r\n<p dir=\"ltr\" lang=\"en\">There is a mask burning going on in Boro Park, Brooklyn. <a href=\"https:\/\/t.co\/HKebbFp3pr\">pic.twitter.com\/HKebbFp3pr<\/a><\/p>\r\n\r\n\u2014 Yaakov Pollak (@Yanky_Pollak) <a href=\"https:\/\/twitter.com\/Yanky_Pollak\/status\/1313694354301751298?ref_src=twsrc%5Etfw\">October 7, 2020<\/a><\/blockquote>\r\n<p><script async src=\"https:\/\/platform.twitter.com\/widgets.js\" charset=\"utf-8\"><\/script><\/p>\r\n<p>\u017bydzi twierdz\u0105 r\u00f3wnie\u017c, \u017ce miejskie w\u0142adze \u017ale ich traktuj\u0105 w zwi\u0105zku z pandemi\u0105, mimo \u017ce i tak do\u015bwiadczaj\u0105 ju\u017c \u201eantysemityzmu\u201d. S\u0105 bowiem w centrum \u201ekolejnej fali\u201d koronawirusa od wiosny.<\/p>\r\n<p>We wtorek po po\u0142udniu gubernator Nowego Jorku Andrew Cuomo og\u0142osi\u0142 wprowadzenie obostrze\u0144 na du\u017cym obszarze Brooklynu. Wzrasta tam bowiem liczba wykrytych przypadk\u00f3w koronawirusa. Podobne o\u015bwiadczenie wyg\u0142osi\u0142 wcze\u015bniej tak\u017ce burmistrz Nowego Jorku Bill de Blasio.<\/p>\r\n<p>W niedziel\u0119, podczas \u017cydowskiego \u015bwi\u0119ta Sukkot (\u015awi\u0119ta Sza\u0142as\u00f3w), gdy ortodoksi nie u\u017cywaj\u0105 telefon\u00f3w kom\u00f3rkowych ani komputer\u00f3w, og\u0142osi\u0142 on, \u017ce w \u015brod\u0119 posunie si\u0119 do zamykania szk\u00f3\u0142, oczekuj\u0105c na akceptacj\u0119 gubernatora. Wi\u0119kszo\u015b\u0107 ortodoksyjnych szk\u00f3\u0142 jest jednak zamkni\u0119ta w zwi\u0105zku z \u017cydowskim \u015bwi\u0119tem.<br \/>\r\n\u201eOb\u0142udna\u201d marchewka<\/p>\r\n<p>We wtorek wieczorem ortodoksyjni prawodawcy oskar\u017cyli gubernatora Nowego Jorku o to, \u017ce \u201eob\u0142udnie u\u017cy\u0142 kija i marchewki\u201d.<\/p>\r\n<p>\u201ePodczas telekonferencji gubernator poinformowa\u0142 przyw\u00f3dc\u00f3w \u017cydowskiej spo\u0142eczno\u015bci, \u017ce synagogi w \u201eczerwonych strefach\u201d b\u0119d\u0105 mog\u0142y funkcjonowa\u0107 w 50 procentach i poprosi\u0142 o wsp\u00f3\u0142prac\u0119 ze strony spo\u0142eczno\u015bci (o czym go zapewniono)\u201d \u2013 napisali \u017bydzi, odnosz\u0105c si\u0119 do wtorkowej rozmowy z Cuomo. Konferencja odby\u0142a si\u0119 zanim gubernator og\u0142osi\u0142 obostrzenia.<\/p>\r\n<p>\u201eCo oburzaj\u0105ce, zaledwie kilka godzin p\u00f3\u017aniej gubernator Cuomo og\u0142osi\u0142 drako\u0144ski powr\u00f3t do ogranicze\u0144, kt\u00f3re zamkn\u0119\u0142yby tysi\u0105ce nowojorskich biznes\u00f3w i ograniczy\u0142yby domy modlitwy do maksymalnej liczby 10 os\u00f3b (bez wzgl\u0119du na maksymaln\u0105 pojemno\u015b\u0107 budynku)\u201d \u2013 wskazali \u017cydowscy przyw\u00f3dcy.<\/p>\r\n<blockquote class=\"twitter-tweet\">\r\n<p dir=\"ltr\" lang=\"en\">NEW YORK: Huge crowds of Orthodox Jews gather in Brooklyn burning piles of face masks to protest synagogue closures by Governor Cuomo. <a href=\"https:\/\/t.co\/tlYqunik7U\">pic.twitter.com\/tlYqunik7U<\/a><\/p>\r\n\r\n\u2014 SV News ? (@SVNewsAlerts) <a href=\"https:\/\/twitter.com\/SVNewsAlerts\/status\/1313709305124859907?ref_src=twsrc%5Etfw\">October 7, 2020<\/a><\/blockquote>\r\n<p><script async src=\"https:\/\/platform.twitter.com\/widgets.js\" charset=\"utf-8\"><\/script><\/p>\r\n<p>Wcze\u015bniej Cuomo mia\u0142 si\u0119 tak\u017ce kontaktowa\u0107 telefonicznie z przedstawicielami organizacji Agudath Israel zrzeszaj\u0105cej ortodoks\u00f3w. W\u00f3wczas r\u00f3wnie\u017c nie pad\u0142y \u017cadne \u201eostrze\u017cenia\u201d o planowanych ograniczeniach. Organizacja sugeruje ponadto, \u017ce restrykcje mog\u0105 by\u0107 niezgodne z konstytucj\u0105.<\/p>\r\n<p>\u201eAgudath Israel zamierza zbada\u0107 wszelkie odpowiednie \u015brodki, aby cofn\u0105\u0107 t\u0119 g\u0142\u0119boko ofensywn\u0105 akcj\u0119\u201d \u2013 o\u015bwiadczono.<\/p>\r\n<p>S\u0119dzia federalny wyda\u0142 nakaz, w my\u015bl kt\u00f3rego stan Nowy Jork nie mo\u017ce narzuca\u0107 surowszych norm zgromadze\u0144 podczas \u017cydowskich nabo\u017ce\u0144stw ni\u017c ma to miejsce w innych miejscach zgromadze\u0144. Powo\u0142a\u0142 si\u0119 przy tym na wolno\u015b\u0107 religijn\u0105.<\/p>\r\n<p>Do protest\u00f3w w imi\u0119 \u201ewolno\u015bci religijnej\u201d zach\u0119ca\u0142 \u017byd\u00f3w ich przedstawiciel w Radzie Miejskiej Kalman Yeger.<\/p>\r\n<p>\u2013 <em>Nie zostaniemy pozbawieni prawa, kt\u00f3re mamy w Ameryce, jak wszyscy inni w Ameryce, prawa do wyznawania naszej religii<\/em> \u2013 m\u00f3wi\u0142.<\/p>\r\n<p>\u2013 <em>Nie obchodzi mnie, kto w rz\u0105dzie my\u015bli, \u017ce mo\u017ce nas powstrzyma\u0107, jest w b\u0142\u0119dzie. Niech spr\u00f3buje<\/em> \u2013 doda\u0142.<\/p>\r\n<blockquote class=\"twitter-tweet\">\r\n<p dir=\"ltr\" lang=\"en\">Some reporter got swarmed and chased out by Jews in Borough Park tonight. What a scene. Wow. <a href=\"https:\/\/t.co\/m0WVTsOniT\">pic.twitter.com\/m0WVTsOniT<\/a><\/p>\r\n\r\n\u2014 Andrea Karshan (((\u05d0\u05d1\u05d9\u05d1\u05d4 \u05d0\u05e1\u05ea\u05e8))) (@karshanandrea) <a href=\"https:\/\/twitter.com\/karshanandrea\/status\/1313673970529505283?ref_src=twsrc%5Etfw\">October 7, 2020<\/a><\/blockquote>\r\n<p><script async src=\"https:\/\/platform.twitter.com\/widgets.js\" charset=\"utf-8\"><\/script><\/p>\r\n<p><strong>JLM<\/strong><\/p>\r\n<p>W Internecie pojawi\u0142y si\u0119 tak\u017ce filmiki, na kt\u00f3rych protestuj\u0105cy skandowali \u201eJewish Lives Matter\u201d (pol. \u017bydowskie \u017cycia maj\u0105 znaczenie). Jest to nawi\u0105zanie do chwytliwego has\u0142a \u201eantyrasist\u00f3w\u201d z BLM.<\/p>\r\n<blockquote class=\"twitter-tweet\">\r\n<p dir=\"ltr\" lang=\"en\">\u201cJewish lives matter\u201d chants in Brooklyn, New York. The rise of the Jews confirmed. ?? <a href=\"https:\/\/t.co\/aIZTLRYyeL\">pic.twitter.com\/aIZTLRYyeL<\/a><\/p>\r\n\r\n\u2014 CIA-Simulation Warlord ????? (@zerosum24) <a href=\"https:\/\/twitter.com\/zerosum24\/status\/1313714927237033984?ref_src=twsrc%5Etfw\">October 7, 2020<\/a><\/blockquote>\r\n<p><script async src=\"https:\/\/platform.twitter.com\/widgets.js\" charset=\"utf-8\"><\/script><\/p>\r\n<p>\u0179r\u00f3d\u0142a: Haaretz\/Twitter<\/p>","protected":false},"excerpt":{"rendered":"We wtorek nowojorscy \u017bydzi postanowili zaprotestowa\u0107 przeciwko zakazowi zgromadze\u0144 w ich dzielnicach. Protestuj\u0105cy na Brooklynie podpalili tak\u017ce stosy maseczek i domagali si\u0119 \u201ewolno\u015bci religijnej\u201d. Podczas protestu przyw\u00f3dcy \u017cydowskiej spo\u0142eczno\u015bci nawo\u0142ywali do oporu wobec covidowych obostrze\u0144. Wzywali do obywatelskiego niepos\u0142usze\u0144stwa i wchodzenia w spory s\u0105dowe w zwi\u0105zku z zakazami. Chodzi m.in. o zakaz zgromadze\u0144 w \u017cydowskich [&hellip;]","protected":false},"author":1,"featured_media":0,"comment_status":"closed","ping_status":"closed","sticky":false,"template":"","format":"standard","meta":{"_acf_changed":false,"_monsterinsights_skip_tracking":false,"_monsterinsights_sitenote_active":false,"_monsterinsights_sitenote_note":"","_monsterinsights_sitenote_category":0,"ngg_post_thumbnail":0,"footnotes":"","_wp_rev_ctl_limit":""},"categories":[7],"tags":[433,18,221],"acf":[],"_links":{"self":[{"href":"https:\/\/www.bibula.com\/index.php?rest_route=\/wp\/v2\/posts\/119182"}],"collection":[{"href":"https:\/\/www.bibula.com\/index.php?rest_route=\/wp\/v2\/posts"}],"about":[{"href":"https:\/\/www.bibula.com\/index.php?rest_route=\/wp\/v2\/types\/post"}],"author":[{"embeddable":true,"href":"https:\/\/www.bibula.com\/index.php?rest_route=\/wp\/v2\/users\/1"}],"replies":[{"embeddable":true,"href":"https:\/\/www.bibula.com\/index.php?rest_route=%2Fwp%2Fv2%2Fcomments&post=119182"}],"version-history":[{"count":1,"href":"https:\/\/www.bibula.com\/index.php?rest_route=\/wp\/v2\/posts\/119182\/revisions"}],"predecessor-version":[{"id":119183,"href":"https:\/\/www.bibula.com\/index.php?rest_route=\/wp\/v2\/posts\/119182\/revisions\/119183"}],"wp:attachment":[{"href":"https:\/\/www.bibula.com\/index.php?rest_route=%2Fwp%2Fv2%2Fmedia&parent=119182"}],"wp:term":[{"taxonomy":"category","embeddable":true,"href":"https:\/\/www.bibula.com\/index.php?rest_route=%2Fwp%2Fv2%2Fcategories&post=119182"},{"taxonomy":"post_tag","embeddable":true,"href":"https:\/\/www.bibula.com\/index.php?rest_route=%2Fwp%2Fv2%2Ftags&post=119182"}],"curies":[{"name":"wp","href":"https:\/\/api.w.org\/{rel}","templated":true}]}}