{"id":119176,"date":"2020-10-08T10:41:28","date_gmt":"2020-10-08T14:41:28","guid":{"rendered":"https:\/\/www.bibula.com\/?p=119176"},"modified":"2020-10-08T10:41:28","modified_gmt":"2020-10-08T14:41:28","slug":"od-10-pazdziernika-cala-polska-stanie-sie-zolta-strefa-z-czerwonymi-wyjatkami-wracaja-maseczki","status":"publish","type":"post","link":"https:\/\/www.bibula.com\/?p=119176","title":{"rendered":"Od 10 pa\u017adziernika ca\u0142a Polska stanie si\u0119 \u201e\u017c\u00f3\u0142t\u0105 stref\u0105\u201d z \u201eczerwonymi wyj\u0105tkami\u201d. Wracaj\u0105 maseczki!"},"content":{"rendered":"<p><strong>\u2013<em> Od<\/em> <em>10 pa\u017adziernika w ca\u0142ym kraju zostaj\u0105 wprowadzone obostrzenia obowi\u0105zuj\u0105ce dla strefy \u017c\u00f3\u0142tej<\/em> \u2013 powiedzia\u0142 w czwartek na konferencji prasowej premier Mateusz Morawiecki.<\/strong><\/p>\r\n<p>\u2013 <em>Mija prawie 7 miesi\u0119cy od wdro\u017cenia pierwszych obostrze\u0144. Dzisiaj musimy si\u0119 zmierzy\u0107 w spos\u00f3b zdecydowany, kategoryczny z II fal\u0105, korzystaj\u0105c z do\u015bwiadcze\u0144, kt\u00f3rych nabrali\u015bmy oraz do\u015bwiadcze\u0144 innych kraj\u00f3w. Za nami czas du\u017cych wyrzecze\u0144<\/em> \u2013 \u00a0m\u00f3wi\u0142 szef rz\u0105du.<\/p>\r\n<p>\u2013 <em>Wtedy zadzia\u0142ali\u015bmy b\u0142yskawicznie, uratowali\u015bmy gospodark\u0119 w spos\u00f3b bardzo widoczny. Recesja w Polsce b\u0119dzie jedn\u0105 z najp\u0142ytszych w UE i na ca\u0142ym \u015bwiecie. Ten czas rygoru by\u0142 potrzebny. Nie mo\u017cemy teraz tego dorobku, tych do\u015bwiadcze\u0144 zmarnowa\u0107 poprzez zbyt \u0142agodne podej\u015bcie do tematyki ochrony zdrowia i gospodarczej. Od 10 pa\u017adziernika wprowadzamy zasady obowi\u0105zuj\u0105ce w strefach \u017c\u00f3\u0142tych na terenie ca\u0142ego kraju. Oznacza to nakaz zas\u0142aniania ust i nosa w miejscach opisanych szczeg\u00f3\u0142owo w strefach \u017c\u00f3\u0142tych<\/em> \u2013 powiedzia\u0142 premier.<\/p>\r\n<p>\u2013 <em>Od przestrzegania tych zasad b\u0119dzie zale\u017ca\u0142o tempo rozprzestrzeniania si\u0119 koronawirusa<\/em> \u2013 doda\u0142 premier.<\/p>\r\n<p>\u2013 <em>Zmniejszamy ryzyko emisji poprzez dystans i maseczki. Bardzo mocno do tego nie tylko zach\u0119camy, ale przypominamy o tym obowi\u0105zku. To \u015bwiadczy o odpowiedzialnym zachowaniu<\/em> \u2013 m\u00f3wi\u0142 Morawiecki.<\/p>\r\n<p>\u2013 <em>Nasze podej\u015bcie musi doprowadzi\u0107 do tego, \u017ce spowolnimy przyrost zaka\u017ce\u0144 na terytorium ca\u0142ego kraju. Tylko w ten spos\u00f3b unikniemy lockdownu. Nie chcemy do tego doprowadzi\u0107. Nie chcemy, aby s\u0142u\u017cba zdrowia by\u0142a niedost\u0119pna dla pacjent\u00f3w. Dzi\u015b jeste\u015bmy na kilka krok\u00f3w przed brakiem \u0142\u00f3\u017cek i respirator\u00f3w. B\u0119dziemy czyni\u0107 wszystko, aby tak si\u0119 nie sta\u0142o, ale musimy pami\u0119ta\u0107 o zasadach<\/em> \u2013 doda\u0142 premier.<\/p>\r\n<p>\u2013 <em>Nasza strategia b\u0119dzie elastyczna. Reagujemy na\u00a0bie\u017c\u0105co na\u00a0informacje ze\u00a0\u015bwiata. Nie widzimy dzi\u015b konieczno\u015bci izolowania Polski, jak to\u00a0by\u0142o wiosn\u0105, ale trzeba si\u0119 przygotowa\u0107 na\u00a0to, przed czym ostrzegali wirusolodzy. Chcemy wdro\u017cy\u0107 nowe rozwi\u0105zania w\u00a0s\u0142u\u017cbie zdrowia, inn\u0105 logistyk\u0119 w\u00a0zarz\u0105dzaniu ruchem\u00a0pacjent\u00f3w<\/em> \u2013 powiedzia\u0142\u00a0premier.<\/p>\r\n<p>\u2013 <em>Podj\u0119li\u015bmy bardzo wa\u017cne decyzje. W\u00a0sobot\u0119 przedstawimy kolejne zasady walki z\u00a0Covid-19. Jestem przekonany, \u017ce\u00a0to\u00a0doprowadzi do\u00a0spowolnienia wzrostu koronawirusa\u00a0w\u00a0Polsce<\/em>\u00a0\u2013\u00a0m\u00f3wi\u0142\u00a0premier.<\/p>\r\n<p>W \u017c\u00f3\u0142tych strefach maseczki nale\u017cy nosi\u0107:<\/p>\r\n<p>&#8211; w miejscach og\u00f3lnodost\u0119pnych &#8211; chyba \u017ce b\u0119dzie zachowana odleg\u0142o\u015b\u0107 1.5 m;<\/p>\r\n<p>&#8211; w zak\u0142adach pracy oraz w budynkach u\u017cyteczno\u015bci publicznej;<\/p>\r\n<p>&#8211; w obiektach handlowych lub us\u0142ugowych;<\/p>\r\n<p>&#8211; w trakcie sprawowania kultu religijnego, w tym czynno\u015bci lub obrz\u0119d\u00f3w religijnych, w budynku u\u017cyteczno\u015bci publicznej przeznaczonym na potrzeby kultu religijnego oraz na cmentarzu;<\/p>\r\n<p>&#8211; w \u015brodkach publicznego transportu zbiorowego.<\/p>\r\n<p>W strefie \u017c\u00f3\u0142tej w stosunku do transportu zbiorowego obowi\u0105zuj\u0105 \u0142agodniejsze obostrzenia. W autobusach, tramwajach i metrze pasa\u017cerowie mog\u0105 zaj\u0105\u0107 wszystkie miejsca siedz\u0105ce albo 50 proc. miejsc siedz\u0105cych i stoj\u0105cych okre\u015blonych w dokumentacji technicznej pojazdu. W przypadku korzystania z bar\u00f3w i restauracji obowi\u0105zuj\u0105 te same regu\u0142y, co w strefie czerwonej.<\/p>\r\n<p>W \u017c\u00f3\u0142tej strefie wesela i inne uroczysto\u015bci rodzinne mo\u017cna organizowa\u0107 przy zachowaniu limitu 100 os\u00f3b. W czasie zabawy nie trzeba zakrywa\u0107 ust oraz nosa.<\/p>\r\n<p>Wydarzenia religijne odbywaj\u0105ce si\u0119 w zamkni\u0119tym pomieszczeniu i na wolnej przestrzeni mo\u017cna organizowa\u0107 w \u017c\u00f3\u0142tej strefie bez limitu os\u00f3b. Nale\u017cy jednak pami\u0119ta\u0107 o zakrywaniu ust oraz nosa. Obowi\u0105zek ten nie dotyczy os\u00f3b sprawuj\u0105cych kult.<\/p>\r\n<p>W \u017c\u00f3\u0142tych strefach jest dopuszczalne organizowanie wydarze\u0144 sportowych i kulturalnych. W obu przypadkach widownia mo\u017ce by\u0107 zape\u0142niona tylko w 25 proc., je\u015bli publiczno\u015b\u0107 nosi maseczki ochronne. Je\u015bli wydarzenie kulturalne odbywa si\u0119 na wolnej przestrzeni, mo\u017ce w nim wzi\u0105\u0107 udzia\u0142 tylko 100 os\u00f3b.<\/p>\r\n<p>W salonach fryzjerskich, kosmetycznych oraz tatua\u017cy obowi\u0105zuj\u0105 te same regu\u0142y, co w strefie czerwonej. W\u0142a\u015bciciele si\u0142owni i klub\u00f3w fitness musz\u0105 zadba\u0107 o to, aby na ka\u017cdego u\u017cytkownika plac\u00f3wki przypada\u0142o co najmniej siedem metr\u00f3w kwadratowych. W \u017c\u00f3\u0142tej strefie kina mog\u0105 dzia\u0142a\u0107, pod warunkiem, \u017ce go\u015bcie zajm\u0105 nie wi\u0119cej ni\u017c 25 proc. miejsc oraz b\u0119d\u0105 zas\u0142ania\u0107 usta i nos.<\/p>\r\n<blockquote>\r\n<p>[<strong>Wybrane wypowiedzi internaut\u00f3w pod w\/w tekstem na stronie \u017ar\u00f3d\u0142owej:<\/strong>]<\/p>\r\n<p>O jakim dost\u0119pie do lekarzy pan premier m\u00f3wi?<br \/>\r\n<em>Polka<\/em><br \/>\r\n<br \/>\r\nPinokio.<br \/>\r\n<em>J<\/em><br \/>\r\n<br \/>\r\nMam siedzie\u0107 i szuka\u0107 informacji o tym czy miejsce gdzie mieszkam i do kt\u00f3rego chcia\u0142bym si\u0119 wybra\u0107 jest w strefie zielonej, czerwonej, niebieskiej czy t\u0119czowej&#8230; Sprawdza\u0107 ile jest tych kolor\u00f3w i co one oznaczaj\u0105. A p\u00f3\u017aniej pr\u00f3bowa\u0107 spami\u0119ta\u0107 czego mi nie wolno i za co b\u0119d\u0105 pr\u00f3bowali mi wlepi\u0107 mandat karny. Przepraszam, ale ja nie mam na to ani czasu ani ochoty. Nie wyobra\u017cam sobie jak w tej sytuacji odnajd\u0105 si\u0119 osoby wykluczone cyfrowo, na przyk\u0142ad osoby starsze. Mo\u017ce zacznijmy od pocz\u0105tku: <strong>dlaczego nie przeprowadza si\u0119 bada\u0144 histopatologicznych os\u00f3b zmar\u0142ych na covid?<\/strong> Albo &#8211; je\u015bli si\u0119 je przeprowadza &#8211; to prosz\u0119 poda\u0107 wyniki do publicznej wiadomo\u015bci i o nich podyskutujmy.<br \/>\r\n<em>Micha\u0142<\/em><br \/>\r\n<br \/>\r\nCzasem my\u015bl\u0119 \u017ce tzw &#8222;w\u0142adza&#8221; to w por\u00f3wnaniu z nami to zniewoleni ludzie. <strong>Wykonawcy czyich\u015b rozkaz\u00f3w<\/strong>, ws\u0142uchuj\u0105cy si\u0119 i zgaduj\u0105cy zachcianki prawdziwych w\u0142adc\u00f3w.<br \/>\r\n<em>janka<\/em><br \/>\r\n<br \/>\r\nLudzie choruj\u0105 z powodu braku wentylacji uk\u0142adu oddechowego pod popisowymi masoneczkami. Hoduj\u0105 wewn\u0105trz organizm\u00f3w wirusy, grzyby i bakterie, co skutkuje b\u00f3lem g\u0142owy, gor\u0105czk\u0105, kaszlem. Testy s\u0105 tak skonstruowane, i\u017c ka\u017cdy mo\u017ce mie\u0107 wynik dodatni przy odpowiedniej obr\u00f3bce pobranego materia\u0142u dna. \u017bydzi mszcz\u0105 si\u0119 na Polakach za niepos\u0142usze\u0144stwo i op\u00f3r wobec szybkiego i potulnego przyj\u0119cia nowego \u017cydowskiego porz\u0105dku. Morawiecki, ju\u017c przegra\u0142e\u015b. Kaczy\u0144ski, bliski jest tw\u00f3j koniec.<br \/>\r\n<em>walc<\/em><br \/>\r\n<br \/>\r\nJe\u015bli jeszcze tej jesieni b\u0119dzie jaki\u015b ciep\u0142y dzie\u0144 i b\u0119d\u0119 chcia\u0142 przejecha\u0107 si\u0119 rowerem w miejscach gdzie s\u0105 pola i ma\u0142o ludzi to i tak trzeba b\u0119dzie mie\u0107 maseczk\u0119, to g\u0142upie. C\u00f3\u017c, na wiosn\u0119 ju\u017c tak by\u0142o i ja trzyma\u0142em maseczk\u0119 na brodzie a jak wida\u0107 by\u0142o z daleka samoch\u00f3d to wtedy si\u0119 zak\u0142ada\u0142o ze strachu \u017ce to radiow\u00f3z policyjny m\u00f3g\u0142 by\u0107, znowu tak trzeba b\u0119dzie robi\u0107.<br \/>\r\n<em>kuba9131<\/em><br \/>\r\n<br \/>\r\n<strong>Wirusa nikt nie wyizolowa\u0142,nie ma nic wsp\u00f3lnego z prawd\u0105 i nauk\u0105, a testy PCR to fa\u0142szerstwo.<\/strong> Niestety Rz\u0105d Polski wyst\u0105pi\u0142 przeciwko Narodowi. Dzia\u0142a na rzecz masonerii i prywatnego biznesu WHO, Gaetsa i innych bandyt\u00f3w. Czas na zbudowanie polskiej, chrze\u015bcija\u0144skiej partii dla obrony Polski.<br \/>\r\n<em>Bbb<\/em><\/p>\r\n<\/blockquote>\r\n<p class=\"zrodlo\">Za: <a href=\"https:\/\/www.pch24.pl\/od-10-pazdziernika-cala-polska-stanie-sie-zolta-strefa-z-czerwonymi-wyjatkami--wracaja-maseczki-,78938,i.html\">PoloniaChristiana &#8211; pch24.pl (2020-10-08)<\/a><\/p>\r\n<h4>\u00a0<\/h4>\r\n<hr style=\"background-color: #000000; border-width: 0; color: #000000; height: 2px; line-height: 0; text-align: center; width: 100%;\" \/>\r\n<h4>\u00a0<\/h4>","protected":false},"excerpt":{"rendered":"\u2013 Od 10 pa\u017adziernika w ca\u0142ym kraju zostaj\u0105 wprowadzone obostrzenia obowi\u0105zuj\u0105ce dla strefy \u017c\u00f3\u0142tej \u2013 powiedzia\u0142 w czwartek na konferencji prasowej premier Mateusz Morawiecki. \u2013 Mija prawie 7 miesi\u0119cy od wdro\u017cenia pierwszych obostrze\u0144. Dzisiaj musimy si\u0119 zmierzy\u0107 w spos\u00f3b zdecydowany, kategoryczny z II fal\u0105, korzystaj\u0105c z do\u015bwiadcze\u0144, kt\u00f3rych nabrali\u015bmy oraz do\u015bwiadcze\u0144 innych kraj\u00f3w. Za nami [&hellip;]","protected":false},"author":1,"featured_media":0,"comment_status":"closed","ping_status":"closed","sticky":false,"template":"","format":"standard","meta":{"_acf_changed":false,"_monsterinsights_skip_tracking":false,"_monsterinsights_sitenote_active":false,"_monsterinsights_sitenote_note":"","_monsterinsights_sitenote_category":0,"ngg_post_thumbnail":0,"footnotes":"","_wp_rev_ctl_limit":""},"categories":[451,8],"tags":[433,98,136,20],"acf":[],"_links":{"self":[{"href":"https:\/\/www.bibula.com\/index.php?rest_route=\/wp\/v2\/posts\/119176"}],"collection":[{"href":"https:\/\/www.bibula.com\/index.php?rest_route=\/wp\/v2\/posts"}],"about":[{"href":"https:\/\/www.bibula.com\/index.php?rest_route=\/wp\/v2\/types\/post"}],"author":[{"embeddable":true,"href":"https:\/\/www.bibula.com\/index.php?rest_route=\/wp\/v2\/users\/1"}],"replies":[{"embeddable":true,"href":"https:\/\/www.bibula.com\/index.php?rest_route=%2Fwp%2Fv2%2Fcomments&post=119176"}],"version-history":[{"count":1,"href":"https:\/\/www.bibula.com\/index.php?rest_route=\/wp\/v2\/posts\/119176\/revisions"}],"predecessor-version":[{"id":119177,"href":"https:\/\/www.bibula.com\/index.php?rest_route=\/wp\/v2\/posts\/119176\/revisions\/119177"}],"wp:attachment":[{"href":"https:\/\/www.bibula.com\/index.php?rest_route=%2Fwp%2Fv2%2Fmedia&parent=119176"}],"wp:term":[{"taxonomy":"category","embeddable":true,"href":"https:\/\/www.bibula.com\/index.php?rest_route=%2Fwp%2Fv2%2Fcategories&post=119176"},{"taxonomy":"post_tag","embeddable":true,"href":"https:\/\/www.bibula.com\/index.php?rest_route=%2Fwp%2Fv2%2Ftags&post=119176"}],"curies":[{"name":"wp","href":"https:\/\/api.w.org\/{rel}","templated":true}]}}