{"id":119169,"date":"2020-10-06T11:59:39","date_gmt":"2020-10-06T15:59:39","guid":{"rendered":"https:\/\/www.bibula.com\/?p=119169"},"modified":"2020-10-06T11:59:39","modified_gmt":"2020-10-06T15:59:39","slug":"prezes-stowarzyszenia-europa-tradycja-udzielanie-komunii-na-reke-jest-dopuszczalne-ale-niewykonalne","status":"publish","type":"post","link":"https:\/\/www.bibula.com\/?p=119169","title":{"rendered":"Prezes Stowarzyszenia Europa Tradycja: udzielanie Komunii na r\u0119k\u0119 jest dopuszczalne, ale niewykonalne"},"content":{"rendered":"<p><strong>\u201eW drugiej cz\u0119\u015bci Komunikatu wskazane s\u0105 wymogi, jakie powinny by\u0107 spe\u0142nione przy udzielaniu sakramentu na r\u0119k\u0119. Opisywane s\u0105 niezb\u0119dne czynno\u015bci kap\u0142a\u0144skie (ablucje), a wszystko to z ostateczn\u0105 konstatacj\u0105: \u201epodobnie powinni post\u0119powa\u0107 wierni\u201d. To zdaje si\u0119 prowadzi\u0107 do pogl\u0105du, i\u017c udzielanie Komunii \u015bw. na r\u0119k\u0119 jest dopuszczalne, ale niewykonalne. Przynajmniej w praktyce. A ju\u017c na pewno niezb\u0119dne wymogi nie s\u0105 obecnie stosowane w zdecydowanej wi\u0119kszo\u015bci polskich parafii (o ile w kt\u00f3rejkolwiek)\u201d \u2013 czytamy w li\u015bcie Ryszarda Skotnicznego, prezesa Stowarzyszenia Europa Tradycja do Jego Ekscelencji Ksi\u0119dza Biskupa Adama Ba\u0142abucha, Przewodnicz\u0105cego Komisji ds. Kultu Bo\u017cego i Dyscypliny Sakrament\u00f3w KEP. Tekst odnosi si\u0119 do opublikowanego na pocz\u0105tku pa\u017adziernika Komunikatu Komisji ds. Kultu Bo\u017cego i Dyscypliny Sakrament\u00f3w ws. udzielania Komunii \u015bw. na r\u0119k\u0119.<\/strong><\/p>\r\n<p>\u201eWniosek przedstawiony w Komunikacie brzmi, i\u017c Komunia \u015bw. na r\u0119k\u0119 jest obecnie form\u0105 dopuszczaln\u0105, i nie powinno to by\u0107 przez nikogo kwestionowane. Jednak uzasadnienie tego pogl\u0105du zawarte w Komunikacie, zdaje si\u0119 z tym s\u0105dem nie korespondowa\u0107\u201d \u2013 pisze Ryszard Skotniczny kieruj\u0105c do bp Adama Ba\u0142abucha kilka pyta\u0144 dotycz\u0105cych sprawy.<\/p>\r\n<p>\u201eW pierwszej cz\u0119\u015bci Komunikatu kategorycznie postawione jest twierdzenie, i\u017c <em>niew\u0142a\u015bciwe i krzywdz\u0105ce<\/em> jest, krytyczne odnoszenie si\u0119 do udzielania Komunii \u015bw. na r\u0119k\u0119. Stwierdza si\u0119 wr\u0119cz, i\u017c: <em>Pot\u0119piaj\u0105c jeden z godziwych sposob\u00f3w przyjmowania Komunii \u015bwi\u0119tej, wprowadza si\u0119 nie\u0142ad i podzia\u0142 w rodzinie Ko\u015bcio\u0142a<\/em>. Przypomnijmy, i\u017c w czasach, gdy praktyka ta zacz\u0119\u0142a si\u0119 pojawia\u0107 (pomijaj\u0105c nawet problem, czy to, jak obecnie ona si\u0119 odbywa, ma cokolwiek wsp\u00f3lnego z praktykami staro\u017cytnymi), Stolica Apostolska stwierdzi\u0142a: <em>W pewnym spo\u0142eczno\u015bciach i miejscach obrz\u0119d ten nawet wprowadzono bez wcze\u015bniejszej zgody Stolicy Apostolskiej, a czasami nawet bez odpowiedniego przygotowania wiernych (Memoriale Domini, 1969)<\/em>. Tak\u017ce w ostatnim czasie, Prefekt Kongregacji ds. Kultu Bo\u017cego i Dyscypliny Sakrament\u00f3w kard. Robert Sarah pisa\u0142: <em>Troska o najmniejsze okruchy, troska o oczyszczanie \u015bwi\u0119tych naczy\u0144, nie dotykanie Hostii spoconymi d\u0142o\u0144mi, staj\u0105 si\u0119 wyznaniem wiary w prawdziw\u0105 obecno\u015b\u0107 Jezusa, nawet w najmniejszych cz\u0119\u015bciach konsekrowanych hostii<\/em>\u201d \u2013 przypomina prezesa Stowarzyszenia Europa Tradycja.<\/p>\r\n<p>\u201ePraktyka Komunii na r\u0119k\u0119 od pocz\u0105tku by\u0142a wi\u0119c wprowadzana i lansowana bez zgody Stolicy Apostolskiej, a dyskusje w tej sprawie nie wygas\u0142y do dzi\u015b, r\u00f3wnie\u017c na najwy\u017cszych szczeblach Ko\u015bcio\u0142a. Jakie s\u0105 powody, dla kt\u00f3rych Konferencja Episkopatu Polski zakazuje debaty polskim katolikom? Jakie jest uzasadnienie dla sytuacji, w kt\u00f3rej propagatorzy tej praktyki maj\u0105 wolno\u015b\u0107 g\u0142osu, natomiast wyra\u017caj\u0105cy w\u0105tpliwo\u015bci co\u00a0 tego, czy czyni ona zado\u015b\u0107 wymogom czci wobec Naj\u015bwi\u0119tszego Sakramentu, s\u0105 pozbawieni przez Konferencj\u0119 Episkopatu Polski prawa wypowiedzi?\u201d \u2013 pyta Skotniczny stwierdzaj\u0105c, \u017ce debata z u\u017cyciem bilbord\u00f3w nie trafia do jego gustu, jednak istotniejsze jest to, i\u017c z Komunikatu biskup\u00f3w wynika \u2013 jego zdaniem \u2013 \u201ezamiar sznurowania ust wszystkim katolikom, kt\u00f3rzy maj\u0105 w\u0105tpliwo\u015bci co do tej formy udzielania sakramentu\u201d.<\/p>\r\n<p>\u201eW szczeg\u00f3lno\u015bci nale\u017cy postawi\u0107 pytanie, czy katolicy nie maj\u0105 prawa zg\u0142asza\u0107 w\u0105tpliwo\u015bci gdy podejrzewaj\u0105, i\u017c forma udzielania Komunii \u015bw. do r\u0119ki jest forsowana jako podstawowa a wr\u0119cz jedyna, pod pretekstem epidemii. Nale\u017cy zauwa\u017cy\u0107, i\u017c tak sta\u0142o si\u0119 w wielu krajach, a nie brakowa\u0142o r\u00f3wnie\u017c g\u0142os\u00f3w polskich biskup\u00f3w, zdaj\u0105cych si\u0119 zmierza\u0107 w tym kierunku (<em>Wiernym, kt\u00f3rzy przychodz\u0105 do ko\u015bcio\u0142a, trzeba w jasny spos\u00f3b przekaza\u0107, \u017ce Komunia \u015bw. udzielana jest na r\u0119k\u0119, a w przypadku wyj\u0105tkowych potrzeb wskaza\u0107 miejsce, gdzie kap\u0142an b\u0119dzie udziela\u0142 Komuni\u0119 \u015bw. do ust<\/em>). Jakie s\u0105 powody, by zamyka\u0107 usta tym, kt\u00f3rzy krytycznie ustosunkowuj\u0105 si\u0119 do tego rodzaju plan\u00f3w czy wypowiedzi?\u201d \u2013 czytamy w li\u015bcie otwartym.<\/p>\r\n<p>\u201eZa instrumentalnym traktowaniem epidemii, dla lansowania udzielania Komunii \u015bw. na r\u0119k\u0119 \u015bwiadczy r\u00f3wnie\u017c po pierwsze to, i\u017c samo udzielanie sakramentu wydaje si\u0119 marginalnym zagro\u017ceniem, a ju\u017c z pewno\u015bci\u0105 istniej\u0105 dobre powody by dyskutowa\u0107, czy na pewno epidemicznie bezpieczniejsza jest komunia na r\u0119k\u0119. Z jakiego powodu wyra\u017canie pogl\u0105d\u00f3w w tym zakresie ma by\u0107 niedopuszczalne zw\u0142aszcza, i\u017c pojawia si\u0119 coraz wi\u0119cej opinii \u015brodowisk medycznych na korzy\u015b\u0107 tradycyjnej formy udzielania sakramentu?\u201d \u2013 pyta prezes Stowarzyszenia Europa Tradycja.<\/p>\r\n<p>\u201eW drugiej cz\u0119\u015bci Komunikatu [Komisji ds. Kultu Bo\u017cego i Dyscypliny Sakrament\u00f3w ws. udzielania Komunii \u015bw. na r\u0119k\u0119 \u2013 red.] wskazane s\u0105 wymogi, jakie powinny by\u0107 spe\u0142nione przy udzielaniu sakramentu na r\u0119k\u0119. Opisywane s\u0105 niezb\u0119dne czynno\u015bci kap\u0142a\u0144skie (ablucje), a wszystko to z ostateczn\u0105 konstatacj\u0105: <em>podobnie powinni post\u0119powa\u0107 wierni<\/em>. To zdaje si\u0119 prowadzi\u0107 do pogl\u0105du, i\u017c udzielanie Komunii \u015bw. na r\u0119k\u0119 jest dopuszczalne, ale niewykonalne. Przynajmniej w praktyce. A ju\u017c na pewno niezb\u0119dne wymogi nie s\u0105 obecnie stosowane w zdecydowanej wi\u0119kszo\u015bci polskich parafii (o ile w kt\u00f3rejkolwiek). W zwi\u0105zku z tym, wy\u0142aniaj\u0105 si\u0119 nast\u0119puj\u0105ce pytania:<\/p>\r\n<p>Czy wierni i kap\u0142ani mog\u0105 zasadnie doj\u015b\u0107 do takiego wniosku, na podstawie lektury Komunikatu? A je\u015bli do takiego wniosku doszli i dla ich sumienia oznacza to przykazanie odmowy akceptacji tej formy, to maj\u0105 do tego prawo? Je\u015bli tak, to czy wierni mog\u0105 poszukiwa\u0107 celebracji, na kt\u00f3rej nie udziela si\u0119 sakramentu w spos\u00f3b, kt\u00f3ry nara\u017ca ich sumienia na poczucie, i\u017c uczestnicz\u0105 w czym\u015b niegodziwym?<\/p>\r\n<p>Czy kap\u0142an, kt\u00f3rzy w sumieniu rozpoznaje, i\u017c nie jest w stanie w praktyce zrealizowa\u0107 udzielania Komunii \u015bw. na r\u0119k\u0119 w ten spos\u00f3b, by wierni nie dopuszczali si\u0119 profanacji (czyli by wierni post\u0119powali w takich samych standardach, co wymagane od kap\u0142an\u00f3w \u2013 <em>podobnie powinni post\u0119powa\u0107 wierni <\/em>\u2013 na czym mia\u0142yby polega\u0107 ablucje w przypadku wiernych?) \u2013 ma prawo, a wr\u0119cz obowi\u0105zek, odm\u00f3wi\u0107 udzielania Komunii \u015bw. w tej formie? W szczeg\u00f3lno\u015bci mo\u017ce chodzi\u0107 np. o kap\u0142an\u00f3w starszych, czy z innych powod\u00f3w nie do ko\u0144ca sprawnych, nie b\u0119d\u0105cych w stanie nawet kontrolowa\u0107, co dzieje si\u0119 udzielonym Sakramentem?<\/p>\r\n<p>Czy z tre\u015bci Komunikatu rozumie\u0107 nale\u017cy, i\u017c tam, gdzie nie jest realizowana wytyczna: <em>podobnie powinni post\u0119powa\u0107 wierni<\/em>, np. nie ma mo\u017cliwo\u015bci ablucji dla wiernych \u2013 dochodzi do profanacji? A co najmniej, zasadnie, mo\u017cna \u017cywi\u0107 takie obawy?\u201d \u2013 pyta w li\u015bcie Ryszard Skotniczny.<\/p>\r\n<p>\u201ePozwolimy sobie r\u00f3wnie\u017c wyrazi\u0107 \u017cal, i\u017c formu\u0142uj\u0105c Komunikat nie odniesiono si\u0119 do jeszcze jednej, bardzo istotnej kwestii. W tre\u015bci Komunikatu przywo\u0142ywany jest podpisany przez Kard. Roberta Sarah list Kongregacji ds. Kultu Bo\u017cego i Dyscypliny Sakrament\u00f3w o celebrowaniu liturgii w czasie i po pandemii covid 19. Czytamy w nim: <em>Okres\u0301lanie norm liturgicznych nie lez\u0307y w kompetencji w\u0142adz s\u0301wieckich, lecz prawo kierowania sprawami liturgii maja\u0328 tylko kompetentne w\u0142adze kos\u0301cielne<\/em>.<\/p>\r\n<p>Tymczasem, przynajmniej na terenie wojew\u00f3dztwa podkarpackiego, spotykamy si\u0119 w ostatnim czasie z licznymi pr\u00f3bami stawiania si\u0119 w\u0142adzy pa\u0144stwowej w roli biskup\u00f3w, czy nawet nad nimi co do tego, jak nale\u017cy udziela\u0107 sakrament\u00f3w. W szczeg\u00f3lno\u015bci niechlubn\u0105 rol\u0119 odgrywa w tym zakresie Inspekcja Sanitarna\u201d \u2013 zauwa\u017ca autor listu.<\/p>\r\n<p>\u201eW watyka\u0144skim dokumencie czytamy dalej: <em>Nalez\u0307yta dba\u0142os\u0301c\u0301 o przestrzeganie norm higieny i bezpieczen\u0301stwa nie moz\u0307e prowadzic\u0301 do wyja\u0142owienia gesto\u0301w i obrze\u0328do\u0301w, do nies\u0301wiadomego nawet siania le\u0328ku i poczucia zagroz\u0307enia ws\u0301ro\u0301d wiernych<\/em>. Trudno uciec od podejrze\u0144, i\u017c to w\u0142a\u015bnie jest intencjonalnym celem niekt\u00f3rych dzia\u0142a\u0144 Inspekcji \u2013 wytworzenie u ludzi przekonania, i\u017c ksi\u0119\u017ca, ko\u015bcio\u0142y, a zw\u0142aszcza sakramenty, s\u0105 \u017ar\u00f3d\u0142em szczeg\u00f3lnego zagro\u017cenia. Mo\u017ce szkoda, \u017ce i ten aspekt nie zosta\u0142 poruszony w obecnym Komunikacie, a ca\u0142\u0105 uwag\u0119 skoncentrowano na zwalczaniu tych, kt\u00f3rzy maj\u0105 w\u0105tpliwo\u015bci co do praktyki udzielania Komunii \u015bw. na r\u0119k\u0119. Wiele os\u00f3b mo\u017ce mie\u0107 chyba poczucie, \u017ce to nie koniecznie oni s\u0105 w tym momencie g\u0142\u00f3wnym problemem liturgicznym polskiego Ko\u015bcio\u0142a. Nawet, je\u015bli uzna\u0107, i\u017c zdarzaj\u0105 si\u0119 ekscesy w propagowaniu tego typu przekaz\u00f3w\u201d \u2013 ko\u0144czy sw\u00f3j list prezes Stowarzyszenia Europa Tradycja Ryszard Skotniczny.<\/p>\r\n<p>Tekst zosta\u0142 wys\u0142any tak\u017ce do wiadomo\u015bci Jego Eminencji Kard. Roberta Saraha, Prefekta Kongregacji ds. Kultu Bo\u017cego i Dyscypliny Sakrament\u00f3w, Jego Ekscelencji Ksi\u0119dza Arcybiskupa Adama Szala, Arcybiskupa Archidiecezji Przemyskiej oraz Jego Ekscelencji Ksi\u0119dza Biskupa Jana W\u0105troby, Biskupa Diecezji Rzeszowskiej.<\/p>\r\n<p>\u0179r\u00f3d\u0142o: europatradycja.pl<\/p>\r\n<p>MW\u0142<\/p>","protected":false},"excerpt":{"rendered":"\u201eW drugiej cz\u0119\u015bci Komunikatu wskazane s\u0105 wymogi, jakie powinny by\u0107 spe\u0142nione przy udzielaniu sakramentu na r\u0119k\u0119. Opisywane s\u0105 niezb\u0119dne czynno\u015bci kap\u0142a\u0144skie (ablucje), a wszystko to z ostateczn\u0105 konstatacj\u0105: \u201epodobnie powinni post\u0119powa\u0107 wierni\u201d. To zdaje si\u0119 prowadzi\u0107 do pogl\u0105du, i\u017c udzielanie Komunii \u015bw. na r\u0119k\u0119 jest dopuszczalne, ale niewykonalne. Przynajmniej w praktyce. A ju\u017c na pewno [&hellip;]","protected":false},"author":1,"featured_media":0,"comment_status":"closed","ping_status":"closed","sticky":false,"template":"","format":"standard","meta":{"_acf_changed":false,"_monsterinsights_skip_tracking":false,"_monsterinsights_sitenote_active":false,"_monsterinsights_sitenote_note":"","_monsterinsights_sitenote_category":0,"ngg_post_thumbnail":0,"footnotes":"","_wp_rev_ctl_limit":""},"categories":[3],"tags":[98,33],"acf":[],"_links":{"self":[{"href":"https:\/\/www.bibula.com\/index.php?rest_route=\/wp\/v2\/posts\/119169"}],"collection":[{"href":"https:\/\/www.bibula.com\/index.php?rest_route=\/wp\/v2\/posts"}],"about":[{"href":"https:\/\/www.bibula.com\/index.php?rest_route=\/wp\/v2\/types\/post"}],"author":[{"embeddable":true,"href":"https:\/\/www.bibula.com\/index.php?rest_route=\/wp\/v2\/users\/1"}],"replies":[{"embeddable":true,"href":"https:\/\/www.bibula.com\/index.php?rest_route=%2Fwp%2Fv2%2Fcomments&post=119169"}],"version-history":[{"count":1,"href":"https:\/\/www.bibula.com\/index.php?rest_route=\/wp\/v2\/posts\/119169\/revisions"}],"predecessor-version":[{"id":119170,"href":"https:\/\/www.bibula.com\/index.php?rest_route=\/wp\/v2\/posts\/119169\/revisions\/119170"}],"wp:attachment":[{"href":"https:\/\/www.bibula.com\/index.php?rest_route=%2Fwp%2Fv2%2Fmedia&parent=119169"}],"wp:term":[{"taxonomy":"category","embeddable":true,"href":"https:\/\/www.bibula.com\/index.php?rest_route=%2Fwp%2Fv2%2Fcategories&post=119169"},{"taxonomy":"post_tag","embeddable":true,"href":"https:\/\/www.bibula.com\/index.php?rest_route=%2Fwp%2Fv2%2Ftags&post=119169"}],"curies":[{"name":"wp","href":"https:\/\/api.w.org\/{rel}","templated":true}]}}