{"id":1191,"date":"2007-09-17T00:00:00","date_gmt":"2007-09-17T00:00:00","guid":{"rendered":""},"modified":"-0001-11-30T00:00:00","modified_gmt":"-0001-11-30T04:00:00","slug":"","status":"publish","type":"post","link":"https:\/\/www.bibula.com\/?p=1191","title":{"rendered":"Organizacja \u017cydowska w Niemczech krytykuje kard. Meisnera za okre\u015blenie wsp\u00f3\u0142czesnej sztuki mianem &#8222;degeneracyjnej&#8221;"},"content":{"rendered":"<p>\u017bydowska organizacja dzia\u0142aj\u0105ca w Niemczech skrytykowa\u0142a kardyna\u0142a Joachima Meisnera z Kolonii za wypowiedzian\u0105 krytyk\u0119 wsp\u00f3\u0142czesnej sztuki.<BR \/>\r\nOrganizacja <em>Zentralrat der Juden in Deutschland<\/em>, wyrazi\u0142a <a class=\"content_sz\" href =\"http:\/\/www.ejpress.org\/article\/20108\" target=\"_blank\">sprzeciw<\/a> wobec u\u017cycia przez kardyna\u0142a Maisnera okre\u015blenia, i\u017c wsp\u00f3\u0142czesna sztuka jest  &#8222;degeneracyjna&#8221; (&#8222;<em>entartete Kunst<\/em>&#8222;). &#8222;Kiedy kultura odrywa si\u0119 od religii, od oddawania czci Bogu, religia staje si\u0119 rytualizmem a kultura staje si\u0119 degeneracyjna&#8221; &#8211; powiedzia\u0142  w pi\u0105tek, 14 wrze\u015bnia br. kardyna\u0142 Meisner. <\/p>\r\n<p>Zdaniem organizacji \u017cydowskiej, kardyna\u0142 dokona\u0142 &#8222;z\u0142ego doboru s\u0142\u00f3w&#8221;, gdy\u017c s\u0142owo &#8222;sztuka degeneracyjna&#8221; ma (jedynie) kojarzy\u0107 si\u0119 z polityk\u0105 nazistowsk\u0105, kt\u00f3ra krytykowa\u0142a  wsp\u00f3\u0142czesn\u0105 sztuk\u0119, a III Rzesza jej niemal zabrania\u0142a.<\/p>\r\n<p>Przedstawiciel <em>Zentralrat der Juden in Deutschland<\/em>, Stephan Kramer <a class=\"content_sz\" href =\"http:\/\/www.wtop.com\/?nid=105&amp;sid=1248777\" target=\"_blank\">por\u00f3wna\u0142<\/a> kardyna\u0142a Meisnera do &#8222;duchowego piromana&#8221;. <\/p>\r\n<p>Ataki na kardyna\u0142a posypa\u0142y si\u0119 r\u00f3wnie\u017c ze strony prasy niemieckiej. &#8222;U\u017cycie s\u0142owa &#8222;degeneracja&#8221; w odniesieniu do sztuki, jest powa\u017cnym <em>faux pas<\/em>&#8221; &#8211; pisze <em>Bild am Sonntag<\/em>. Funkcjonariusze rz\u0105du kanclerz Angeli Merkel nie pozostaj\u0105 w tyle. Teodor Lemper, cz\u0142onek partii CDU odpowiedzialny w rz\u0105dzie  za zagadnienia sztuki w Kolonii powiedzia\u0142, \u017ce &#8222;u\u017cycie s\u0142owa &#8222;<em>entartete<\/em>&#8221; powinno by\u0107 zakazane&#8221;.<\/p>\r\n<p>73-letni kardyna\u0142 Meisner podtrzyma\u0142 jednak  swoje s\u0142owa nast\u0119pnego dnia w wywiadzie radiowym i powiedzia\u0142, \u017ce &#8222;Kiedy sztuka i religia odrywaj\u0105 si\u0119 od siebie, obie ulegaj\u0105 zepsuciu.&#8221; Archidiecezja broni wypowiedzi kardyna\u0142a nazywaj\u0105c rozp\u0119tan\u0105 wrzaw\u0119 jako &#8222;nieproporcjonaln\u0105&#8221;. <\/p>\r\n<p>&nbsp;<\/p>\r\n\r\n\r\n","protected":false},"excerpt":{"rendered":"\u017bydowska organizacja dzia\u0142aj\u0105ca w Niemczech skrytykowa\u0142a kardyna\u0142a Joachima Meisnera z Kolonii za wypowiedzian\u0105 krytyk\u0119 wsp\u00f3\u0142czesnej sztuki. Organizacja Zentralrat der Juden in Deutschland, wyrazi\u0142a sprzeciw wobec u\u017cycia przez kardyna\u0142a Maisnera okre\u015blenia, i\u017c wsp\u00f3\u0142czesna sztuka jest &#8222;degeneracyjna&#8221; (&#8222;entartete Kunst&#8222;). &#8222;Kiedy kultura odrywa si\u0119 od religii, od oddawania czci Bogu, religia staje si\u0119 rytualizmem a kultura staje si\u0119 [&hellip;]","protected":false},"author":1,"featured_media":0,"comment_status":"closed","ping_status":"open","sticky":false,"template":"","format":"standard","meta":{"_acf_changed":false,"_monsterinsights_skip_tracking":false,"_monsterinsights_sitenote_active":false,"_monsterinsights_sitenote_note":"","_monsterinsights_sitenote_category":0,"ngg_post_thumbnail":0,"footnotes":"","_wp_rev_ctl_limit":""},"categories":[6],"tags":[],"acf":[],"_links":{"self":[{"href":"https:\/\/www.bibula.com\/index.php?rest_route=\/wp\/v2\/posts\/1191"}],"collection":[{"href":"https:\/\/www.bibula.com\/index.php?rest_route=\/wp\/v2\/posts"}],"about":[{"href":"https:\/\/www.bibula.com\/index.php?rest_route=\/wp\/v2\/types\/post"}],"author":[{"embeddable":true,"href":"https:\/\/www.bibula.com\/index.php?rest_route=\/wp\/v2\/users\/1"}],"replies":[{"embeddable":true,"href":"https:\/\/www.bibula.com\/index.php?rest_route=%2Fwp%2Fv2%2Fcomments&post=1191"}],"version-history":[{"count":0,"href":"https:\/\/www.bibula.com\/index.php?rest_route=\/wp\/v2\/posts\/1191\/revisions"}],"wp:attachment":[{"href":"https:\/\/www.bibula.com\/index.php?rest_route=%2Fwp%2Fv2%2Fmedia&parent=1191"}],"wp:term":[{"taxonomy":"category","embeddable":true,"href":"https:\/\/www.bibula.com\/index.php?rest_route=%2Fwp%2Fv2%2Fcategories&post=1191"},{"taxonomy":"post_tag","embeddable":true,"href":"https:\/\/www.bibula.com\/index.php?rest_route=%2Fwp%2Fv2%2Ftags&post=1191"}],"curies":[{"name":"wp","href":"https:\/\/api.w.org\/{rel}","templated":true}]}}