{"id":119007,"date":"2020-09-30T10:27:05","date_gmt":"2020-09-30T14:27:05","guid":{"rendered":"https:\/\/www.bibula.com\/?p=119007"},"modified":"2020-09-30T12:05:05","modified_gmt":"2020-09-30T16:05:05","slug":"pierwsza-fala-druga-fala-trzecia-fala","status":"publish","type":"post","link":"https:\/\/www.bibula.com\/?p=119007","title":{"rendered":"Pierwsza fala, druga fala, trzecia fala?"},"content":{"rendered":"<p><strong>Mroczne widmo koronawirusowej pandemii uparcie nie chce oddali\u0107 si\u0119 od Europy. Gdzie by nie spojrze\u0107, s\u0142yszymy dramatyczne doniesienia o wzbieraj\u0105cej drugiej fali. O nowych obostrzeniach \u2013 ba, nawet o ponownych <em>lockdownach<\/em> ca\u0142ych rejon\u00f3w lub pa\u0144stw. Wsz\u0119dzie. Ale niezupe\u0142nie. Z\u0142owrogi covid-19 obrazi\u0142 si\u0119 na Szwecj\u0119.<\/strong><\/p>\r\n<h4>Powroty pandemii rozmaite<\/h4>\r\n<p>Doniesienia z r\u00f3\u017cnych stron \u015bwiata faktycznie s\u0105 godne odnotowania. W najbardziej ekstremalnym przypadku, ca\u0142y Izrael kilka dni temu rozpocz\u0105\u0142 nowy <em>lockdown<\/em>, Ma trwa\u0107 dwa tygodnie \u2013 ale kto wie? Druga fala to przecie\u017c sprawa rozwojowa. R\u00f3wnie\u017c w Wielkiej Brytanii s\u0142yszymy o powa\u017cnych nowych obostrzeniach \u2013 wesela ograniczone do 15 os\u00f3b, pogrzeby do 30. Puby i restauracje mog\u0105 obs\u0142ugiwa\u0107 klient\u00f3w tylko przy sto\u0142ach, i musz\u0105 si\u0119 zamkn\u0105\u0107 o 10-tej, a pracownicy biurowi maj\u0105 wr\u00f3ci\u0107 do domu. B\u0119dzie wi\u0119cej policji na ulicach. Pomimo za\u015b \u017ce brytyjska policja ju\u017c i tak w dramatyczny spos\u00f3b znies\u0142awi\u0142a si\u0119 w czasie pierwszych <em>lockdown\u00f3w<\/em>, zachowuj\u0105c si\u0119 nieraz r\u00f3wnie agresywnie i samowolnie jak jaka\u015b komunistyczna milicja obywatelska, najwyra\u017aniej uznano, i\u017c ten poziom \u201eobs\u0142ugi\u201d nie wystarczy \u2013 i rz\u0105d zastrzeg\u0142 sobie r\u00f3wnie\u017c mo\u017cliwo\u015b\u0107 posi\u0142kowania si\u0119 wojskiem.<\/p>\r\n<p>R\u00f3wnie ekstremalne rzeczy dziej\u0105 si\u0119 w Australii, a dok\u0142adniej w stanie Victoria, gdzie zaledwie par\u0119 tygodni temu policja wparowa\u0142a rano do prywatnego domu, aby aresztowa\u0107 \u2013 w pi\u017camie \u2013 matk\u0119 dw\u00f3jki ma\u0142ych dzieci za my\u015blozbrodnie poparcia na Facebooku anty-<em>lockdownowych<\/em> protest\u00f3w. Nawet w odleg\u0142ej, male\u0144kiej Nowej Zelandii, kt\u00f3ra zwalczy\u0142a pandemi\u0119 zamykaj\u0105c si\u0119 na \u015bwiat, by\u0142 ostatnio kilkutygodniowy nawr\u00f3t. Oczywi\u015bcie, te raporty mo\u017cna mno\u017cy\u0107 \u2013 ile pa\u0144stw, tyle r\u00f3\u017cnych sytuacji. Z braku miejsca, pozwol\u0119 sobie ju\u017c tylko zaznaczy\u0107, \u017ce je\u015bli nie wspominam o Stanach Zjednoczonych, jest tak tylko dlatego i\u017c tam obostrzenia sta\u0142y si\u0119 elementem ostrej przedwyborczej gry politycznej; w ameryka\u0144skim dyskursie pandemicznym, nikt ju\u017c chyba nawet nie udaje, \u017ce o sytuacji decyduje nie ostro\u015b\u0107 pandemii w danym miejscu, tylko partyjna afiliacja lokalnego rz\u0105du stanowego.<\/p>\r\n<p>Wr\u00f3\u0107my wi\u0119c do siebie. U nas, w Polsce, s\u0142yszymy o kolejnych szko\u0142ach zamykanych z racji na zara\u017cenia. S\u0142yszmy o dziennych rekordach zara\u017ce\u0144 \u2013 oto po raz pierwszy przekroczyli\u015bmy tysi\u0105c nowych przypadk\u00f3w dziennie. Przybywa r\u00f3wnie\u017c zgon\u00f3w \u2013 znowu na porz\u0105dku dziennym bywaj\u0105 dni z dwudziestoma przypadkami \u015bmierci. S\u0142ynna \u201ekrzywa\u201d zara\u017ce\u0144, kt\u00f3r\u0105 pr\u00f3bowano swego czasu \u201ewyp\u0142aszczy\u0107\u201d r\u00f3\u017cnymi obostrzeniami, w gruncie rzeczy nigdy si\u0119 by\u0142a a\u017c tak p\u0142aska, a obecnie wydaje si\u0119 znowu kierowa\u0107 ostro w g\u00f3r\u0119.<\/p>\r\n<p>No, ale czy to wszystko ma znaczenie? Krytycy tej jak\u017ce w\u0105tpliwej pandemii zwr\u00f3c\u0105 przytomnie uwag\u0119 na ogromne w\u0105tpliwo\u015bci wok\u00f3\u0142 docieraj\u0105cych do nas danych. Oczywi\u015bci, informacje o tym, \u017ce w tym czy innym miejscu bezpodstawnie wpisuje si\u0119 koronawirusa w aktach zgonu pozostaj\u0105 na poziomie anegdoty \u2013 c\u00f3\u017c poradzi\u0107, przecie\u017c nikt si\u0119 do fa\u0142szu nie przyzna. Ale tych anegdot jest wystarczaj\u0105co, aby w\u0105tpi\u0107 w prawdziwo\u015b\u0107 ilo\u015bci zgon\u00f3w. Je\u015bli za\u015b chodzi o ilo\u015b\u0107 zara\u017ce\u0144, tu znowu przypominamy sobie o przypadkach \u201ebezobjawowych\u201d i przytomnie zadajemy pytanie czym faktycznie jest choroba bezobjawowa \u2013 i czy przypadkiem nie oznacza po prostu bycia zdrowym? A je\u015bli nie \u2013 je\u015bli faktycznie mo\u017cna przej\u015b\u0107 przez koronawirusa bezobjawowo lub prawie bezobjawowo, czy to nie znaczy, \u017ce wi\u0119kszo\u015b\u0107 ludzi nawet nie wie, i\u017c przesz\u0142a przez chorob\u0119. W takim wariancie (popieranym przez cz\u0119\u015b\u0107 brytyjskich badaczy), statystyki o wysokiej \u015bmiertelno\u015bci koronawirusa opiera\u0142yby si\u0119 na absurdalnie wr\u0119cz fa\u0142szywych danych. By\u0142oby to prawie dos\u0142ownie tak, jak gdyby \u015bmiertelno\u015b\u0107 grypy mierzy\u0107 na podstawie przypadk\u00f3w hospitalizacji tej choroby, ewentualnie doliczaj\u0105c diagnozy lekarzy pierwszego kontaktu \u2013 ignoruj\u0105c za\u015b ogromn\u0105 wi\u0119kszo\u015b\u0107 przypadk\u00f3w grypy z kt\u00f3rymi nikt do lekarza nigdy nie poszed\u0142.<\/p>\r\n<p>Mo\u017cna sia\u0107 r\u00f3\u017cne w\u0105tpliwo\u015bci. Ale nie o to chodzi. Nasz rz\u0105d i inne rz\u0105dy pa\u0144stwowe by\u0107 mo\u017ce reaguj\u0105 w spos\u00f3b psychotyczny, przypominaj\u0105cy cz\u0142owieka, kt\u00f3ry obcina sobie rami\u0119 z obawy przed skaleczeniem palca \u2013 ale to, na co reaguj\u0105, przecie\u017c realnie istnieje, nawet je\u015bli jest znacznie mniej gro\u017ane ni\u017c twierdz\u0105. Obecnie zbierane dane nie s\u0105 bardziej w\u0105tpliwe ni\u017c w kwietniu czy w marcu, tote\u017c trzeba uczciwie stwierdzi\u0107: tak, mamy drug\u0105 fal\u0119.<\/p>\r\n<h4>Szwecja bez nawrotu<\/h4>\r\n<p>Przejd\u017amy wi\u0119c do rzeczy. My mamy drug\u0105 fal\u0119. Dlaczego Szwecja jej nie ma? Cynicy mog\u0105 wskaza\u0107 na rz\u0105dowe fa\u0142szerstwa, kt\u00f3re sprawi\u0142yby b\u0105d\u017a to, \u017ce u nas pandemi\u0119 si\u0119 \u201epompuje\u201d, b\u0105d\u017a te\u017c, \u017ce w Szwecji pandemi\u0119 si\u0119 \u201ewygasza\u201d fa\u0142szywymi statystykami. Mocno w\u0105tpliwy scenariusz. Oczywi\u015bcie, o takie fa\u0142szerstwa mo\u017cna podejrzewa\u0107 totalitarne Chiny, gdzie od miesi\u0119cy nie odnotowano ani jednego nowego przypadku. Mo\u017cna argumentowa\u0107, \u017ce je\u015bli Chiny fa\u0142szuj\u0105 dane, to inni te\u017c mog\u0105. Ale to nie prawda \u2013 je\u015bli czegokolwiek mo\u017cemy by\u0107 pewni w kwestiach politycznych, to to, \u017ce \u017caden ustr\u00f3j demokratyczny nie jest wystarczaj\u0105co kompetentny, aby tego typu spisek przeprowadzi\u0107. Co wi\u0119cej: o ile jeszcze mo\u017cna wierzy\u0107 w mo\u017cliwo\u015b\u0107 i\u017c wsp\u00f3lne interesy lekarzy i polityk\u00f3w mog\u0142yby przyczyni\u0107 si\u0119 do \u201epompowania\u201d statystyk w Polsce, o tyle w Szwecji establishment medyczny od pocz\u0105tku protestowa\u0142 przeciwko \u0142agodnej polityce rz\u0105du \u2013 wi\u0119c zani\u017canie danych nie by\u0142oby w interesach tamtejszych lekarzy.<\/p>\r\n<p>No w\u0142a\u015bnie: bo rz\u0105d w Szwecji nigdy nie wprowadzi\u0142 \u017cadnego <em>lockdownu<\/em>. Nigdy nie narzucono maseczek. Nie zamkni\u0119to szk\u00f3\u0142 i uczelni. Szwecja od pocz\u0105tku postawi\u0142a na inn\u0105 polityk\u0119 ni\u017c reszta Europy, uznaj\u0105c, i\u017c jaka by ta pandemia nie by\u0142a, \u015brodki do jej zwalczania musz\u0105 nadawa\u0107 si\u0119 do utrzymania na d\u0142u\u017cszy czas \u2013 co w\u0142a\u015bciwie sprowadzi\u0142o si\u0119 do wydawania \u0142agodnych zalece\u0144. Szwedzi ostrzegali reszt\u0119 Europy przed konsekwencjami nadmiernego rygoru. Ostrzegali, zw\u0142aszcza \u017ce mo\u017ce dochodzi\u0107 do nawrot\u00f3w pandemii, i w konsekwencji \u2013 wcale nie wiadomo kto d\u0142u\u017cej wytrzyma, spo\u0142ecze\u0144stwo czy pandemia. Odpowiedzi\u0105 na szwedzki wyj\u0105tek od og\u00f3lnoeuropejskiego szale\u0144stwa by\u0142 w\u00f3wczas ostry atak medi\u00f3w. Dos\u0142ownie z nadziej\u0105 pisano i m\u00f3wiono o tym, \u017ce co prawda Szwecji na razie si\u0119 uda\u0142o, ale ju\u017c, ju\u017c lada dzie\u0144 nast\u0105pi wielki wybuch, a przys\u0142owiowe \u2013 tudzie\u017c ca\u0142kiem dos\u0142owne \u2013 trupy zalegn\u0105 na ulicach.<\/p>\r\n<p>A jednak Szwecja trwa\u0142a przy swoim \u2013 i katastrofa nie nast\u0105pi\u0142a. Szczyt zgon\u00f3w nast\u0105pi\u0142 jeszcze w maju, a szczyt zachorowa\u0144 w lipcu. I cho\u0107 od tego czasu nadal zdarzaj\u0105 si\u0119 kolejne zara\u017cenia \u2013 czasami kilkadziesi\u0105t, czasami par\u0119set \u2013 to jednak \u015brednia ilo\u015b\u0107 zgon\u00f3w w ostatnich tygodniach oscyluje gdzie\u015b pomi\u0119dzy jednym a dwoma dziennie. Absolutnie nic nie wskazuje na to, \u017ce w nadchodz\u0105cych tygodniach mia\u0142by nast\u0105pi\u0107 jaki\u015b nag\u0142y zwrot w tej sytuacji. Linie wykres\u00f3w s\u0105 nieub\u0142agane \u2013 jak nie by\u0142o drugiej fali, tak uparcie dalej jej nie ma.<\/p>\r\n<h4>Czekaj\u0105c na trzeci\u0105 fal\u0119<\/h4>\r\n<p>Swego czasu, Szwedzi ostrzegali nie tylko przed spo\u0142ecznymi konsekwencjami <em>lockdownu<\/em>. Odpowiedzialny za szweck\u0105 strategi\u0119 profesor Johan Giesecke zadawa\u0142 z niepokojem pytanie \u2013 a co b\u0119dzie, gdy poluzujecie obostrzenia i nast\u0105pi efekt wahad\u0142a, bo spo\u0142ecze\u0144stwo zacznie ignorowa\u0107 wszelkie pozostaj\u0105ce jeszcze w mocy zalecenia? To w\u0142a\u015bnie nadmierne obostrzenia stanowi\u0142y wed\u0142ug niego jeden z kluczowych warunk\u00f3w prowadz\u0105cych do drugiej fali.<\/p>\r\n<p>Te ostrze\u017cenia pad\u0142y jeszcze w kwietniu. Patrz\u0105c wstecz z kra\u0144ca wrze\u015bnia, chyba nikt nie mo\u017ce mie\u0107 ju\u017c w\u0105tpliwo\u015bci co do s\u0142uszno\u015bci szwedzkiej metody i szwedzkich ostrze\u017ce\u0144. Ale przecie\u017c \u2013 je\u015bli wierzy\u0107 codziennym donosom medialnym, sprawa pandemii bynajmniej nie jest zamkni\u0119ta. Jeste\u015bmy obecnie w \u015brodku drugiej fali (ciekawe czy ju\u017c u szczytu, czy jeszcze nie?). W ostatnich tygodniach, rz\u0105d szcz\u0119\u015bliwie by\u0142 zbyt zaj\u0119ty wewn\u0119trznymi scysjami, aby jako\u015b aktywnie dzia\u0142a\u0107 w kwestii pandemii \u2013 ale przecie\u017c nadal co rusz s\u0142yszymy przestrogi tego czy innego ministra, \u017ce jak Polacy nie b\u0119d\u0105 grzeczni, zw\u0142aszcza w kwestii maseczek (\u2026nota bene, praktycznie nieobecnych w Szwecji) to trzeba b\u0119dzie znowu zamkn\u0105\u0107 ca\u0142y kraj.<\/p>\r\n<p>Powiedzmy wi\u0119c ju\u017c teraz: kolejne obostrzenia, poza dramatycznymi szkodami dla gospodarki \u2013 czy kto\u015b dzi\u015b jeszcze ma w\u0105tpliwo\u015bci, \u017ce <em>lockdown<\/em> gospodarki i s\u0142u\u017cby zdrowia wywo\u0142a\u0142 wi\u0119ksze szkody ni\u017c sama pandemia? \u2013 przynios\u0105 przede wszystkim gwarancj\u0119 kolejnych fal zara\u017ce\u0144.<\/p>\r\n<p>Swego czasu, podczas innej medialnej \u201epandemii\u201d, s\u0142awetnej \u015bwi\u0144skiej grypy, Polsk\u0119 przed bezgraniczn\u0105 g\u0142upot\u0105 zakupu nikomu niepotrzebnej szczepionki uratowa\u0142 zwyk\u0142y brak pieni\u0119dzy. Dzi\u015b pozostaje mie\u0107 nadziej\u0119, \u017ce ogromna dziura w bud\u017cecie sk\u0142oni mi\u0142o\u015bciwie nam panuj\u0105cym do refleksji \u2013 i \u017ce bez jakichkolwiek deklaracji, cichaczem Polska przestawi si\u0119 na zdroworozs\u0105dkowe szwedzkie podej\u015bcie. Gorzej, je\u015bli, dla zachowania twarzy, po to tylko aby nie przyznawa\u0107 si\u0119 przed wyborcami do pope\u0142nienia najwi\u0119kszego b\u0142\u0119du politycznego obecnego stulecia, rz\u0105d uzale\u017cni powr\u00f3t do normalno\u015bci od kolejnej, nikomu niepotrzebnej szczepionki\u2026<\/p>\r\n<p><em><strong>Jakub Majewski<\/strong><\/em><\/p>\r\n<blockquote>\r\n<p>[<strong>Wybrane wypowiedzi internaut\u00f3w pod w\/w tekstem na stronie \u017ar\u00f3d\u0142owej:<\/strong>]<\/p>\r\n<p>szczepionka na \u015bwi\u0144sk\u0105 gryp\u0119 nie tylko by\u0142a nikomu niepotrzebna, by\u0142a szkodliwa, procesy m.in. w Szwecji, UK, Niemczech do dzi\u015b&#8230;przede wszystkim narkolepsja i inne powik\u0142ania neurologiczne u m\u0142odych ludzi &#8211; kalecy na ca\u0142e \u017cycie<br \/>\r\n<em>mmx<\/em><br \/>\r\n<br \/>\r\ncd. Wirus Covid-19 istnieje, ale prawd\u0119 m\u00f3wi\u0105c niewiele si\u0119 na razie wie o tym jak b\u0119dzie si\u0119 zmienia\u0142, czy jego nast\u0119pne &#8222;wersje&#8221; b\u0119d\u0105 \u0142agodniejsze, czy nie. Nie wiadomo jak d\u0142ugotrwa\u0142a jest odporno\u015b\u0107 po zainfekowaniu tym wirusem \u015bwiadomie unikam s\u0142owa zachorowanie. Trwaj\u0105 na \u015bwiecie intensywne prace nad rozwojem szczepionki, kt\u00f3ra jest robiona &#8222;na szybko&#8221;, z pomini\u0119ciem standardowych procedur, albo te\u017c te procedury si\u0119 zmienia\/dopasowuje do potrzeb. Koncerny farmaceutyczne nie s\u0105 bynajmniej przedsi\u0119biorstwami &#8222;non profit&#8221;. Trudno oceni\u0107 jaka b\u0119dzie jako\u015b\u0107\/skuteczno\u015b\u0107 produktu. W Szwecji kilka lat temu by\u0142a epidemia &#8222;ptasiej grypy&#8221;. Ta\u017c by\u0142a panika, straszenie spo\u0142ecze\u0144stwa. Du\u017co ludzi zaszczepiono szczepionk\u0105 kt\u00f3rej efekty uboczne by\u0142y kosztowne dla spo\u0142ecze\u0144stwa du\u017co przypadk\u00f3w narkolepsji, neurologicznych powik\u0142a\u0144. Podobnie by\u0142o w Finlandii. Taka nieczytelno\u015b\u0107, niejasno\u015b\u0107 w rozumieniu, informowaniu stwarza du\u017ce mo\u017cliwo\u015bci tworzenia r\u00f3\u017cnych teorii spiskowych<br \/>\r\n<em>Grzegorz<\/em><br \/>\r\n<br \/>\r\nZadziwiaj\u0105ce jak ludzie daja sob\u0105 \u0142atwo manipulowa\u0107, jak \u0142atwo przestaj\u0105 samodzielnie my\u015ble\u0107. Tzw. nowoczesno\u015b\u0107, powszechny dost\u0119p do informacji prowadzi do pewnego rodzaju uwstecznienia, utraty zdolno\u015bci do podejmowania rzeczywi\u015bcie racjonalnych, samodzielnych decyzji. &#8222;Pandemia&#8221; unaoczni\u0142a to bardzo wyra\u017anie. Nota bene &#8222;pandemia&#8221; zosta\u0142a og\u0142oszona gdy\u017c w 2009 r WHO zmieni\u0142o jej definicj\u0119. Obecne ograniczenia wprowadzane w wielu krajach s\u0105 zupe\u0142nie niewsp\u00f3\u0142mierne do strat\/konsekwencji kt\u00f3re przynosz\u0105 kr\u00f3tkoterminowych, nie m\u00f3wi\u0105c o d\u0142ugoterminowych kt\u00f3re s\u0105 trudne do oszacowania. Wsz\u0119dzie si\u0119 &#8222;zapomnia\u0142o&#8221; \u017ce ludzie umieraj\u0105 z wielu innych przyczyn i nikt nie podnosi z tego powodu alarmu, nie wprowadza surowych ogranicze\u0144. Wiele os\u00f3b, w Polsce ginie dziennie w wyniku wypadk\u00f3w komunikacyjnych. Nikt nie zaproponowa\u0142 \u017ceby w zwi\u0105zku z tym montowa\u0107 w ka\u017cdym dopuszczonym do ruchu poje\u017cdzie mechanicznym ogranicznika pr\u0119dko\u015bci np. do 50 km\/h poza miastem, do 30 km\/h w<br \/>\r\n<em>Grzegorz<\/em><br \/>\r\n<br \/>\r\nZ uwagi na sytuacj\u0119 finansow\u0105 na \u015bwiecie wykreowan\u0105 przez bankster\u00f3w i wszelkiej ma\u015bci niegodziwc\u00f3w siedz\u0105cych u nich w kieszeni, w tym polityk\u00f3w gdyby nie by\u0142o COVIDA, to nale\u017ca\u0142oby go wymy\u015bli\u0107, lub jak\u0105\u015b inn\u0105 franc\u0119.<br \/>\r\n<em>Rar\u00f3g<\/em><br \/>\r\n<br \/>\r\nPozwol\u0119 sobie odpowiedzie\u0107 na ostatni fragment tego zacnego artyku\u0142u: &#8230;pozostaje mie\u0107 nadziej\u0119, \u017ce &#8230; sk\u0142oni mi\u0142o\u015bciwie nam panuj\u0105cym do refleksji. Ot\u00f3\u017c wiemy ju\u017c, \u017ce nie. Po pierwsze, drug\u0105 fal\u0119 zapowiedziano ju\u017c wiosn\u0105, wi\u0119c teraz ta druga fala MUSI nadej\u015b\u0107. Po drugie, wiemy ju\u017c, \u017ce ten rz\u0105d NIGDY nie przyzna si\u0119 do b\u0142\u0119du; przecie\u017c wiemy, \u017ce woli zadusi\u0107 nas kaga\u0144cami, zniszczy\u0107 zdrowie i psychik\u0119 rozwijaj\u0105cych si\u0119 dzieci i m\u0142odzie\u017cy, zrujnowa\u0107 gospodark\u0119 i rozwali\u0107 wi\u0119zi spo\u0142eczne. Dlaczego a\u017c tak? Tego jeszcze nie wiemy na pewno, mo\u017cemy jedynie snu\u0107 r\u00f3\u017cne teorie mniej lub bardziej spiskowe. Tak czy owak, musimy si\u0119 przygotowa\u0107 na dalsze \u0142amanie praw obywatelskich i na drug\u0105 oraz co najmniej trzeci\u0105 fal\u0119. Terroru.<br \/>\r\n<em>Republikanin<\/em><br \/>\r\n<br \/>\r\nBarany pokaza\u0142y \u017ce chc\u0105 by\u0107 zarz\u0105dzane wi\u0119c tych fal mo\u017ce by\u0107 i tysi\u0105c.<br \/>\r\n<em>Go\u015b\u0107<\/em><\/p>\r\n<\/blockquote>\r\n<p class=\"zrodlo\">Za: <a href=\"https:\/\/www.pch24.pl\/pierwsza-fala--druga-fala--trzecia-fala-,78762,i.html\">PoloniaChristiana &#8211; pch24.pl (2020-09-30)<\/a><\/p>\r\n<h4>\u00a0<\/h4>\r\n<hr style=\"background-color: #000000; border-width: 0; color: #000000; height: 2px; line-height: 0; text-align: center; width: 100%;\" \/>\r\n<h4>\u00a0<\/h4>\r\n<blockquote>\r\n<p><strong>KOMENTARZ <em>BIBU\u0141Y<\/em><\/strong>: Powiemy kr\u00f3tko, aby zrozumieli ci, kt\u00f3rzy dalej wierz\u0105 w bajki o pandemii koronawirusa: kraje czy regiony gdzie wprowadzono najwi\u0119ksze restrykcje w postaci r\u00f3\u017cnych lokda\u0142n\u00f3w, musz\u0105 teraz odrobi\u0107 &#8222;straty&#8221; i niestety pojawi si\u0119 zwi\u0119kszona fala zachorowa\u0144. Oczywi\u015bcie politycy, r\u00f3wnie\u017c i w Polsce, czyli w\u0142a\u015bnie ci kt\u00f3rzy wprowadzili te restrykcje, b\u0119d\u0105 si\u0119 t\u0142umaczyli &#8211; bo to walka o ich sk\u00f3r\u0119 &#8211; \u017ce to wina ciemnego ludu, \u017ce to dlatego, \u017ce nie s\u0142uchano si\u0119 ich m\u0105dro\u015bci, \u017ce \u0142amano zakazy, \u017ce wychodzono z dom\u00f3w, \u017ce nie myto r\u0105czek, \u017ce nie smarowano r\u0105czek jak\u0105\u015b mazi\u0105, \u017ce nie noszono maseczek, itede.. ale prawda jest taka, \u017ce natury nie do si\u0119 oszuka\u0107 i tak jak z wieloma innymi niegro\u017anymi patogenami, istnieje odporno\u015b\u0107 stadna i ludzie musz\u0105 rozpowszechni\u0107 to co w naturze.<\/p>\r\n<p>Osobny temat to: w miar\u0119 zwi\u0119kszania liczby wykonywanych test\u00f3w, wi\u0119cej ludzi b\u0119dzie oznaczana jako &#8222;chorzy na koronawirusa&#8221;, w\u0142a\u015bnie dlatego, \u017ce mamy do czynienia z niedoskona\u0142o\u015bci\u0105 test\u00f3w, celowym podwy\u017cszaniem liczby chorych i zmar\u0142ych (m.in. w wyniku finansowych zach\u0119t dla szpitali), no i w\u0142a\u015bnie z masowo\u015bci\u0105 test\u00f3w. Kto\u015b powiedzia\u0142 s\u0142usznie acz prze\u015bmiewczo, \u017ce gdyby\u015bmy przeprowadzali masowe testy na inteligencj\u0119, to wysz\u0142oby, \u017ce mamy epidemi\u0119 g\u0142upoty i mas\u0119 idiot\u00f3w. Co zreszt\u0105 jest prawd\u0105&#8230;<\/p>\r\n<p>Do tego wszystkiego dochodzi nadci\u0105gaj\u0105ca nieuchronna fala corocznych zachorowa\u0144 na zwyk\u0142\u0105 sezonow\u0105 gryp\u0119, co mo\u017ce s\u0142u\u017cy\u0107 &#8211; i pos\u0142u\u017cy! &#8211; do rozpalenia paniki pandemii, gdy\u017c koronawirus tym si\u0119 r\u00f3\u017cni od zwyk\u0142ej grypy&#8230; no w\u0142a\u015bnie, czym si\u0119 r\u00f3\u017cni? \u017baden lekarz nie jest w stanie tego stwierdzi\u0107 po objawach klinicznych, do tego potrzebne s\u0105 &#8222;testy&#8221;. A te wychodz\u0105 cz\u0119sto pozytywnie, bo gros ludzi ma w sobie tego nieszkodliwego wirusa, a metody PCR s\u0105 naci\u0105gane i nierzetelne.<\/p>\r\n<p>A co z argumentem, \u017ce &#8222;przecie\u017c ludzie umieraj\u0105!&#8221; Ale\u017c oczywi\u015bcie, umieraj\u0105 ludzie i to ci, u kt\u00f3rych &#8211; te nieodpowiednie metody &#8211; ustali\u0142y szcz\u0105tkow\u0105 obecno\u015b\u0107 koronawirusa. A umieraj\u0105 ci, kt\u00f3rych jest w stanie zwali\u0107 ka\u017cda choroba, ka\u017cdy wirus, niemal ka\u017cdy podmuch wiatru. S\u0105 to ludzie starzy, schorowani, bez \u017cadnej odporno\u015bci immunologicznej. I w\u0142a\u015bnie liczb\u0105 \u015bmierci takich ludzi naj\u0142atwiej jest politykom manipulowa\u0107. Gdyby nie Covid-19, to mo\u017cna by\u0142oby przypisa\u0107 tym ofiarom jak\u0105kolwiek przyczyn\u0119 i jakiegokolwiek wirusa, ale mamy rozgrzany politycznie temat i wykorzystuje si\u0119 ten patogen.<\/p>\r\n<\/blockquote>\r\n<h4>\u00a0<\/h4>\r\n<hr style=\"background-color: #000000; border-width: 0; color: #000000; height: 2px; line-height: 0; text-align: center; width: 100%;\" \/>\r\n<h4>\u00a0<\/h4>","protected":false},"excerpt":{"rendered":"Mroczne widmo koronawirusowej pandemii uparcie nie chce oddali\u0107 si\u0119 od Europy. Gdzie by nie spojrze\u0107, s\u0142yszymy dramatyczne doniesienia o wzbieraj\u0105cej drugiej fali. O nowych obostrzeniach \u2013 ba, nawet o ponownych lockdownach ca\u0142ych rejon\u00f3w lub pa\u0144stw. Wsz\u0119dzie. Ale niezupe\u0142nie. Z\u0142owrogi covid-19 obrazi\u0142 si\u0119 na Szwecj\u0119. Powroty pandemii rozmaite Doniesienia z r\u00f3\u017cnych stron \u015bwiata faktycznie s\u0105 godne [&hellip;]","protected":false},"author":1,"featured_media":0,"comment_status":"closed","ping_status":"closed","sticky":false,"template":"","format":"standard","meta":{"_acf_changed":false,"_monsterinsights_skip_tracking":false,"_monsterinsights_sitenote_active":false,"_monsterinsights_sitenote_note":"","_monsterinsights_sitenote_category":0,"ngg_post_thumbnail":0,"footnotes":"","_wp_rev_ctl_limit":""},"categories":[451],"tags":[433,98,20],"acf":[],"_links":{"self":[{"href":"https:\/\/www.bibula.com\/index.php?rest_route=\/wp\/v2\/posts\/119007"}],"collection":[{"href":"https:\/\/www.bibula.com\/index.php?rest_route=\/wp\/v2\/posts"}],"about":[{"href":"https:\/\/www.bibula.com\/index.php?rest_route=\/wp\/v2\/types\/post"}],"author":[{"embeddable":true,"href":"https:\/\/www.bibula.com\/index.php?rest_route=\/wp\/v2\/users\/1"}],"replies":[{"embeddable":true,"href":"https:\/\/www.bibula.com\/index.php?rest_route=%2Fwp%2Fv2%2Fcomments&post=119007"}],"version-history":[{"count":4,"href":"https:\/\/www.bibula.com\/index.php?rest_route=\/wp\/v2\/posts\/119007\/revisions"}],"predecessor-version":[{"id":119011,"href":"https:\/\/www.bibula.com\/index.php?rest_route=\/wp\/v2\/posts\/119007\/revisions\/119011"}],"wp:attachment":[{"href":"https:\/\/www.bibula.com\/index.php?rest_route=%2Fwp%2Fv2%2Fmedia&parent=119007"}],"wp:term":[{"taxonomy":"category","embeddable":true,"href":"https:\/\/www.bibula.com\/index.php?rest_route=%2Fwp%2Fv2%2Fcategories&post=119007"},{"taxonomy":"post_tag","embeddable":true,"href":"https:\/\/www.bibula.com\/index.php?rest_route=%2Fwp%2Fv2%2Ftags&post=119007"}],"curies":[{"name":"wp","href":"https:\/\/api.w.org\/{rel}","templated":true}]}}