{"id":1190,"date":"2007-09-16T00:00:00","date_gmt":"2007-09-16T00:00:00","guid":{"rendered":""},"modified":"2016-10-09T14:32:06","modified_gmt":"2016-10-09T18:32:06","slug":"zacienia-si-atak-na-polsk-reaktywowano-polski-oddzia-ydowskiej-loy-masoskiej-bnai-brith","status":"publish","type":"post","link":"https:\/\/www.bibula.com\/?p=1190","title":{"rendered":"Zacie\u015bnia si\u0119 atak na Polsk\u0119: reaktywowano polski oddzia\u0142 \u017cydowskiej lo\u017cy maso\u0144skiej Bnai Brith"},"content":{"rendered":"<p><strong>W niedziel\u0119, 9 wrze\u015bnia br. [2007] organizacja \u017cydowska o nazwie &#8222;Niezale\u017cny Zakon Syn\u00f3w Przymierza&#8221; &#8211; <em>Independent Order of B\u2019nai B\u2019rith<\/em>, reaktywowa\u0142a po prawie 70 latach swoj\u0105 dzia\u0142alno\u015b\u0107 w Polsce.<\/strong><\/p>\r\n<p>W uroczysto\u015bci w Warszawie wzi\u0119\u0142o udzia\u0142 wiele os\u00f3b, m.in. prezydent <em>B\u2019nai B\u2019rith International<\/em> Moishe Smith, kt\u00f3ry powiedzia\u0142, \u017ce &#8222;Duma emanuje z t\u0142umnie tu zgromadzonych 37 braci i si\u00f3str, wobec faktu i\u017c staj\u0105 si\u0119 cz\u0119\u015bci\u0105 naszej \u015bwiatowej rodziny. By\u0142 to moment dumy i zaszczytu, dla mnie osobi\u015bcie oraz dla wszystkich w B\u2019nai B\u2019rith&#8221;. Daniel S. Mariaschin, wice prezydent lo\u017cy w Waszyngtonie doda\u0142, \u017ce &#8222;Otwarcie naszej lo\u017cy w Warszawie jest wielkim wydarzeniem. Maj\u0105c na uwadze d\u0142ug\u0105, lecz przerwan\u0105 histori\u0119 B\u2019nai B\u2019rith w Polsce oraz obecne stosunki kraju [Polski] ze Stanami Zjednoczonymi i Izraelem, a tak\u017ce fakt przynale\u017cno\u015bci do Unii Europejskiej i odradzanie si\u0119 \u017cycia \u017cydowskiego [w Polsce], nasza lo\u017ca mo\u017ce dzia\u0142a\u0107 jako wa\u017cny uczestnik w szerokiej gamie zagadnie\u0144, kt\u00f3rymi zajmuje si\u0119 B\u2019nai B\u2019rith oraz szerszymi planami \u017cydowskimi.&#8221;<\/p>\r\n<p>Prezydentem lo\u017cy B\u2019nai B\u2019rith w Warszawie zosta\u0142 dr Andrzej Friedman, a sekretarzem generalnym Malka Kafka.<\/p>\r\n<p>Po uroczysto\u015bci nast\u0105pi\u0142o spotkanie ambasadora USA w Warszawie, Victor Ashe z szefami B\u2019nai B\u2019rith. W kr\u00f3tkim komunikacie Ambasady Stan\u00f3w Zjednoczonych w Warszawie, <span style=\"text-decoration: underline;\"><a class=\"content_sz\" href=\"http:\/\/polish.poland.usembassy.gov\/poland-pl\/wydarzenia_20010\/bnai-brith-otwiera-now-lo-w-warszawie--9-wrzenia-2007.html\" target=\"_blank\">zamieszczonym<\/a><\/span> na stronie internetowej Ambasady, stwierdzono, i\u017c:<\/p>\r\n<p style=\"padding-left: 30px;\">&#8222;9 wrze\u015bnia przy okazji otwarcia nowej lo\u017cy B\u2019nai B\u2019rith w Warszawie ambasador Victor Ashe spotka\u0142 si\u0119 z dzia\u0142aczami tej organizacji &#8211; prezesem Moishem Smithem i wiceprezesem Danem Mariaschinem. <strong>Om\u00f3wiono m.in. spraw\u0119 ustawodawstwa dotycz\u0105cego zwrotu mienia oraz kwestie zwi\u0105zane z Radiem Maryja i Telewizj\u0105 Trwam.<\/strong> Otwarcie warszawskiej lo\u017cy B\u2019nai B\u2019rith oznacza odrodzenie si\u0119 tej organizacji \u017cydowskiej w Polsce po niemal 70 latach nieobecno\u015bci.&#8221;<\/p>\r\n<p><strong>Organizacja B\u2019nai B\u2019rith<\/strong> jest \u017cydowsk\u0105, nacjonalistyczn\u0105, syjonistyczn\u0105 i maso\u0144sk\u0105, a ze swej natury i cel\u00f3w ca\u0142kowicie antychrze\u015bcija\u0144sk\u0105 organizacj\u0105, kt\u00f3rej \u017ar\u00f3d\u0142o stanowi mieszanina maso\u0144skiego rytu York i Odd Fellows. Za\u0142o\u017cona zosta\u0142a w 1848 roku w Nowym Jorku i przyj\u0119\u0142a wz\u00f3r wolnomularski, symbole maso\u0144skie, rytua\u0142y, stopnie oraz spos\u00f3b prowadzenia dzia\u0142alno\u015bci. Jak wskazuje na to wiele autor\u00f3w, w tym ks. prof. Micha\u0142 Poradowski, celem organizacji jest jednoczenie \u015brodowiska \u017cydowskiego i tworzenie warunk\u00f3w do politycznej, gospodarczej i religijnej dominacji nad \u015bwiatem w ramach budowania tzw. Nowego \u015awiatowego Porz\u0105dku. Tak jak wiele oficjalnie dzia\u0142aj\u0105cych organizacji maso\u0144skich, tak i B\u2019nai B\u2019rith uczestniczy w spektakularnych akcjach charytatywnych maj\u0105cych stanowi\u0107 rodzaj medialnej zas\u0142ony dymnej.<\/p>\r\n<p>Lo\u017ca B\u2019nai B\u2019rith w niepodleg\u0142ej Polsce uregulowa\u0142a swoj\u0105 oficjaln\u0105 dzia\u0142alno\u015b\u0107 w 1923 roku, lecz wszystkie 11 l\u00f3\u017c maso\u0144skich zosta\u0142o zdelegalizowanych w 1938 roku.<\/p>\r\n<p>Ko\u015bci\u00f3\u0142 katolicki od wiek\u00f3w przestrzega\u0142 wiernych przed jakimikolwiek kontaktami z lo\u017cami maso\u0144skimi, a ka\u017cdy kto je wspomaga\u0142 lub zostawa\u0142 ich cz\u0142onkiem by\u0142 automatycznie ekskomunikowany. Ju\u017c w 1738 roku roku papie\u017c Klemens XII wyda\u0142 Konstytucj\u0119 Apostolsk\u0105, w kt\u00f3rej uznaje masoneri\u0119 za herezj\u0119 i zobowi\u0105zuje biskup\u00f3w do traktowania jej cz\u0142onk\u00f3w jako podejrzanych o herezj\u0119. Z uwagi na niezwyk\u0142\u0105 wa\u017cno\u015b\u0107 zagadnienia, rozbudow\u0119 masonerii oraz nap\u0142ywaj\u0105cych i ujawnianych fakt\u00f3w desktrukcyjnej jej dzia\u0142alno\u015bci, wielu kolejnych papie\u017cy zajmowa\u0142o si\u0119 zagadnieniami masonerii przestrzegaj\u0105c i nak\u0142adaj\u0105c kar\u0119 ekskomuniki dla wiernych wchodz\u0105cych w jej struktury.<\/p>\r\n<p>Pomimo wielu pr\u00f3b zniesienia b\u0105d\u017a \u0142agodzenia obowi\u0105zuj\u0105cych kar, podejmowanych przez zara\u017conych modernizmem posoborowych hierarch\u00f3w, do dnia dzisiejszego obowi\u0105zuje w Ko\u015bciele kara ekskomuniki. Wyra\u017cone zosta\u0142o to i potwierdzone przez Prefekta Kongregacji Nauki Wiary kard. J\u00f3zefa Ratzingera, kt\u00f3ry dnia 26 listopada 1983 roku og\u0142osi\u0142 deklaracj\u0119 o stowarzyszeniach maso\u0144skich <em><a class=\"content_sz\" href=\"http:\/\/www.opoka.org.pl\/biblioteka\/W\/WR\/kongregacje\/kdwiary\/zbior\/t_2_9.html\">Quaesitum est: de associationibus massonicis <\/a><\/em><\/p>\r\n<p>Oto dla przypomnienia jej pe\u0142ny tekst:<\/p>\r\n<blockquote>\r\n<p><em>Zwr\u00f3cono si\u0119 z zapytaniem, czy uleg\u0142a zmianie opinia Ko\u015bcio\u0142a w sprawie stowarzysze\u0144 maso\u0144skich, poniewa\u017c w nowym Kodeksie Prawa Kanonicznego (w przeciwie\u0144stwie do poprzedniego) zagadnienie nie zosta\u0142o wprost poruszone.\u015awi\u0119ta Kongregacja Nauki Wiary mo\u017ce odpowiedzie\u0107, \u017ce taka okoliczno\u015b\u0107 jest podyktowana kryterium redakcyjnym, co dotyczy tak\u017ce innych stowarzysze\u0144 podobnie nie wspomnianych, ujmowanych w szerszych kategoriach<strong>. Pozostaje jednak niezmieniona negatywna opinia Ko\u015bcio\u0142a w sprawie stowarzysze\u0144 maso\u0144skich, poniewa\u017c ich zasady zawsze by\u0142y uwa\u017cane za niezgodne z nauk\u0105 Ko\u015bcio\u0142a i dlatego przynale\u017cno\u015b\u0107 do nich pozostaje zakazana. Wierni, kt\u00f3rzy nale\u017c\u0105 do stowarzysze\u0144 maso\u0144skich, s\u0105 w stanie grzechu ci\u0119\u017ckiego i nie mog\u0105 przyst\u0119powa\u0107 do Komunii \u015awi\u0119tej. <\/strong>Nie nale\u017cy do lokalnego autorytetu eklezjalnego wypowiadanie si\u0119 o naturze stowarzysze\u0144 maso\u0144skich s\u0105dem, kt\u00f3ry implikowa\u0142by uchylenie tego, co wy\u017cej ustalono, i to, co jest zawarte w Deklaracji \u015awi\u0119tej Kongregacji Nauki Wiary z dnia 17 lutego 1981 r. (AAS 73 [1981] 240-241). W czasie audiencji, udzielonej ni\u017cej podpisanemu Kardyna\u0142owi Prefektowi, Jego \u015awi\u0105tobliwo\u015b\u0107 Jan Pawe\u0142 II zatwierdzi\u0142 niniejsz\u0105 Deklaracj\u0119, uchwalon\u0105 na zebraniu plenarnym Kongregacji i nakaza\u0142 jej opublikowanie.<\/em><\/p>\r\n<p><em>Rzym, w siedzibie \u015awi\u0119tej Kongregacji Nauki Wiary, 26 listopada 1983 r.+JOSEPH Kard. RATZINGER<br \/>\r\n Prefekt +J\u00c3\u2030R\u00c3\u201dME HAMER OP<br \/>\r\n Abp tyt. Loreny<\/em><\/p>\r\n<\/blockquote>\r\n<p>&nbsp;<\/p>\r\n<p>Niestety, przy przyj\u0119ciu ob\u0142\u0119dnej drogi ekumenizmu i &#8222;dialogu&#8221; z innowiercami, posoborowi papie\u017ce, w tym Jan Pawe\u0142 II oraz ostatnio Benedykt XVI (<a class=\"content_sz\" href=\"http:\/\/breviarium.blogspot.com\/2006\/12\/loa-bnai-brith-na-audiencji-w-watykanie.html\" target=\"_blank\">18 grudnia 2006<\/a>) przyjmowali delegacje B\u2019nai B\u2019rith i w niezwykle ciep\u0142ych s\u0142owach wypowiadali si\u0119 o dzia\u0142alno\u015bci tej organizacji. Takie przyj\u0119cie wrog\u00f3w chrze\u015bcija\u0144stwa, takie podej\u015bcie do ich dzia\u0142alno\u015bci i takie wypowiedziane s\u0142owa stanowi\u0105 obraz\u0119 i przekre\u015blenie krucjaty Ko\u015bcio\u0142a przeciwko szata\u0144skim si\u0142om Z\u0142a.<\/p>\r\n<p>Tak wi\u0119c w Polsce, po 70 latach nieobecno\u015bci zalegalizowana zosta\u0142a antyko\u015bcielna i burz\u0105ca chrze\u015bcija\u0144ski porz\u0105dek spo\u0142eczny organizacja. Walcz\u0105c z Polsk\u0105 na pierwszy plan umie\u015bci\u0142a sobie &#8211; jak wida\u0107 z notki Ambasady USA &#8211; tzw. restytucj\u0119 mienia, czyli grabie\u017c Polski na oko\u0142o 64 miliardy dolar\u00f3w. Do przeprowadzenia tego planu niezb\u0119dne jest zamkni\u0119cie niezale\u017cnych o\u015brodk\u00f3w medialnych skupionych wok\u00f3\u0142 Radia Maryja.<\/p>\r\n<p><strong><em>Lech Maziakowski<\/em><\/strong><br \/>\r\n Washington, DC | 16 wrze\u015bnia 2007| www.bibula.com<\/p>\r\n<p>&nbsp;<\/p>\r\n<blockquote>\r\n<p><strong>KOLEJNO\u015a\u00c4\u2020 ukazywania si\u0119 informacji o reaktywowaniu \u017cydowskiej lo\u017cy maso\u0144skiej:<\/strong><\/p>\r\n<ul>\r\n\t<li><a class=\"content_sz\" href=\"http:\/\/www.bibula.com\/?p=01190\" target=\"_blank\">BIBU\u0141A &#8211; 16 wrze\u015bnia 2007<\/a><\/li>\r\n\t<li><a class=\"content_sz\" href=\"http:\/\/www.naszdziennik.pl\/index.php?typ=my&amp;dat=20070922&amp;id=my61.txt\" target=\"_blank\">Nasz Dziennik &#8211; Sobota-Niedziela, 22-23 wrze\u015bnia 2007, Nr 222 (2935)<\/a><\/li>\r\n\t<li><a class=\"content_sz\" href=\"http:\/\/www.nacjonalista.org\/wiadomosci.php?id=2501\">portal nacjonalista.pl &#8211; poniedzia\u0142ek, 24 wrze\u015bnia 2007 <\/a><\/li>\r\n\t<li>&#8230; reszta &#8222;niezale\u017cnych&#8221;, m\u00f3wi\u0105cych &#8222;<em>ca\u0142\u0105 prawd\u0119 ca\u0142\u0105 dob\u0119<\/em>&#8221; medi\u00f3w w Polsce milczy&#8230;.<\/li>\r\n<\/ul>\r\n<\/blockquote>\r\n<p>&nbsp;<\/p>\r\n<p>&nbsp;<\/p>","protected":false},"excerpt":{"rendered":"W niedziel\u0119, 9 wrze\u015bnia br. [2007] organizacja \u017cydowska o nazwie &#8222;Niezale\u017cny Zakon Syn\u00f3w Przymierza&#8221; &#8211; Independent Order of B\u2019nai B\u2019rith, reaktywowa\u0142a po prawie 70 latach swoj\u0105 dzia\u0142alno\u015b\u0107 w Polsce. W uroczysto\u015bci w Warszawie wzi\u0119\u0142o udzia\u0142 wiele os\u00f3b, m.in. prezydent B\u2019nai B\u2019rith International Moishe Smith, kt\u00f3ry powiedzia\u0142, \u017ce &#8222;Duma emanuje z t\u0142umnie tu zgromadzonych 37 braci [&hellip;]","protected":false},"author":1,"featured_media":0,"comment_status":"closed","ping_status":"open","sticky":false,"template":"","format":"standard","meta":{"_acf_changed":false,"_monsterinsights_skip_tracking":false,"_monsterinsights_sitenote_active":false,"_monsterinsights_sitenote_note":"","_monsterinsights_sitenote_category":0,"ngg_post_thumbnail":0,"footnotes":"","_wp_rev_ctl_limit":""},"categories":[8],"tags":[75,37,55],"acf":[],"_links":{"self":[{"href":"https:\/\/www.bibula.com\/index.php?rest_route=\/wp\/v2\/posts\/1190"}],"collection":[{"href":"https:\/\/www.bibula.com\/index.php?rest_route=\/wp\/v2\/posts"}],"about":[{"href":"https:\/\/www.bibula.com\/index.php?rest_route=\/wp\/v2\/types\/post"}],"author":[{"embeddable":true,"href":"https:\/\/www.bibula.com\/index.php?rest_route=\/wp\/v2\/users\/1"}],"replies":[{"embeddable":true,"href":"https:\/\/www.bibula.com\/index.php?rest_route=%2Fwp%2Fv2%2Fcomments&post=1190"}],"version-history":[{"count":0,"href":"https:\/\/www.bibula.com\/index.php?rest_route=\/wp\/v2\/posts\/1190\/revisions"}],"wp:attachment":[{"href":"https:\/\/www.bibula.com\/index.php?rest_route=%2Fwp%2Fv2%2Fmedia&parent=1190"}],"wp:term":[{"taxonomy":"category","embeddable":true,"href":"https:\/\/www.bibula.com\/index.php?rest_route=%2Fwp%2Fv2%2Fcategories&post=1190"},{"taxonomy":"post_tag","embeddable":true,"href":"https:\/\/www.bibula.com\/index.php?rest_route=%2Fwp%2Fv2%2Ftags&post=1190"}],"curies":[{"name":"wp","href":"https:\/\/api.w.org\/{rel}","templated":true}]}}