{"id":118995,"date":"2020-09-30T09:51:37","date_gmt":"2020-09-30T13:51:37","guid":{"rendered":"https:\/\/www.bibula.com\/?p=118995"},"modified":"2020-09-30T09:51:37","modified_gmt":"2020-09-30T13:51:37","slug":"prof-rutkowski-na-antenie-tvp-obala-mity-na-temat-maseczek","status":"publish","type":"post","link":"https:\/\/www.bibula.com\/?p=118995","title":{"rendered":"Prof. Rutkowski na antenie TVP obala mity na temat maseczek"},"content":{"rendered":"<p><strong>Prof. dr hab. Ryszard Rutkowski z bia\u0142ostockiego Uniwersytetu Medycznego powiedzia\u0142 na antenie TVP, w programie Jana Pospieszalskiego \u201eWarto rozmawia\u0107\u201d, \u017ce maseczki najprawdopodobniej nie chroni\u0105 przed koronawirusem.<\/strong><\/p>\r\n<p><em>\u2013 Ja ci\u0105gle musz\u0119 podkre\u015bla\u0107, \u017ce ja m\u00f3wi\u0119 o tych zalecanych przez Ministerstwo Zdrowia maseczkach bawe\u0142nianych. Te maseczki, gdyby ktokolwiek zada\u0142 sobie trud ich wytw\u00f3rc\u00f3w o specyfikacj\u0119 techniczn\u0105 maj\u0105 przestrze\u0144 mi\u0119dzy nici\u0105. Ta przestrze\u0144 ma wymiar mikronu, a wirusy to s\u0105 cz\u0105stki, kt\u00f3re maj\u0105 wielko\u015b\u0107 nanometr\u00f3w \u2013<\/em> zaznaczy\u0142 dr Rutkowski.<\/p>\r\n<p><em>\u2013 Nanometr jest tysi\u0105c razy mniejszy od mikronu. W zwi\u0105zku z tym absurd polega na tym, \u017ce wmawiamy, \u017ce cz\u0105stka, kt\u00f3ra jest w przypadku koronawirusa, sto razy mniejsza od tej szczeliny mi\u0119dzy ni\u0107mi, nie przeniknie \u2013<\/em> zauwa\u017cy\u0142 lekarz.<\/p>\r\n<p><em>\u2013 Drugi dogmat, kt\u00f3ry uwa\u017cam jest w Polsce upowszechniany, to to, \u017ce wirusy SARS-Cov-2, tak jak inne wirusy, rozprzestrzeniaj\u0105 si\u0119 wy\u0142\u0105cznie drog\u0105 kropelkow\u0105. [\u2026] Ja dysponuj\u0105 wieloma publikacjami [\u2026] kt\u00f3re m\u00f3wi\u0105, \u017ce wirusy przenoszone s\u0105 drog\u0105 powietrzn\u0105 \u2013<\/em> podzieli\u0142 si\u0119 swoj\u0105 wiedz\u0105 dr Rutkowski.<\/p>\r\n<p>Specjalista zwr\u00f3ci\u0142 uwag\u0119 na to, \u017ce w tym przypadku maseczka w og\u00f3le nie zatrzymuje koronawirusa. Bo je\u015bli by\u0142by \u201eprzyczepiony do \u015bliny\u201d to zatrzyma\u0142by si\u0119 na maseczce. Drog\u0105 powietrzn\u0105 jednak swobodnie przechodzi przez szczelin\u0105 mi\u0119dzy ni\u0107mi.<\/p>\r\n<blockquote class=\"twitter-tweet\">\r\n<p>Wczoraj <a href=\"https:\/\/twitter.com\/hashtag\/WartoRozmawiac?src=hash&amp;ref_src=twsrc%5Etfw\">#WartoRozmawiac<\/a> profesor jasno wyja\u015bnia,\u017ce maseczki zalecane przez rz\u0105d s\u0105 to kitu.<br \/>\r\nAle obywatele sami na ulicach pokazuj\u0105 swoj\u0105 g\u0142upot\u0119&#8230; <a href=\"https:\/\/t.co\/mZxahg9Q1n\">pic.twitter.com\/mZxahg9Q1n<\/a><\/p>\r\n\r\n\u2014 Krzysiek (@Kris77Tany) <a href=\"https:\/\/twitter.com\/Kris77Tany\/status\/1310843111480995840?ref_src=twsrc%5Etfw\">September 29, 2020<\/a><\/blockquote>\r\n<p><script async src=\"https:\/\/platform.twitter.com\/widgets.js\" charset=\"utf-8\"><\/script><\/p>\r\n<p class=\"zrodlo\">Za: <a href=\"https:\/\/nczas.com\/2020\/09\/29\/prof-rutkowski-na-antenie-tvp-obala-mity-na-temat-maseczek-wideo\/\">Najwy\u017cszy Czas! (29 wrze\u015bnia 2020)<\/a> &#8211; [Org. tytu\u0142: \u00abProf. Rutkowski na antenie TVP obala mity na temat maseczek [WIDEO]\u00bb]<\/p>\r\n<h4>\u00a0<\/h4>\r\n<hr style=\"background-color: #000000; border-width: 0; color: #000000; height: 2px; line-height: 0; text-align: center; width: 100%;\" \/>\r\n<h4>\u00a0<\/h4>\r\n<h2>Dr Basiukiewicz i dr Szarowska ujawniaj\u0105 w TVP: Obostrzenia ws. koronawirusa s\u0105 przesadzone [VIDEO]<\/h2>\r\n<p><strong>Dr Pawe\u0142 Basiukiewicz by\u0142 go\u015bciem w programie \u201eWarto rozmawia\u0107\u201d na TVP. Specjalista zestawi\u0142 koronawirusa z ebol\u0105 i osp\u0105 prawdziw\u0105 (\u201eczarn\u0105 osp\u0105\u201d \u2013 przyp. red), \u017ceby pokaza\u0107, \u017ce nowa choroba nie jest taka gro\u017ana. Racj\u0119 przyzna\u0142a mu epidemiolog Agnieszka Szarowska.<\/strong><\/p>\r\n<p><em>\u2013 Wirus SARS-Cov-2 nawet w cz\u0119\u015bci nie jest tak gro\u017any, jak Ebola, czy ospa prawdziwa. No, to ta \u015bmiertelno\u015b\u0107 \u2013 czy ona jest 0,1, czy 0,3 \u2013 [\u2026] to jest ta skala \u2013<\/em> m\u00f3wi\u0142 w programie dr Pawe\u0142 Basiukiewicz.<\/p>\r\n<p><em>\u2013 Tak, no jak najbardziej nie jest to wirus tak gro\u017any jak ebola. Nie stanowi tak du\u017cego zagro\u017cenia. W zwi\u0105zku z tym wi\u0119kszo\u015b\u0107 stosowanych przez nas w r\u00f3\u017cny spos\u00f3b zabezpiecze\u0144 jest troszeczk\u0119 na wyrost \u2013<\/em> przyzna\u0142a dr epidemiolog Agnieszka Szarowska.<\/p>\r\n<p><em>\u2013 Trzeba to powiedzie\u0107. Kwarantanna\u2026 To nam wysadza w powietrze nie tylko ochron\u0119 zdrowia ale i \u017cycie spo\u0142eczne. 137 tysi\u0119cy os\u00f3b na kwarantannie [\u2026] To wielko\u015b\u0107 miasta typu Skierniewice \u2013<\/em> m\u00f3wi\u0142 Basiukiewicz. <em>\u2013 Czy to ma sens? To s\u0105 osoby zdrowe \u2013<\/em> zaznaczy\u0142 lekarz.<\/p>\r\n<p><em>\u2013 Czy sens ma izolacja chorego? Czy nie wystarczy powiedzie\u0107, jak dot\u0105d m\u00f3wili\u015bmy osobom chorym na gryp\u0119: \u201ezosta\u0144 w domu\u201d. Zreszt\u0105, oni zostawali w domu, bo si\u0119 \u017ale czuli \u2013<\/em> m\u00f3wi\u0142 ekspert.<\/p>\r\n<p><strong>W najnowszym numerze \u201eNajwy\u017cszego Czasu!\u201d ukaza\u0142 si\u0119 obszerny wywiad z dr Paw\u0142em Basiukiewiczem, dost\u0119pny pod tym <a href=\"https:\/\/sklep-niezalezna.pl\/pl\/p\/E-WYDANIE-NCZAS-numer-podwojny-41-42-2020\/1492\">LINKIEM<\/a>.<\/strong><\/p>\r\n<p>Wszystko to pad\u0142a w programie \u201eWarto rozmawia\u0107\u201d na antenie TVP. Prowadz\u0105cy rozmow\u0119 Jan Pospieszalski stwierdzi\u0142, \u017ce \u201ete pytania zawisn\u0105 w powietrzu\u201d i \u201enie nale\u017cy na nie odpowiada\u0107\u201d.<\/p>\r\n<p><em>\u2013 Trzeba te\u017c powiedzie\u0107 na temat maseczek, To jest tak, jak m\u00f3wi\u0142 pan Pinkas, \u017ce najbardziej chodzi o sens symboliczny. Wiadomo, \u017ce to jest jakby komar przez siatk\u0119 przelatywa\u0142. [\u2026] Generalnie chodzi o to, \u017ceby\u015bmy pami\u0119tali, \u017ce jest pandemia. R\u00f3wnie dobrze mogliby\u015bmy sobie chor\u0105giewk\u0119 przyczepi\u0107, albo mie\u0107 opask\u0119 na r\u0119ku pod tytu\u0142em \u201epandemia\u201d \u2013<\/em> stwierdzi\u0142 z kolei bior\u0105cy udzia\u0142 w dyskusji Maciej Pawlicki.<\/p>\r\n<blockquote class=\"twitter-tweet\">\r\n<p>Ten dr.P Basiukiewicz ???M\u00f3wi prawd\u0119 o tej ca\u0142ej kwarantannie???<a href=\"https:\/\/twitter.com\/hashtag\/WartoRozmawiac?src=hash&amp;ref_src=twsrc%5Etfw\">#WartoRozmawiac<\/a> <a href=\"https:\/\/t.co\/bfUgd1vZPk\">pic.twitter.com\/bfUgd1vZPk<\/a><\/p>\r\n\r\n\u2014 Krzysiek (@Kris77Tany) <a href=\"https:\/\/twitter.com\/Kris77Tany\/status\/1310844788619579394?ref_src=twsrc%5Etfw\">September 29, 2020<\/a><\/blockquote>\r\n<p><script async src=\"https:\/\/platform.twitter.com\/widgets.js\" charset=\"utf-8\"><\/script><\/p>\r\n<p class=\"zrodlo\">Za: <a href=\"https:\/\/nczas.com\/2020\/09\/29\/dr-basiukiewicz-i-dr-szarowska-ujawniaja-w-tvp-obostrzenia-ws-koronawirusa-sa-przesadzone-video\/\">Najwy\u017cszy Czas! (29 wrze\u015bnia 2020)<\/a><\/p>\r\n<h4>\u00a0<\/h4>\r\n<hr style=\"background-color: #000000; border-width: 0; color: #000000; height: 2px; line-height: 0; text-align: center; width: 100%;\" \/>\r\n<h4>\u00a0<\/h4>","protected":false},"excerpt":{"rendered":"Prof. dr hab. Ryszard Rutkowski z bia\u0142ostockiego Uniwersytetu Medycznego powiedzia\u0142 na antenie TVP, w programie Jana Pospieszalskiego \u201eWarto rozmawia\u0107\u201d, \u017ce maseczki najprawdopodobniej nie chroni\u0105 przed koronawirusem. \u2013 Ja ci\u0105gle musz\u0119 podkre\u015bla\u0107, \u017ce ja m\u00f3wi\u0119 o tych zalecanych przez Ministerstwo Zdrowia maseczkach bawe\u0142nianych. Te maseczki, gdyby ktokolwiek zada\u0142 sobie trud ich wytw\u00f3rc\u00f3w o specyfikacj\u0119 techniczn\u0105 maj\u0105 [&hellip;]","protected":false},"author":1,"featured_media":0,"comment_status":"closed","ping_status":"closed","sticky":false,"template":"","format":"standard","meta":{"_acf_changed":false,"_monsterinsights_skip_tracking":false,"_monsterinsights_sitenote_active":false,"_monsterinsights_sitenote_note":"","_monsterinsights_sitenote_category":0,"ngg_post_thumbnail":0,"footnotes":"","_wp_rev_ctl_limit":""},"categories":[451,8],"tags":[433,105,98,20],"acf":[],"_links":{"self":[{"href":"https:\/\/www.bibula.com\/index.php?rest_route=\/wp\/v2\/posts\/118995"}],"collection":[{"href":"https:\/\/www.bibula.com\/index.php?rest_route=\/wp\/v2\/posts"}],"about":[{"href":"https:\/\/www.bibula.com\/index.php?rest_route=\/wp\/v2\/types\/post"}],"author":[{"embeddable":true,"href":"https:\/\/www.bibula.com\/index.php?rest_route=\/wp\/v2\/users\/1"}],"replies":[{"embeddable":true,"href":"https:\/\/www.bibula.com\/index.php?rest_route=%2Fwp%2Fv2%2Fcomments&post=118995"}],"version-history":[{"count":3,"href":"https:\/\/www.bibula.com\/index.php?rest_route=\/wp\/v2\/posts\/118995\/revisions"}],"predecessor-version":[{"id":118998,"href":"https:\/\/www.bibula.com\/index.php?rest_route=\/wp\/v2\/posts\/118995\/revisions\/118998"}],"wp:attachment":[{"href":"https:\/\/www.bibula.com\/index.php?rest_route=%2Fwp%2Fv2%2Fmedia&parent=118995"}],"wp:term":[{"taxonomy":"category","embeddable":true,"href":"https:\/\/www.bibula.com\/index.php?rest_route=%2Fwp%2Fv2%2Fcategories&post=118995"},{"taxonomy":"post_tag","embeddable":true,"href":"https:\/\/www.bibula.com\/index.php?rest_route=%2Fwp%2Fv2%2Ftags&post=118995"}],"curies":[{"name":"wp","href":"https:\/\/api.w.org\/{rel}","templated":true}]}}