{"id":118870,"date":"2020-09-25T16:59:03","date_gmt":"2020-09-25T20:59:03","guid":{"rendered":"https:\/\/www.bibula.com\/?p=118870"},"modified":"2020-09-25T16:59:03","modified_gmt":"2020-09-25T20:59:03","slug":"zamieszania-wokol-kary-smierci-ciag-dalszy-biskupi-z-usa-apeluja-do-trumpa","status":"publish","type":"post","link":"https:\/\/www.bibula.com\/?p=118870","title":{"rendered":"Zamieszania wok\u00f3\u0142 kary \u015bmierci ci\u0105g dalszy. Biskupi z USA apeluj\u0105 do Trumpa"},"content":{"rendered":"<p><strong>Dwaj ameryka\u0144scy biskupi reprezentuj\u0105cy komisje Episkopatu Stan\u00f3w Zjednoczonych zaapelowali o natychmiastowe zaprzestanie wykonywania kary \u015bmierci. Wed\u0142ug nich, to niedopuszczalne; powo\u0142uj\u0105 si\u0119 tu na zmiany wprowadzone do Katechizmu przez papie\u017ca Franciszka. Tymczasem nauczanie Ko\u015bcio\u0142a zawsze uznawa\u0142o kar\u0119 \u015bmierci za moralnie dopuszczaln\u0105.\u00a0<\/strong><\/p>\r\n<p>Jak podaje portal Vaticannews.va, \u201ewykonywanie najwy\u017cszego wymiaru kary przez federalny wymiar sprawiedliwo\u015bci wznowiono w Stanach Zjednoczonych po 17 latach przerwy; tylko wci\u0105gu ostatnich dw\u00f3ch miesi\u0119cy dosz\u0142o do pi\u0119ciu egzekucji, a kolejne dwie s\u0105 zaplanowane w najbli\u017cszych dniach\u201d.<\/p>\r\n<p>W efekcie dwaj przewodnicz\u0105cy dzia\u0142aj\u0105cych przy ameryka\u0144skim episkopacie komitet\u00f3w odpowiednio ds. sprawiedliwo\u015bci i ochrony \u017cycia przypominaj\u0105, \u017ce w ci\u0105gu minionych 60 lat w Stanach Zjednoczonych wykonano zaledwie cztery federalne wyroki \u015bmierci. W obecnym roku wykonano ich ju\u017c pi\u0119\u0107, czyli wi\u0119cej ni\u017c w ka\u017cdym roku minionego stulecia. Na egzekucje czeka jeszcze 55 przest\u0119pc\u00f3w. \u201eDo\u015b\u0107! Zatrzymajcie egzekucje\u201d \u2013 pisz\u0105 arcybiskupi Paul S. Coakley i Joseph F. Naumann w specjalnym apelu adresowanym do prezydenta Donalda Trumpa i prokuratora generalnego Williama Barra.<\/p>\r\n<p>Wed\u0142ug Vaticannews.va obydwaj hierarchowie podkre\u015blaj\u0105, \u017ce trzeba powstrzyma\u0107 kar\u0119 \u015bmierci, ale zarazem te\u017c obj\u0105\u0107 wi\u0119ksz\u0105 opiek\u0105 ofiary oraz zintensyfikowa\u0107 dzia\u0142ania na rzecz resocjalizacji skazanych. Przypominaj\u0105 te\u017c, \u017ce dwa lata temu Papie\u017c Franciszek zmieni\u0142 paragraf Katechizmu Ko\u015bcio\u0142a Katolickiego na temat najwy\u017cszego wymiaru kary. Stwierdza on obecnie, \u017ce \u201eKo\u015bci\u00f3\u0142 w \u015bwietle Ewangelii naucza, \u017ce kara \u015bmierci jest niedopuszczalna, poniewa\u017c jest zamachem na nienaruszalno\u015b\u0107 i godno\u015b\u0107 osoby, i z determinacj\u0105 anga\u017cuje si\u0119 na rzecz jej zniesienia na ca\u0142ym \u015bwiecie\u201d.<\/p>\r\n<p>Tymczasem <span class=\"pullquote\">nauczanie Ko\u015bcio\u0142a by\u0142o w tej materii zawsze jednoznaczne: kara \u015bmierci jest moralnie dopuszczalna<\/span>. M\u00f3wi\u0142 o tym w ostatnich dziesi\u0119cioleciach cho\u0107by papie\u017c Pius XII. W swoim przem\u00f3wieniu z 13 marca 1943 roku, wyg\u0142oszonym do proboszcz\u00f3w Rzymu, broni\u0142 doktryny dotycz\u0105cej kary \u015bmierci. Stwierdzi\u0142:<\/p>\r\n<p>\u201eB\u00f3g (&#8230;) \u017ar\u00f3d\u0142o sprawiedliwo\u015bci zachowa\u0142 dla siebie prawo w\u0142adzy nad \u017cyciem i \u015bmierci\u0105. (&#8230;)\u00a0\u017bycie ludzkie jest nietykalne, z wyj\u0105tkiem uzasadnionej obrony w\u0142asnej, wojny sprawiedliwej prowadzonej sprawiedliwymi metodami oraz kary \u015bmierci wymierzonej przez w\u0142adze publiczne za wyj\u0105tkowo powa\u017cne i bardzo konkretne oraz dowiedzione przest\u0119pstwa\u201d.<\/p>\r\n<p>W innym przem\u00f3wieniu Ojciec \u015awi\u0119ty wyja\u015bnia\u0142:<\/p>\r\n<p>\u201eNawet dokonuj\u0105c egzekucji pot\u0119pionej osoby, pa\u0144stwo nie posiada prawa do \u017cycia tej osoby. W\u0142adza publiczna ma upowa\u017cnienie do skazania cz\u0142owieka na kar\u0119 pozbawienia \u017cycia, by odkupi\u0142 swoj\u0105 win\u0119, gdy\u017c poprzez swoje przest\u0119pstwo pozbawi\u0142 si\u0119 prawa do \u017cycia\u201d.<\/p>\r\n<p>Jednoznacznie rzecz ocenia\u0142 te\u017c Stary Testament \u2013 ale r\u00f3wnie\u017c i Nowy.<\/p>\r\n<p>Tak pisa\u0142 o tym na portalu PCh24.pl Luiz S\u00e9rgio Solimeo:<\/p>\r\n<p><strong> \u201e<\/strong>W Nowym Testamencie prawo pa\u0144stwa do skazywania przest\u0119pc\u00f3w na \u015bmier\u0107 wydaje si\u0119 by\u0107 traktowane jako oczywisto\u015b\u0107. Sam Jezus powstrzymuje si\u0119 przed stosowaniem przemocy. (&#8230;) W \u017cadnej sytuacji jednak\u017ce Jezus nie kwestionuje tego, \u017ce pa\u0144stwo ma w\u0142adz\u0119 egzekwowania kary \u015bmierci. W trakcie sporu z faryzeuszami Jezus cytuje z aprobat\u0105 na poz\u00f3r surowe przykazanie:\u00a0<em>Kto z\u0142orzeczy ojcu lub matce, niech \u015bmier\u0107 poniesie<\/em>\u00a0(Mt 15,4; Mk 7,10, nawi\u0105zanie do Wj 21,17; por. Kp\u0142 20,9).\u00a0Kiedy Pi\u0142at powo\u0142uje si\u0119 na posiadan\u0105 przez siebie w\u0142adz\u0119 skazania Go na ukrzy\u017cowanie, Jezus wskazuje, \u017ce w\u0142adza Pi\u0142ata pochodzi z g\u00f3ry \u2013 to znaczy od Boga\u00a0(J 19,11). Jezus chwali dobrego z\u0142oczy\u0144c\u0119 wisz\u0105cego na krzy\u017cu obok Niego, kt\u00f3ry przyznaje, \u017ce on i drugi przest\u0119pca otrzymuj\u0105 nale\u017cn\u0105 im odp\u0142at\u0119 za swoje uczynki (\u0141k 23,41)\u201d\u201d.<\/p>\r\n<p><a href=\"https:\/\/www.pch24.pl\/kosciol-wobec-kary-smierci--pobierz-nowy-numer-pch24-co-tydzien,62206,i.html\">Wi\u0119cej na ten temat znajd\u0105 Pa\u0144stwo w numerze 18 e-tygodnika PCh24 Co Tydzie\u0144 z 2018 roku.<\/a><\/p>\r\n<p>Pach<\/p>\r\n<p>\u0179r\u00f3d\u0142a: Vaticannews.va, PCh24.pl<\/p>\r\n<p class=\"zrodlo\">Za: <a href=\"https:\/\/www.pch24.pl\/zamieszania-wokol-kary-smierci-ciag-dalszy--biskupi-z-usa-apeluja-do-trumpa,78698,i.html\">PoloniaChristiana &#8211; pch24.pl (2020-09-25)<\/a><\/p>\r\n<h4>\u00a0<\/h4>\r\n<hr style=\"background-color: #000000; border-width: 0; color: #000000; height: 2px; line-height: 0; text-align: center; width: 100%;\" \/>\r\n<h4>\u00a0<\/h4>","protected":false},"excerpt":{"rendered":"Dwaj ameryka\u0144scy biskupi reprezentuj\u0105cy komisje Episkopatu Stan\u00f3w Zjednoczonych zaapelowali o natychmiastowe zaprzestanie wykonywania kary \u015bmierci. Wed\u0142ug nich, to niedopuszczalne; powo\u0142uj\u0105 si\u0119 tu na zmiany wprowadzone do Katechizmu przez papie\u017ca Franciszka. Tymczasem nauczanie Ko\u015bcio\u0142a zawsze uznawa\u0142o kar\u0119 \u015bmierci za moralnie dopuszczaln\u0105.\u00a0 Jak podaje portal Vaticannews.va, \u201ewykonywanie najwy\u017cszego wymiaru kary przez federalny wymiar sprawiedliwo\u015bci wznowiono w Stanach [&hellip;]","protected":false},"author":1,"featured_media":0,"comment_status":"closed","ping_status":"closed","sticky":false,"template":"","format":"standard","meta":{"_acf_changed":false,"_monsterinsights_skip_tracking":false,"ngg_post_thumbnail":0,"footnotes":"","_wp_rev_ctl_limit":""},"categories":[4],"tags":[175,381,221,33],"acf":[],"_links":{"self":[{"href":"https:\/\/www.bibula.com\/index.php?rest_route=\/wp\/v2\/posts\/118870"}],"collection":[{"href":"https:\/\/www.bibula.com\/index.php?rest_route=\/wp\/v2\/posts"}],"about":[{"href":"https:\/\/www.bibula.com\/index.php?rest_route=\/wp\/v2\/types\/post"}],"author":[{"embeddable":true,"href":"https:\/\/www.bibula.com\/index.php?rest_route=\/wp\/v2\/users\/1"}],"replies":[{"embeddable":true,"href":"https:\/\/www.bibula.com\/index.php?rest_route=%2Fwp%2Fv2%2Fcomments&post=118870"}],"version-history":[{"count":3,"href":"https:\/\/www.bibula.com\/index.php?rest_route=\/wp\/v2\/posts\/118870\/revisions"}],"predecessor-version":[{"id":118873,"href":"https:\/\/www.bibula.com\/index.php?rest_route=\/wp\/v2\/posts\/118870\/revisions\/118873"}],"wp:attachment":[{"href":"https:\/\/www.bibula.com\/index.php?rest_route=%2Fwp%2Fv2%2Fmedia&parent=118870"}],"wp:term":[{"taxonomy":"category","embeddable":true,"href":"https:\/\/www.bibula.com\/index.php?rest_route=%2Fwp%2Fv2%2Fcategories&post=118870"},{"taxonomy":"post_tag","embeddable":true,"href":"https:\/\/www.bibula.com\/index.php?rest_route=%2Fwp%2Fv2%2Ftags&post=118870"}],"curies":[{"name":"wp","href":"https:\/\/api.w.org\/{rel}","templated":true}]}}