{"id":118855,"date":"2020-09-25T16:51:32","date_gmt":"2020-09-25T20:51:32","guid":{"rendered":"https:\/\/www.bibula.com\/?p=118855"},"modified":"2020-09-25T16:51:32","modified_gmt":"2020-09-25T20:51:32","slug":"polska-lukaszenka-nie-jest-uznawany-za-prezydenta","status":"publish","type":"post","link":"https:\/\/www.bibula.com\/?p=118855","title":{"rendered":"Polska: \u0141ukaszenka nie jest uznawany za prezydenta"},"content":{"rendered":"<p><strong>\u201eNie ma zgody, by uzna\u0107 wyniki wybor\u00f3w na Bia\u0142orusi, bo zosta\u0142y przeprowadzone niedemokratycznie i wywo\u0142a\u0142y represje wobec opozycji\u201d \u2013 poinformowa\u0142 w czwartek szef kancelarii premiera, Micha\u0142 Dworczyk.<\/strong><\/p>\r\n<p>Dworczyk przypomnia\u0142 w Programie Pierwszym Polskiego Radia, \u017ce nie tylko Polska nie uzna\u0142a wyboru \u0141ukaszenki na prezydenta Bia\u0142orusi, bo r\u00f3wnie\u017c Niemcy czy Litwa takie stanowisko r\u00f3wnie\u017c przyj\u0119\u0142y.<\/p>\r\n<p>Stwierdzi\u0142, \u017ce nie mo\u017ce by\u0107 zgody na to, by uznawa\u0107 wybory, kt\u00f3re \u201czosta\u0142y przeprowadzone w spos\u00f3b ca\u0142kowicie niedemokratyczny\u201d.<\/p>\r\n<p>\u201cNie mo\u017ce by\u0107 zgody na represj\u0119 os\u00f3b, kt\u00f3re protestuj\u0105 oczekuj\u0105c suwerenno\u015bci i wolno\u015bci na Bia\u0142orusi. Nie mo\u017ce by\u0107 zgody na takie wydarzenia, kt\u00f3re ju\u017c poskutkowa\u0142y \u015bmierci\u0105 kilku os\u00f3b spo\u015br\u00f3d tych demonstruj\u0105cych oraz zranieniem, pobiciami dziesi\u0105tek innych ludzi\u201d \u2013 wyja\u015bni\u0142.<\/p>\r\n<p>Prezydent wybrany w niedemokratycznych wyborach nie mo\u017ce zosta\u0107 uznany za legalnie sprawuj\u0105cego w\u0142adz\u0119 niezale\u017cnie od tego czy zaprzysi\u0119\u017cenie b\u0119dzie potajemne, czy oficjalne \u2013 o\u015bwiadczy\u0142o Ministerstwo Spraw Zagranicznych w kontek\u015bcie \u015brodowych wydarze\u0144 na Bia\u0142orusi<\/p>\r\n<p>Na Bia\u0142orusi od 9 wrze\u015bnia trwaj\u0105 protesty przeciwko wynikom wybor\u00f3w prezydenckich, kt\u00f3re zdobywaj\u0105c 80,1% g\u0142os\u00f3w wygra\u0142 \u0141ukaszenka.<\/p>\r\n<p><em>(na podst. bankier.pl\/opr. Eugeniusz Onufryjuk)<\/em><\/p>\r\n<p><strong>Komentarz Redakcji<\/strong> [xportal.pl]: W chwili, kiedy \u0141ukaszenka zosta\u0142 zaprzysi\u0119\u017cony, a protesty przeciwko niemu s\u0142abn\u0105, s\u0142owa oficjalnych przedstawicieli polskich w\u0142adz, \u017ce nie uznaj\u0105 go za prezydenta Bia\u0142orusi s\u0105 bardzo nierozs\u0105dne. Polska niepotrzebnie jeszcze bardziej psuje swoje stosunki ze wschodnim s\u0105siadem, a izoluj\u0105c Bia\u0142oru\u015b na arenie mi\u0119dzynarodowej powoduje przyspieszenie bia\u0142orusko-rosyjskiej integracji. Celem Polski w tej sytuacji powinno by\u0107 zapewnienie sobie miejsca przy stole negocjacji, kt\u00f3re rozpoczn\u0105 zmian\u0119 bia\u0142oruskiego ustroju, \u017ceby posiada\u0107 wp\u0142yw na owe zmiany. To natomiast wymaga wsp\u00f3\u0142pracy z oficjalnym Mi\u0144skiem, a nie przegranymi kandydatami i by\u0142ymi ministrami, kt\u00f3rzy aktualnie nie przebywaj\u0105 na terytorium Bia\u0142orusi i nierych\u0142o tam wr\u00f3c\u0105.<\/p>\r\n<p class=\"zrodlo\">Za: <a href=\"https:\/\/xportal.pl\/?p=37557\">xportal.pl (24 wrze\u015bnia 2020)<\/a><\/p>\r\n<h4>\u00a0<\/h4>\r\n<hr style=\"background-color: #000000; border-width: 0; color: #000000; height: 2px; line-height: 0; text-align: center; width: 100%;\" \/>\r\n<h4>\u00a0<\/h4>\r\n<h2>Rosja i Bia\u0142oru\u015b zacie\u015bniaj\u0105 wsp\u00f3\u0142prac\u0119 wojskow\u0105. Wi\u0119ksza skala manewr\u00f3w<\/h2>\r\n<p><strong>S\u0105 ju\u017c pierwsze sygna\u0142y wskazuj\u0105ce na zacie\u015bnienie wojskowej wsp\u00f3\u0142pracy mi\u0119dzy Bia\u0142orusi\u0105 a Rosj\u0105. Dwa dni po spotkaniu Aleksandra \u0141ukaszenki z W\u0142adimirem Putinem w Soczi do Mi\u0144ska przylecia\u0142 Siergiej Szojgu, szef rosyjskiego ministerstwa obrony. Wkr\u00f3tce pojawi\u0142y si\u0119 doniesienia o realnym zwi\u0119kszeniu obecno\u015bci militarnej Moskwy na terytorium bia\u0142oruskim.<\/strong><\/p>\r\n<p>\u201eCho\u0107 na razie nikt nie m\u00f3wi o sta\u0142ych bazach wojskowych, to intensyfikacja wsp\u00f3lnych \u0107wicze\u0144 i zwi\u0119kszanie ich skali prowadzi do faktycznej sta\u0142ej rotacyjnej obecno\u015bci wojskowej Rosji. Mi\u0144sk i Moskwa zapowiedzia\u0142y bowiem, \u017ce wsp\u00f3lne \u0107wiczenia b\u0119d\u0105 odbywa\u0142y si\u0119 w ka\u017cdym miesi\u0105cu\u201d &#8211; informuje think tank Warsaw Institute.<\/p>\r\n<p>Jak podaje dalej, znacz\u0105cemu zwi\u0119kszeniu uleg\u0142 kontyngent rosyjskich \u017co\u0142nierzy uczestnicz\u0105cych w \u0107wiczeniach S\u0142owia\u0144skie Braterstwo, kt\u00f3re odbywa\u0142y si\u0119 na Bia\u0142orusi w dniach 22-25 wrze\u015bnia. Pierwotnie mia\u0142o w nich wzi\u0105\u0107 udzia\u0142 \u0142\u0105cznie 800 \u017co\u0142nierzy (w tym 300 rosyjskich) i 170 jednostek sprz\u0119tu (rosyjskich 70). Ostatecznie jednak zwi\u0119kszono \u0142\u0105czn\u0105 liczb\u0119 \u017co\u0142nierzy do 6000, w tym ok. 1000 Rosjan; jednostek sprz\u0119tu u\u017cyto 500, w tym rosyjskich 100.<\/p>\r\n<p>Wed\u0142ug oficjalnego komunikatu S\u0142owia\u0144skie Braterstwo by\u0142y manewrami o charakterze obronnym i mia\u0142y na celu \u201eopracowanie wsp\u00f3lnych dzia\u0142a\u0144 jednostek zgodnie z umowami mi\u0119dzy Bia\u0142orusi\u0105 i Rosj\u0105 oraz dalsze wzmocnienie i rozw\u00f3j proces\u00f3w integracyjnych w ramach wzmocnienia zdolno\u015bci obronnych Pa\u0144stwa Zwi\u0105zkowego\u201d.<\/p>\r\n<p>Jak wskazuje Warsaw Institute, najwyra\u017aniej skoro \u0141ukaszenka nie jest got\u00f3w do ust\u0119pstw wobec Rosji w kwestiach politycznych, ekonomicznych i ustrojowych &#8211; to pozostaje dziedzina wojskowa.<\/p>\r\n<p>\u0179r\u00f3d\u0142o: warsawinstitute.org<\/p>\r\n<p>Pach<\/p>\r\n<p class=\"zrodlo\">Za: <a href=\"https:\/\/www.pch24.pl\/rosja-i-bialorus-zaciesniaja-wspolprace-wojskowa--wieksza-skala-manewrow,78702,i.html\">PoloniaChristiana &#8211; pch24.pl (2020-09-25)<\/a><\/p>\r\n<h4>\u00a0<\/h4>\r\n<hr style=\"background-color: #000000; border-width: 0; color: #000000; height: 2px; line-height: 0; text-align: center; width: 100%;\" \/>\r\n<h4>\u00a0<\/h4>","protected":false},"excerpt":{"rendered":"\u201eNie ma zgody, by uzna\u0107 wyniki wybor\u00f3w na Bia\u0142orusi, bo zosta\u0142y przeprowadzone niedemokratycznie i wywo\u0142a\u0142y represje wobec opozycji\u201d \u2013 poinformowa\u0142 w czwartek szef kancelarii premiera, Micha\u0142 Dworczyk. Dworczyk przypomnia\u0142 w Programie Pierwszym Polskiego Radia, \u017ce nie tylko Polska nie uzna\u0142a wyboru \u0141ukaszenki na prezydenta Bia\u0142orusi, bo r\u00f3wnie\u017c Niemcy czy Litwa takie stanowisko r\u00f3wnie\u017c przyj\u0119\u0142y. Stwierdzi\u0142, [&hellip;]","protected":false},"author":1,"featured_media":0,"comment_status":"closed","ping_status":"closed","sticky":false,"template":"","format":"standard","meta":{"_acf_changed":false,"_monsterinsights_skip_tracking":false,"ngg_post_thumbnail":0,"footnotes":"","_wp_rev_ctl_limit":""},"categories":[8],"tags":[168,84,98,141],"acf":[],"_links":{"self":[{"href":"https:\/\/www.bibula.com\/index.php?rest_route=\/wp\/v2\/posts\/118855"}],"collection":[{"href":"https:\/\/www.bibula.com\/index.php?rest_route=\/wp\/v2\/posts"}],"about":[{"href":"https:\/\/www.bibula.com\/index.php?rest_route=\/wp\/v2\/types\/post"}],"author":[{"embeddable":true,"href":"https:\/\/www.bibula.com\/index.php?rest_route=\/wp\/v2\/users\/1"}],"replies":[{"embeddable":true,"href":"https:\/\/www.bibula.com\/index.php?rest_route=%2Fwp%2Fv2%2Fcomments&post=118855"}],"version-history":[{"count":2,"href":"https:\/\/www.bibula.com\/index.php?rest_route=\/wp\/v2\/posts\/118855\/revisions"}],"predecessor-version":[{"id":118868,"href":"https:\/\/www.bibula.com\/index.php?rest_route=\/wp\/v2\/posts\/118855\/revisions\/118868"}],"wp:attachment":[{"href":"https:\/\/www.bibula.com\/index.php?rest_route=%2Fwp%2Fv2%2Fmedia&parent=118855"}],"wp:term":[{"taxonomy":"category","embeddable":true,"href":"https:\/\/www.bibula.com\/index.php?rest_route=%2Fwp%2Fv2%2Fcategories&post=118855"},{"taxonomy":"post_tag","embeddable":true,"href":"https:\/\/www.bibula.com\/index.php?rest_route=%2Fwp%2Fv2%2Ftags&post=118855"}],"curies":[{"name":"wp","href":"https:\/\/api.w.org\/{rel}","templated":true}]}}