{"id":118820,"date":"2020-09-25T09:44:52","date_gmt":"2020-09-25T13:44:52","guid":{"rendered":"https:\/\/www.bibula.com\/?p=118820"},"modified":"2020-09-25T10:19:01","modified_gmt":"2020-09-25T14:19:01","slug":"1400-belgijskich-lekarzy-i-pracownikow-sluzby-zdrowia-bije-na-alarm-nie-ma-czegos-takiego-jak-zabojczy-wirus","status":"publish","type":"post","link":"https:\/\/www.bibula.com\/?p=118820","title":{"rendered":"1400 belgijskich lekarzy i pracownik\u00f3w s\u0142u\u017cby zdrowia bije na alarm: \u201eNie ma czego\u015b takiego jak zab\u00f3jczy wirus\u201d"},"content":{"rendered":"<p><strong>W li\u015bcie otwartym ponad 300 belgijskich lekarzy i 1100 pracownik\u00f3w s\u0142u\u017cby zdrowia wzywa sw\u00f3j rz\u0105d do natychmiastowego zaprzestania stosowania obostrze\u0144 i kwarantanny.<\/strong><\/p>\r\n<p>S\u0105 one nieproporcjonalne i powoduj\u0105 wi\u0119cej szkody ni\u017c po\u017cytku. \u201eNie ma ju\u017c medycznego uzasadnienia dla tej polityki\u201d.<\/p>\r\n<p>Kilka wa\u017cnych fragment\u00f3w listu:<\/p>\r\n<p>Uwa\u017camy, \u017ce politycy wprowadzili wi\u0105\u017c\u0105ce \u015brodki, kt\u00f3re nie s\u0105 wystarczaj\u0105co uzasadnione naukowo i jednostronne, a w mediach nie ma wystarczaj\u0105co du\u017co miejsca na otwart\u0105 debat\u0119, w kt\u00f3rej s\u0142ycha\u0107 r\u00f3\u017cne pogl\u0105dy i opinie.<\/p>\r\n<p>Ponadto surowa represyjna polityka dotycz\u0105ca Covid jest w ostrym kontra\u015bcie z poprzedni\u0105 minimaln\u0105 polityk\u0105 rz\u0105du, je\u015bli chodzi o zapobieganie chorobom, poprzez wzmocnienie w\u0142asnego uk\u0142adu odporno\u015bciowego czy zdrowy styl \u017cycia, optymalna opieka z dba\u0142o\u015bci\u0105 o jednostk\u0119 oraz inwestycje w personel piel\u0119gniarski.<\/p>\r\n<p>WHO pierwotnie przewidzia\u0142a pandemi\u0119, kt\u00f3ra poch\u0142onie 3,4% ofiar, czyli miliony zabitych przez wysoce zara\u017aliwy wirus, na kt\u00f3ry nie ma lekarstwa ani szczepionki.\u00a0Przebieg Covid-19 nast\u0119powa\u0142 po normalnej fali infekcji, podobnie jak w sezonie grypowym.<\/p>\r\n<p>Jak co roku obserwujemy mieszank\u0119 wirus\u00f3w grypy pod\u0105\u017caj\u0105cych za krzyw\u0105: najpierw rinowirusy, potem wirusy grypy A i B, a nast\u0119pnie koronawirusy.\u00a0Nie ma nic, co r\u00f3\u017cni si\u0119 od tego, co zwykle widzimy.\u00a0\u015amiertelno\u015b\u0107 okaza\u0142a si\u0119 wielokrotnie ni\u017csza ni\u017c oczekiwano i jest zbli\u017cona do zwyk\u0142ej grypy sezonowej (0,2%).<\/p>\r\n<p>Dlatego liczba zarejestrowanych zgon\u00f3w spowodowanych koronawirusem nadal wydaje si\u0119 przeszacowana.\u00a0Istnieje r\u00f3\u017cnica mi\u0119dzy \u015bmierci\u0105 z powodu Covid, a \u015bmierci\u0105 osoby zara\u017conej wirusem Covid w momencie \u015bmierci.<\/p>\r\n<p>U\u017cycie niespecyficznego testu PCR, kt\u00f3ry daje wiele wynik\u00f3w fa\u0142szywie dodatnich, da\u0142o wyk\u0142adniczy obraz.\u00a0Ten test na Covid zosta\u0142 wprowadzony pochopnie i nigdy nie zosta\u0142 w\u0142a\u015bciwie przetestowany.<\/p>\r\n<p>Producent wyra\u017anie zaznaczy\u0142, \u017ce ten test by\u0142 przeznaczony do bada\u0144, a nie do diagnostyki. Poniewa\u017c pozytywny test PCR nie wskazuje automatycznie na aktywn\u0105 infekcj\u0119 lub zaka\u017calno\u015b\u0107, nie uzasadnia on \u015brodk\u00f3w spo\u0142ecznych opartych wy\u0142\u0105cznie na tych testach.<\/p>\r\n<p>Nie jest to wi\u0119c druga fala koronowa, ale tak zwana \u201eKasein\u00e4mie\u201d (s\u0142owo niemieckie) ze wzgl\u0119du na zwi\u0119kszon\u0105 liczb\u0119 test\u00f3w. Wi\u0119c nic si\u0119 nie zmieni\u0142o;\u00a0punkt kulminacyjny si\u0119 sko\u0144czy\u0142.<\/p>\r\n<p>Zakaz wyj\u015bcia.\u00a0Je\u015bli por\u00f3wnasz fale infekcji w krajach o \u015bcis\u0142ej polityce blokowania z krajami, kt\u00f3re tego nie zrobi\u0142y (Szwecja, Islandia \u2026), zobaczysz podobne krzywe.\u00a0Nie ma wi\u0119c zwi\u0105zku mi\u0119dzy na\u0142o\u017con\u0105 blokad\u0105 a przebiegiem infekcji.\u00a0Blokada nie spowodowa\u0142a ni\u017cszej \u015bmiertelno\u015bci.<\/p>\r\n<p>Obecnie dost\u0119pna jest przyst\u0119pna cenowo, bezpieczna i skuteczna terapia w postaci HCQ (hydroksychlorochiny), cynku i A ZT (azytromycyny) dla os\u00f3b wykazuj\u0105cych ci\u0119\u017ckie objawy zaka\u017ce\u0144. Szybkie zastosowanie leczy i cz\u0119sto zapobiega hospitalizacji. Nikt teraz nie musi umiera\u0107. Nie chcemy wykorzystywa\u0107 naszych pacjent\u00f3w jako kr\u00f3lik\u00f3w do\u015bwiadczalnych. To nie jest zab\u00f3jczy wirus.<\/p>\r\n<p>Nie ma stanu wyj\u0105tkowego.\u00a0Nie chcemy wykorzystywa\u0107 naszych pacjent\u00f3w jako kr\u00f3lik\u00f3w do\u015bwiadczalnych.\u00a0Na ca\u0142ym \u015bwiecie spodziewanych jest 700 000 przypadk\u00f3w obra\u017ce\u0144 lub \u015bmierci w wyniku szczepienia.\u00a0Kiedy 95% os\u00f3b z Covid-19 praktycznie nie ma objaw\u00f3w, ryzyko nara\u017cenia na nietestowan\u0105 szczepionk\u0119 jest nieodpowiedzialne. W ci\u0105gu ostatnich kilku miesi\u0119cy gazety, radio i telewizja by\u0142y bezkrytyczne w stosunku do rz\u0105dowych \u201eekspert\u00f3w\u201d, w momencie kiedy prasa powinna by\u0107 krytyczna i unika\u0107 jednostronnej narracji rz\u0105dowej.<\/p>\r\n<p>Doprowadzi\u0142o to do publicznego komunikowania rz\u0105du w naszych mediach informacyjnych bardziej przypominaj\u0105cego propagand\u0119 ni\u017c obiektywne reporta\u017ce. Czego chce 1400 belgijskich lekarzy i pracownik\u00f3w s\u0142u\u017cby zdrowia?\u00a0Natychmiastowe zako\u0144czenie wszelkich dzia\u0142a\u0144 oraz powo\u0142ania niezale\u017cnej komisji do zbadania czy wszystkie \u015brodki ograniczaj\u0105ce wolno\u015b\u0107 s\u0105 wprowadzone zgodnie z prawem oraz dog\u0142\u0119bne zbadanie roli WHO i mo\u017cliwego konfliktu interes\u00f3w w dzia\u0142aniu tej organizacji.<\/p>\r\n<p>Link do pe\u0142nej tre\u015bci listu otwartego belgijskich lekarzy i personelu medycznego:<br \/>\r\n<a href=\"https:\/\/www.aier.org\/article\/open-letter-from-medical-doctors-and-health-professionals-to-all-belgian-authorities-and-all-belgian-media\/\">https:\/\/www.aier.org\/article\/open-letter-from-medical-doctors-and-health-professionals-to-all-belgian-authorities-and-all-belgian-media\/<\/a><\/p>\r\n<p>\u017ar\u00f3d\u0142o: henrymakow.com<\/p>\r\n<p>[\u0179r\u00f3d\u0142o:] <a href=\"https:\/\/killuminati.pl\/1400-belgijskich-lekarzy-i-pracownikow-sluzby-zdrowia-bije-na-alarm-nie-ma-czegos-takiego-jak-zabojczy-wirus\/\">Killuminati (23 wrze\u015bnia 2020)<\/a><\/p>\r\n<p class=\"zrodlo\">Za: <a href=\"http:\/\/dakowski.pl\/index.php?option=com_content&amp;task=view&amp;id=29129&amp;Itemid=47\">Strona prof. Miros\u0142awa Dakowskiego (25.09.2020)<\/a><\/p>\r\n<h4>\u00a0<\/h4>\r\n<hr style=\"background-color: #000000; border-width: 0; color: #000000; height: 2px; line-height: 0; text-align: center; width: 100%;\" \/>\r\n<h4>\u00a0<\/h4>\r\n<blockquote>\r\n<p><strong>KOMENTARZ <em>BIBU\u0141Y<\/em><\/strong>: A\u017c ci\u015bnie si\u0119 pytanie i zarazem zarzut: a gdzie s\u0105 polscy lekarze? Wszak poza pojedynczymi niemal\u017ce bohaterskim wyst\u0105pieniami nie s\u0142ycha\u0107 nic o jakiej\u015b wsp\u00f3lnej ich odpowiedzi na bezprawie dziej\u0105ce si\u0119 pod p\u0142aszczykiem medycyny i nauki. Czy s\u0105 tak bardzo zastraszeni, czy sami uwa\u017caj\u0105 si\u0119 za bezradne pionki w tej wielkiej grze, czy mo\u017ce s\u0105 tak odm\u00f3\u017cd\u017ceni, \u017ce nawet nie zastanawiaj\u0105 si\u0119 nad inn\u0105 mo\u017cliwo\u015bci\u0105 ni\u017c podawana im TVNowsko-TVInformacyjna PAPka? Czy stan umys\u0142\u00f3w &#8211; i kszta\u0142cenia &#8211; polskich lekarzy naprawd\u0119 osiagn\u0105\u0142 takie dno, a ich stan moralny jest jakim\u015b sub-zerem?<\/p>\r\n<p>Kto\u015b b\u0119dzie t\u0142umaczy\u0142: no wiesz, przecie\u017c s\u0105 m\u0142odzi, maj\u0105 kredyty, chc\u0105 zrobi\u0107 karier\u0119&#8230; A czy ci lekarze w Belgii nie maj\u0105 kredyt\u00f3w?? A czy celem ma by\u0107 &#8222;zrobienie kariery&#8221; i stanie si\u0119 jednym z tych zacnych profesor\u00f3w, kt\u00f3rych jedynie sta\u0107 na opowiadanie farmazon\u00f3w o noszeniu maseczek i myciu r\u0105czek? Chyba tak&#8230;<\/p>\r\n<\/blockquote>\r\n<h4>\u00a0<\/h4>\r\n<hr style=\"background-color: #000000; border-width: 0; color: #000000; height: 2px; line-height: 0; text-align: center; width: 100%;\" \/>\r\n<h4>\u00a0<\/h4>","protected":false},"excerpt":{"rendered":"W li\u015bcie otwartym ponad 300 belgijskich lekarzy i 1100 pracownik\u00f3w s\u0142u\u017cby zdrowia wzywa sw\u00f3j rz\u0105d do natychmiastowego zaprzestania stosowania obostrze\u0144 i kwarantanny. S\u0105 one nieproporcjonalne i powoduj\u0105 wi\u0119cej szkody ni\u017c po\u017cytku. \u201eNie ma ju\u017c medycznego uzasadnienia dla tej polityki\u201d. Kilka wa\u017cnych fragment\u00f3w listu: Uwa\u017camy, \u017ce politycy wprowadzili wi\u0105\u017c\u0105ce \u015brodki, kt\u00f3re nie s\u0105 wystarczaj\u0105co uzasadnione naukowo [&hellip;]","protected":false},"author":1,"featured_media":0,"comment_status":"closed","ping_status":"closed","sticky":false,"template":"","format":"standard","meta":{"_acf_changed":false,"_monsterinsights_skip_tracking":false,"_monsterinsights_sitenote_active":false,"_monsterinsights_sitenote_note":"","_monsterinsights_sitenote_category":0,"ngg_post_thumbnail":0,"footnotes":"","_wp_rev_ctl_limit":""},"categories":[451,6],"tags":[250,433,20],"acf":[],"_links":{"self":[{"href":"https:\/\/www.bibula.com\/index.php?rest_route=\/wp\/v2\/posts\/118820"}],"collection":[{"href":"https:\/\/www.bibula.com\/index.php?rest_route=\/wp\/v2\/posts"}],"about":[{"href":"https:\/\/www.bibula.com\/index.php?rest_route=\/wp\/v2\/types\/post"}],"author":[{"embeddable":true,"href":"https:\/\/www.bibula.com\/index.php?rest_route=\/wp\/v2\/users\/1"}],"replies":[{"embeddable":true,"href":"https:\/\/www.bibula.com\/index.php?rest_route=%2Fwp%2Fv2%2Fcomments&post=118820"}],"version-history":[{"count":3,"href":"https:\/\/www.bibula.com\/index.php?rest_route=\/wp\/v2\/posts\/118820\/revisions"}],"predecessor-version":[{"id":118824,"href":"https:\/\/www.bibula.com\/index.php?rest_route=\/wp\/v2\/posts\/118820\/revisions\/118824"}],"wp:attachment":[{"href":"https:\/\/www.bibula.com\/index.php?rest_route=%2Fwp%2Fv2%2Fmedia&parent=118820"}],"wp:term":[{"taxonomy":"category","embeddable":true,"href":"https:\/\/www.bibula.com\/index.php?rest_route=%2Fwp%2Fv2%2Fcategories&post=118820"},{"taxonomy":"post_tag","embeddable":true,"href":"https:\/\/www.bibula.com\/index.php?rest_route=%2Fwp%2Fv2%2Ftags&post=118820"}],"curies":[{"name":"wp","href":"https:\/\/api.w.org\/{rel}","templated":true}]}}