{"id":1179,"date":"2007-09-06T00:00:00","date_gmt":"2007-09-06T00:00:00","guid":{"rendered":""},"modified":"2009-03-06T09:18:15","modified_gmt":"2009-03-06T14:18:15","slug":"obudnik-powszechny-maciej-eckardt","status":"publish","type":"post","link":"https:\/\/www.bibula.com\/?p=1179","title":{"rendered":"&#8222;Ob\u0142udnik Powszechny&#8221; &#8211; <em>Maciej Eckardt<\/em>"},"content":{"rendered":"<p>Nied\u017awiedzi\u0105 przys\u0142ug\u0119 uczyni\u0142 sam sobie krakowski \u201eTygodnik Powszechny\u201d publikuj\u0105c jako jedyny wyst\u0105pienie kardyna\u0142a Stanis\u0142awa Dziwisza na Radzie Sta\u0142ej Episkopatu Polski z dnia 25 sierpnia 2007 roku. Ten konsekwentnie heretyzuj\u0105cy od lat organ niewielkiej i wyfiokowanej cz\u0119\u015bci inteligencji katolickiej, przed kt\u00f3rym ostrzega\u0142 prymas Stefan Wyszy\u0144ski i do kt\u00f3rego s\u0142owa reprymendy s\u0142a\u0142 papie\u017c Jan Pawe\u0142 II, dopu\u015bci\u0142 si\u0119 rzeczy nies\u0142ychanej &#8211; naruszy\u0142 poufno\u015b\u0107 ostatnich obrad biskup\u00f3w polskich, kt\u00f3re to obrady ze wzgl\u0119du na ich temat i charakter wymaga\u0142y dyskrecji. Postawi\u0142 tym samym w niezwykle trudnym i k\u0142opotliwym po\u0142o\u017ceniu kolegium biskup\u00f3w, kt\u00f3re mia\u0142o prawo oczekiwa\u0107 od medi\u00f3w, zw\u0142aszcza katolickich (w przypadku \u201eTP\u201d s\u0142owo katolicki jest mocno na wyrost) uszanowania ich woli. Sta\u0142a si\u0119 wi\u0119c rzecz haniebna, nie pierwsza w historii \u201eTygodnika Powszechnego\u201d, polegajaca na tym, \u017ce \u015brodowisko to postanowi\u0142o po raz kolejny sta\u0107 si\u0119 g\u0142\u00f3wnym rozgrywaj\u0105cym w sprawach wewn\u0105trzko\u015bcielnych, co jest\u00a0ewidentn\u0105 uzurpacj\u0105, godn\u0105 PRL-owskiego Urz\u0119du<br \/>\r\n d\/s Wyzna\u0144. W przypadku organu, kt\u00f3rym kieruje po \u015bmierci Jerzego Turowicza sympatyczny sk\u0105din\u0105d ksi\u0105dz Boniecki, to jednak ju\u017c nie dziwi.<\/p>\r\n\r\n<p>Paradoksalnie, tabloidowa akcja \u201eTygodnika Powszechnego\u201d maj\u0105ca zaszkodzi\u0107 Radiu Maryja, tylko to radio wzmocni\u0142a. Pokaza\u0142a bowiem jego przeciwnik\u00f3w, jako ludzi gotowych \u0142ama\u0107 zasady dyskrecji i poufno\u015bci dla osi\u0105gni\u0119cia swoich partykularnych cel\u00f3w, ludzi, kt\u00f3rzy swoim pysznym i egoistycznym zachowaniem w\u00a0namacalny spos\u00f3b zaszkodzili Ko\u015bcio\u0142owi, co nie ujdzie zapewne uwadze Watykanu, kt\u00f3ry jest\u00a0wyj\u0105tkowo wyczulony na punkcie dyskrecji, zw\u0142aszcza, je\u015bli chodzi o upublicznianie spraw dotycz\u0105cych stosunk\u00f3w wewn\u0119trznych Ko\u015bcio\u0142a. \u201eTygodnik Powszechny\u201d\u00a0uczyni\u0142 tym\u00a0nied\u017awiedzi\u0105 przys\u0142ug\u0119\u00a0i postawi\u0142 w dwuznacznej sytuacji ci\u0105gle modnych i rozrywanych medialnie biskup\u00f3w &#8211;\u00a0Pieronka, \u0179yci\u0144skiego czy Goc\u0142owskiego, kt\u00f3rzy tak ochoczo komentowali klimat\u00a0spotkania biskup\u00f3w na Jasnej G\u00f3rze. Nie wiem, czy b\u0119d\u0105 z tego faktu zadowoleni, ale nie ma co ukrywa\u0107 &#8211; nikt ich nie zmusza\u0142 do paktowania z &#8222;Tygodnikiem Powszechnym\u201d, &#8222;Gazet\u0105 Wyborcz\u0105\u201d czy innym tabloidem.<\/p>\r\n\r\n<p>\u201eTygodnik Powszechny\u201d publikuj\u0105c wyst\u0105pienie kardyna\u0142a Dziwisza pokaza\u0142, \u017ce s\u0105 (jest?) w gronie biskup\u00f3w osoby (osoba?) niegodne zaufania, kt\u00f3re wynosz\u0105 na zewn\u0105trz tajemnice Ko\u015bcio\u0142a, byle wywrze\u0107 nacisk i przyspieszy\u0107 po\u017c\u0105dane dla siebie rozstrzygni\u0119cia. To smutna konstatacja, ale chyba nie zaskakuj\u0105ca. Nie jest bowiem \u017cadn\u0105 tajemnic\u0105, \u017ce w polskim Ko\u015bciele \u015bcieraj\u0105 si\u0119 r\u00f3\u017cne wizje dotycz\u0105ce przysz\u0142o\u015bci polskiego katolicyzmu. To naturalne i oczywiste, bo Ko\u015bci\u00f3\u0142 jest przestrzeni\u0105 wolno\u015bci, w kt\u00f3rej r\u00f3\u017cnice zda\u0144 s\u0105 rzecz\u0105 normaln\u0105, a\u00a0nawet po\u017c\u0105dan\u0105. Bo Ko\u015bci\u00f3\u0142 to \u017cywe cia\u0142o, w kt\u00f3rym mieszcz\u0105 si\u0119 zar\u00f3wno s\u0142uchacze Radia Maryja i kieruj\u0105cy nim ojcowie Redemptory\u015bci z Torunia, jak r\u00f3wnie\u017c\u00a0czytelnicy \u201eTygodnika Powszechnego\u201d i pisuj\u0105cy\u00a0dla nich post\u0119powi\u00a0ksi\u0119\u017ca redaktorzy. Ko\u015bci\u00f3\u0142 pod tym wzgl\u0119dem jest pojemny. Ale wymaga\u0107 od nich wszystkich trzeba &#8211;\u00a0bior\u0105c pod uwag\u0119\u00a0dziel\u0105ce ich\u00a0pogl\u0105dy na \u015bwiat i\u00a0polityk\u0119 &#8211;\u00a0by\u00a0we wzajemnych sporach zachowywali elementarn\u0105 roztropno\u015b\u0107 w stosunku do Ko\u015bcio\u0142a, w tym przypadku nie chlapania j\u0119zorem o tym, co si\u0119 dzieje za murami Jasnej G\u00f3ry, skoro oczekiwali tego biskupi.<\/p>\r\n\r\n<p>Tego podstawowego standardu nie dotrzyma\u0142 \u201eTygodnik Powszechny\u201d, kt\u00f3ry po kapita\u0142owym oddaniu si\u0119 w zach\u0142anne r\u0119ce imperium Mariusza Waltera i jego holdingu ITI, wyra\u017anie pop\u0142yn\u0105\u0142 w kierunku bulwarowym. Na szcz\u0119\u015bcie jest jeszcze konfesjona\u0142, z kt\u00f3rego zapewne ksi\u0105dz Adam Boniecki regularnie korzysta, a jako redaktor naczelny paplaj\u0105cego na prawo i lewo (g\u0142\u00f3wnie jednak na lewo) tygodnika dla spokojno\u015bci\u00a0swojego sumienia skorzysta nawet rych\u0142o. I miejmy nadziej\u0119, \u017ce tre\u015b\u0107 tej spowiedzi nie przedostanie si\u0119 w cudowny spos\u00f3b na \u0142amy jakiegokolwiek tygodnika, zw\u0142aszcza katolickiego, jak mia\u0142o to miejsce w przypadku poufnego wyst\u0105pienia kardyna\u0142a Stanis\u0142awa Dziwisza i nie dowiemy si\u0119 nagle z\u00a0tak zwanego &#8222;dobrze poinformowanego \u017ar\u00f3d\u0142a\u201d w konfesjonale, kt\u00f3ry to biskup tak\u00a0r\u0105czo doni\u00f3s\u0142 w sprawie, w kt\u00f3rej powinien milcze\u0107 jak gr\u00f3b.<\/p>\r\n\r\n<p>Wymown\u0105 <em>point\u0105<\/em> afery wywo\u0142anej przez \u201eTygodnik Powszechny\u201d jest bezprecedensowe o\u015bwiadczenie Sekretarza Generalnego Konferencji\u00a0Episkopatu, kt\u00f3re wyra\u017anie pokazuje, jak wielk\u0105 szkod\u0119 Ko\u015bcio\u0142owi\u00a0wyrz\u0105dzili ci, z kt\u00f3rych ust nie schodz\u0105 s\u0142owa o Ko\u015bciele tolerancji, dialogu i otwarto\u015bci. C\u00f3\u017c, s\u0142owa tak ma\u0142o kosztuj\u0105.<\/p>\r\n\r\n<p><em><strong>O\u015bwiadczenie Sekretarza Generalnego Konferencji Episkopatu<\/strong><\/em><\/p>\r\n\r\n<p><em>W dniu 25 sierpnia 2007 r. na Jasnej G\u00f3rze obradowa\u0142a Rada Sta\u0142a Konferencji Episkopatu Polski, poszerzona o biskup\u00f3w diecezjalnych.<\/em><\/p>\r\n\r\n<p><em>W\u015br\u00f3d wielu temat\u00f3w biskupi przeprowadzili powa\u017cn\u0105 i merytoryczn\u0105 dyskusj\u0119 nad rol\u0105 Radia Maryja i zwi\u0105zanych z nim instytucji w kontek\u015bcie misji ewangelizacyjnej Ko\u015bcio\u0142a w Polsce. Biskupi podj\u0119li ten temat w poczuciu odpowiedzialno\u015bci za ca\u0142o\u015b\u0107 dzia\u0142alno\u015bci duszpasterskiej, w trosce o<br \/>\r\n jedno\u015b\u0107 wsp\u00f3lnoty ko\u015bcielnej odnosz\u0105c si\u0119 z uznaniem do misji ewangelizacyjnej \u015brodowiska Radia Maryja.<\/em><\/p>\r\n\r\n<p><em>Biskupi diecezjalni troszcz\u0105c si\u0119 o jedno\u015b\u0107 polskiego Ko\u015bcio\u0142a zaaprobowali wi\u0119kszo\u015bci\u0105 g\u0142os\u00f3w propozycj\u0119, kt\u00f3ra powinna w przysz\u0142o\u015bci przyczyni\u0107 si\u0119 do uzdrowienia sytuacji wok\u00f3\u0142 Radia Maryja.<\/em><\/p>\r\n\r\n<p><em>Wyst\u0105pienie Kardyna\u0142a Stanis\u0142awa Dziwisza <\/em><strong><em><span>wyg\u0142oszone podczas spotkania biskup\u00f3w na Jasnej G\u00f3rze zosta\u0142o upublicznione z naruszeniem dyskrecji nale\u017cnej obradom Episkopatu<\/span><\/em><\/strong><em><span>. Dyskusja wok\u00f3\u0142 wy\u017cej cytowanego wyst\u0105pienia jest nieuzasadniona i mo\u017ce sprowokowa\u0107 nies\u0142uszne przeciwstawienie stanowisk.<\/span><\/em><\/p>\r\n\r\n<p><em><span lang=\"PL\">+ Stanis\u0142aw Budzik, Sekretarz Generalny Konferencji<br \/>\r\n Episkopatu Polski<\/span><\/em><\/p>\r\n\r\n<p><em><span lang=\"PL\">Warszawa, 5. 09. 2007 r.<\/span><\/em><\/p>\r\n\r\n<p>Polecam r\u00f3wnie\u017c interesuj\u0105cy wywiad w tej sprawie z\u00a0arcybiskupem J\u00f3zefem Michalikiem pod\u00a0znamiennym tytu\u0142em &#8211; <a href=\"http:\/\/www.dziennik.pl\/Default.aspx?TabId=14&amp;ShowArticleId=59117\" target=\"_blank\">&#8222;Nie ma problemu Radia Maryja\u201d<\/a>.<\/p>\r\n\r\n<p><br class=\"spacer_\" \/><\/p>\r\n\r\n<p><strong><em>Maciej Eckardt<\/em><\/strong><\/p>\r\n\r\n<p><br class=\"spacer_\" \/><\/p>","protected":false},"excerpt":{"rendered":"Nied\u017awiedzi\u0105 przys\u0142ug\u0119 uczyni\u0142 sam sobie krakowski \u201eTygodnik Powszechny\u201d publikuj\u0105c jako jedyny wyst\u0105pienie kardyna\u0142a Stanis\u0142awa Dziwisza na Radzie Sta\u0142ej Episkopatu Polski z dnia 25 sierpnia 2007 roku. Ten konsekwentnie heretyzuj\u0105cy od lat organ niewielkiej i wyfiokowanej cz\u0119\u015bci inteligencji katolickiej, przed kt\u00f3rym ostrzega\u0142 prymas Stefan Wyszy\u0144ski i do kt\u00f3rego s\u0142owa reprymendy s\u0142a\u0142 papie\u017c Jan Pawe\u0142 II, dopu\u015bci\u0142 [&hellip;]","protected":false},"author":1,"featured_media":0,"comment_status":"closed","ping_status":"open","sticky":false,"template":"","format":"standard","meta":{"_acf_changed":false,"_monsterinsights_skip_tracking":false,"ngg_post_thumbnail":0,"footnotes":"","_wp_rev_ctl_limit":""},"categories":[9],"tags":[83],"acf":[],"_links":{"self":[{"href":"https:\/\/www.bibula.com\/index.php?rest_route=\/wp\/v2\/posts\/1179"}],"collection":[{"href":"https:\/\/www.bibula.com\/index.php?rest_route=\/wp\/v2\/posts"}],"about":[{"href":"https:\/\/www.bibula.com\/index.php?rest_route=\/wp\/v2\/types\/post"}],"author":[{"embeddable":true,"href":"https:\/\/www.bibula.com\/index.php?rest_route=\/wp\/v2\/users\/1"}],"replies":[{"embeddable":true,"href":"https:\/\/www.bibula.com\/index.php?rest_route=%2Fwp%2Fv2%2Fcomments&post=1179"}],"version-history":[{"count":0,"href":"https:\/\/www.bibula.com\/index.php?rest_route=\/wp\/v2\/posts\/1179\/revisions"}],"wp:attachment":[{"href":"https:\/\/www.bibula.com\/index.php?rest_route=%2Fwp%2Fv2%2Fmedia&parent=1179"}],"wp:term":[{"taxonomy":"category","embeddable":true,"href":"https:\/\/www.bibula.com\/index.php?rest_route=%2Fwp%2Fv2%2Fcategories&post=1179"},{"taxonomy":"post_tag","embeddable":true,"href":"https:\/\/www.bibula.com\/index.php?rest_route=%2Fwp%2Fv2%2Ftags&post=1179"}],"curies":[{"name":"wp","href":"https:\/\/api.w.org\/{rel}","templated":true}]}}