{"id":11775,"date":"2009-07-27T16:10:25","date_gmt":"2009-07-27T21:10:25","guid":{"rendered":"http:\/\/www.bibula.com\/?p=11775"},"modified":"2009-07-27T16:17:58","modified_gmt":"2009-07-27T21:17:58","slug":"niemcy-komitet-zydowski-zamierza-wprowadzic-cenzure-w-ksiegarniach-internetowych","status":"publish","type":"post","link":"https:\/\/www.bibula.com\/?p=11775","title":{"rendered":"Niemcy: Komitet \u017bydowski zamierza wprowadzi\u0107 cenzur\u0119 w ksi\u0119garniach internetowych"},"content":{"rendered":"<p>Oddzia\u0142 berli\u0144ski Ameryka\u0144skiego Komitetu \u017bydowskiego z\u0142o\u017cy\u0142 do prokuratury wniosek o wszcz\u0119cie post\u0119powania przeciwko firmie Amazon.de maj\u0105cej, wed\u0142ug \u017cydowskich cenzor\u00f3w, \u0142ama\u0107 prawo niemieckie zabraniaj\u0105ce rozprowadzania materia\u0142\u00f3w &#8222;neguj\u0105cych Holokaust&#8221;.<\/p>\r\n\r\n<p>&#8222;Nie wolno nam pozwoli\u0107 na to, aby prawo przeciwko negowaniu Holokaustu oraz przeciwko nienawi\u015bci w Niemczech by\u0142o pomniejszane przez rozw\u00f3j firm internetowych online&#8221; &#8211; stwierdza dyrektor <em>American Jewish Commitee-Berlin<\/em>, Deidre Berger.<\/p>\r\n\r\n<p>W odpowiedzi na zapytanie agencji prasowej AP,  Christine Hoeger, rzecznik oddzia\u0142u niemieckiego ameryka\u0144skiej firmy Amazon.com napisa\u0142a, \u017ce firma sprawdzi nades\u0142an\u0105 przez \u017cydowsk\u0105 organizacj\u0119 list\u0119 ksi\u0105\u017cek maj\u0105cych by\u0107 usuni\u0119tych ze sprzeda\u017cy, jakkolwiek zapyta\u0142a si\u0119 ona retorycznie: &#8222;Czy Amazon, tak jak ka\u017cdy inny sprzedawca ksi\u0105\u017cek, powinien decydowa\u0107 o tym jakie ksi\u0105\u017cki niemiecki czytelnik ma prawo czyta\u0107?&#8221;<\/p>\r\n\r\n<p>&#8222;Amazon jest sprzedawc\u0105 ksi\u0105\u017cek a nie instytucj\u0105 reguluj\u0105c\u0105 i w naszej opinii tre\u015b\u0107 medi\u00f3w [ksi\u0105\u017cek, CD], nie powinna by\u0107 oceniana przez prywatne instytucje biznesowe nie posiadaj\u0105ce ani kompetencji ani znajomo\u015bci w tej dziedzinie.&#8221; &#8211; doda\u0142a rzecznik.<\/p>\r\n\r\n<p>\u017bydowska organizacja zaprotestowa\u0142a przeciwko mo\u017cliwo\u015bci kupienia ksi\u0105\u017cki pt &#8222;Mit Auschwitz&#8221; (<em>The Auschwitz Myth<\/em>), pi\u00f3ra Wilhelma Staeglicha oraz prac Germara Rudolfa, skazanego na wiele lat wi\u0119zienia za &#8222;negowanie Holokaustu&#8221; doktoranta chemii, kt\u00f3ry zaj\u0105\u0142 si\u0119 szczeg\u00f3\u0142owo analiz\u0105 fizykochemiczn\u0105 mo\u017cliwo\u015bci stosowania tzw. kom\u00f3r gazowych do masowego u\u015bmiercania ludzi. Rudolf zwolniony zosta\u0142 z wi\u0119zienia 4 lipca br. po odbyciu 30-miesi\u0119cznego wyroku wi\u0119zienia.<\/p>\r\n\r\n<p>Zapytany w rozmowie telefonicznej cz\u0142onek \u017cydowskiego komitetu <em>AJC<\/em>, Benjamin Schoeler powiedzia\u0142, \u017ce celem za\u017calenia jest spowodowanie aby firma Amazon przyjrza\u0142a si\u0119 oferowanym ksi\u0105\u017ckom i &#8222;usun\u0119\u0142a te pozycje, kt\u00f3re promuj\u0105 negowanie Holokaustu oraz antysemityzm&#8221;. Pan Schoeler nie uzupe\u0142ni\u0142 wed\u0142ug jakich kryteri\u00f3w nale\u017cy ocenia\u0107 tzw. antysemityzm i czy w rezultacie &#8222;ekspertami&#8221; do oceny rozprowadzanych ksi\u0105\u017cek nie zostan\u0105 \u017bydzi szukaj\u0105cy &#8222;antysemickich spisk\u00f3w&#8221; w jakiejkolwiek wypowiedzi o \u017bydach b\u0105d\u017a pa\u0144stwie Izrael.<\/p>\r\n\r\n<p>Co wa\u017cne, ksi\u0105\u017cki oferowane poprzez firm\u0119 internetow\u0105 Amazon.de znajduj\u0105 si\u0119 nie na sk\u0142adzie tej firmy, lecz u tysi\u0119cy prywatnych ksi\u0119garzy, kt\u00f3rzy w ten spos\u00f3b znajduj\u0105 mo\u017cliwo\u015b\u0107 znalezienia kupca, zatem wprowadzenie cenzury w firmie Amazon skutkowa\u0107 b\u0119dzie <em>de facto<\/em> niemal ca\u0142kowitym zamkni\u0119ciem czytelnikowi dost\u0119pu do niekt\u00f3rych ksi\u0105\u017cek.<\/p>\r\n\r\n<p>Ksi\u0105\u017cki maj\u0105ce podlega\u0107 cenzurze w Niemczech s\u0105 swobodnie dost\u0119pne w internetowych ksi\u0119garniach innych pa\u0144stw, np. w Stanach Zjednoczonych. W dobie globalizacji i mi\u0119dzynarodowych transakcji handlowych, wprowadzenie skutecznego zakazu sprzeda\u017cy w jednym kraju mo\u017ce spowodowa\u0107 lawinowy efekt powszechenego zakazu sprzeda\u017cy, niewygodnych dla niekt\u00f3rych \u015brodowisk ksi\u0105\u017cek w innych krajach.<\/p>\r\n\r\n<p>Utworzony w 1906 roku <strong>Ameryka\u0144ski Komitet \u017bydowski<\/strong> przyczyni\u0142 si\u0119 do wielu akcji cenzuruj\u0105cych swobod\u0119 wypowiedzi, szczeg\u00f3lnie w odniesieniu do jakiejkolwiek krytyki pa\u0144stwa Izrael oraz rasistowskiej ideologii syjonistycznej. Od pocz\u0105tku swego istnienia d\u0105\u017cy r\u00f3wnie\u017c do pomniejszenia roli Ko\u015bcio\u0142a katolickiego uczestnicz\u0105c i steruj\u0105c  tzw. dialogiem ekumenicznym i mi\u0119dzyreligijnym. Bezpo\u015brednie dzia\u0142ania oraz zakulisowe naciski spowodowa\u0142y utworzenie podczas Soboru Watyka\u0144skiego II rewolucyjnej Deklaracji &#8222;O stosunku Ko\u015bcio\u0142a do religii niechrze\u015bcija\u0144skich <em>Nostra aetate<\/em>&#8222;. Ameryka\u0144ski Komitet \u017bydowski chlubi si\u0119 swoj\u0105 rol\u0105 w stworzeniu tej Deklaracji, kt\u00f3ra jest dzieckiem m.in. kardyna\u0142a Agostino Bea, dzia\u0142aj\u0105cego jako \u017cydowski \u0142\u0105cznik i odwiedzaj\u0105cy siedzib\u0119 \u017cydowskiego komitetu <em>AJC<\/em> w Nowym Jorku podczas prowadzenia prac nad Deklaracj\u0105.<\/p>\r\n\r\n<p><br class=\"spacer_\" \/><\/p>\r\n\r\n\r\n<blockquote><p align=\"left\">FAKTY <em>BIBU\u0141Y<\/em>:<\/p>\r\n\r\n\r\n<div>\r\n<div><p align=\"left\"><strong>Germar Rudolf <\/strong>(ur. 29 pa\u017adziernika 1964 roku w Limburg an der Lahn), niemiecki chemik, doktorant, znany z pracy naukowej nad zagadnieniami Holokaustu.<\/p>\r\n\r\n<p align=\"left\"><img decoding=\"async\" style=\"margin: 10px;\" src=\"http:\/\/www.germarrudolf.com\/pics\/2ss.jpg\" alt=\"\" width=\"100\" align=\"left\" \/> Rudolf studiowa\u0142 chemi\u0119 w latach 1983-1989 na Uniwerstytecie w Bonn. Uko\u0144czy\u0142 studia z najwi\u0119kszym wyr\u00f3\u017cnieniem <em>summa cum laude<\/em> i uzyska\u0142 tytu\u0142 dyplomowanego chemika (<em>Dipl.-Chem.<\/em>). W latach 1989-1990 odby\u0142 s\u0142u\u017cb\u0119 wojskow\u0105 w niemieckich si\u0142ach powietrznych. Podczas pisania pracy doktorskiej pracowa\u0142 w latach 1990-1993 jako chemik w renomowanym Instytucie Plancka w Stuttgarcie (<em>Max-Planck-Institut f\u00fcr Festk\u00f6rperforschung<\/em> &#8211; ang.<em> Max Planck Institute for Solid State Physics<\/em>). W tym czasie zainteresowa\u0142 si\u0119 opracowaniem znanym jako Raport Leuchtera (<em>Leuchter Report<\/em>), kt\u00f3ry ukazuje wyniki bada\u0144 specjalisty od kom\u00f3r gazowych stosowanych w ameryka\u0144skich wi\u0119zieniach, in\u017cyniera Freda Leuchtera, nad zagadnieniem masowego u\u015bmiercania ludzi w obozach koncentracyjnych w Auschwitz, Birkenau i Majdanek. Widz\u0105c niedokona\u0142o\u015bci stworzonego w 1988 roku Raportu Leuchtera, Rudolf zaj\u0105\u0142 si\u0119 zagadnieniem i opracowa\u0142 naukow\u0105 interpretacj\u0119, kt\u00f3r\u0105 opublikowa\u0142 w styczniu 1992 roku pod tytu\u0142em: &#8222;Techniczny Raport dotycz\u0105cy tworzenia si\u0119 i mo\u017cliwo\u015bci detekcji zwi\u0105zk\u00f3w cyjanowych w &#8222;komorach gazowych w Auschwitz\u201d&#8221;. Publikacja ta znana jest jako Raport Rudolfa. Sta\u0142a si\u0119 ona podwalin\u0105 do kilkusetstronicowej ksi\u0105\u017cki <em>Dissecting the Holocaust <\/em>(Dyssekcja, szczeg\u00f3\u0142owa analiza Holokaustu).<\/p>\r\n\r\n<p align=\"left\">Pomimo wystawienia przez promotora pracy doktorskiej doskona\u0142ej oceny, Uniwersytet w Stuttgarcie wycofa\u0142 w 1993 roku stypendium, co spowodowa\u0142o niedopuszczenie do obrony pracy doktorskiej. Pod naciskiem \u015brodowiska \u017cydowskiego, Rudolf zosta\u0142 r\u00f3wnie\u017c wydalony z pracy w Instytucie Plancka.<\/p>\r\n\r\n<p align=\"left\">W latach 1993-1995 policja niemiecka przeprowadzi\u0142a kilka rewizji mieszkania Rudolfa. W dw\u00f3ch przypadkach rodzina Rudolfa zosta\u0142a wyrzucona z zajmowanego mieszkania, za ka\u017cdym razem w czasie gdy \u017cona Rudolfa by\u0142a w ci\u0105\u017cy. Mal\u017ce\u0144stwo Rudolfa nie wytrzyma\u0142o pr\u00f3by i rozpad\u0142o si\u0119.<\/p>\r\n\r\n<p align=\"left\">W 1994 roku s\u0105d w Stuttgarcie skaza\u0142 Rudolfa na kar\u0119 14 miesi\u0119cy wi\u0119zienia, 30 tysi\u0119cy marek, zakaza\u0142 rozprowadzania wydawanych przez Rudolfa publikacji i rozporz\u0105dzi\u0142 spalenie wszystkich kopii Raportu Rudolfa. Okre\u015bli\u0142 go r\u00f3wnie\u017c jako &#8222;antysemit\u0119, fanatycznie oddanego sprawie zaprzeczania Holokaustu\u201d. Chc\u0105c unikn\u0105\u0107 odsiadywania wyroku jako wi\u0119zie\u0144 polityczny, Rudolf zbieg\u0142 w 1996 roku z Niemiec do Hiszpanii, Wielkiej Brytanii, a p\u00f3\u017aniej do Stan\u00f3w Zjednoczonych.<\/p>\r\n\r\n<p align=\"left\">W Stanach Zjedczonych, Rudolf rozwin\u0105\u0142 dzia\u0142alno\u015b\u0107 za\u0142o\u017conego w Anglii wydawnictwa <em>Castle Hill Publishers<\/em>, kt\u00f3re od 2003 do 2005 roku w formie drukowanej wydawa\u0142o obszerny kwartalnik &#8222;Rewizjonista\u201d (<em>The Revisionist<\/em>) (ISSN: 1542-376X).<\/p>\r\n\r\n<p align=\"left\">Przebywaj\u0105c w Stanach Zjednoczonych, Rudolf o\u017ceni\u0142 si\u0119 ponownie. Jako m\u0105\u017c obywatelki Stan\u00f3w Zjednoczonych, wni\u00f3s\u0142 11 wrze\u015bnia 2004 roku w Chicago podanie o azyl polityczny. 19 pa\u017adziernika 2005 roku, podczas trwania procesu o azyl, Rudolf zosta\u0142 aresztowany przez ameryka\u0144skie s\u0142u\u017cby imigracyjne i 15 listopada 2005 roku deportowany do Niemiec. Aresztowany na lotnisku przez policj\u0119 niemieck\u0105, zosta\u0142 osadzony w jednoosobowej celi w wi\u0119zieniu w Badeni-Wirtembergii.<\/p>\r\n\r\n<p align=\"left\">W mi\u0119dzyczasie, w roku 1996 oraz w roku 2004 Rudolf zosta\u0142 zaocznie skazany przez s\u0105dy niemieckie, a wyrok s\u0105du w Mannheim z sierpnia 2004 roku przej\u0105\u0142 ca\u0142e bankowe konto Germara Rudolfa i jego wydawnictwa <em>Castle Hill Publishers<\/em>.<\/p>\r\n\r\n<p align=\"left\">14 listopada 2006  przed s\u0105dem w Mannheim rozpocz\u0105\u0142 si\u0119 proces przeciwko Germarowi Rudolfowi.<\/p>\r\n\r\n<p align=\"left\">Wyrokiem s\u0105du w Mannheim, Germar Rudolf zosta\u0142 15 marca 2007 roku skazany na 30 miesi\u0119cy pozbawienia wolno\u015bci. Wi\u0119kszo\u015b\u0107 wyroku odby\u0142 osadzony w jednoosobowej celi.<\/p>\r\n\r\n<p align=\"left\">4 lipca 2009 roku zosta\u0142 zwolniony z wi\u0119zienia w Mannheim.\r\n<\/div>\r\n<\/blockquote>\r\n\r\n\r\n<p align=\"left\">\u00a0<\/p>\r\n\r\n\r\n<blockquote><p><strong>ZOB. R\u00d3WNIE\u017b:<\/strong><\/p>\r\n\r\n\r\n<ul>\r\n\t\t<li> <a title=\" Austria: 6 i p\u00f3\u0142 roku wi\u0119zienia za \"negowanie Holokaustu\u201d\" rel=\"bookmark\" href=\"..\/..\/?p=4579\">Holocaust to mit? &#8211; <em>Dariusz Ratajczak<\/em><\/a> <\/li>\r\n\t\t<li> <a title=\" Ameryka\u0144ski Komitet \u017bydowski cenzuruje encyklopedi\u0119\" rel=\"bookmark\" href=\"..\/..\/?p=2594\">Austria: 6 i p\u00f3\u0142 roku wi\u0119zienia za &#8222;negowanie Holokaustu\u201d<\/a><\/li>\r\n\t\t<li><a title=\" Ameryka\u0144ski Komitet \u017bydowski cenzuruje encyklopedi\u0119\" rel=\"bookmark\" href=\"..\/..\/?p=2594\">Ameryka\u0144ski Komitet \u017bydowski cenzuruje encyklopedi\u0119<\/a><\/li>\r\n\t\t<li><a title=\" Norwegia: Si\u0142y \"walcz\u0105ce o wolno\u015b\u0107 wypowiedzi\" cofn\u0119\u0142y zaproszenie dla Davida Irvinga\" rel=\"bookmark\" href=\"..\/..\/?p=2593\">Norwegia: Si\u0142y &#8222;walcz\u0105ce o wolno\u015b\u0107 wypowiedzi\u201d cofn\u0119\u0142y zaproszenie dla Davida Irvinga<\/a><\/li>\r\n\t\t<li><a title=\" Massachusetts: S\u0105d odrzuci\u0142 wniosek o odszkodowanie za wymy\u015blone \"pami\u0119tniki czas\u00f3w Holokaustu\"\" rel=\"bookmark\" href=\"..\/..\/?p=2592\">Massachusetts: S\u0105d odrzuci\u0142 wniosek o odszkodowanie za wymy\u015blone &#8222;pami\u0119tniki czas\u00f3w Holokaustu\u201d<\/a><\/li>\r\n\t\t<li><a title=\" Prawda szokuje (niekt\u00f3rych)\" rel=\"bookmark\" href=\"..\/..\/?p=2555\">Prawda szokuje (niekt\u00f3rych)<\/a><\/li>\r\n\t\t<li><a title=\" Filadelfia: Obowi\u0105zkowe \"lekcje o Holokau\u015bcie\" dla policjant\u00f3w\" rel=\"bookmark\" href=\"..\/..\/?p=2290\">Filadelfia: Obowi\u0105zkowe &#8222;lekcje o Holokau\u015bcie\u201d dla policjant\u00f3w<\/a><\/li>\r\n\t\t<li><a title=\" Australia: Wezwania do \"obowi\u0105zkowej nauki o Holokau\u015bcie\"\" rel=\"bookmark\" href=\"..\/..\/?p=2249\">Australia: Wezwania do &#8222;obowi\u0105zkowej nauki o Holokau\u015bcie\u201d<\/a><\/li>\r\n\t\t<li><a title=\" Pod naciskiem grup \u017cydowskich, Wydzia\u0142 Psychologii &lt;em&gt;Cal State&lt;\/em&gt; probuje zdystansowa\u0107 si\u0119 od \"antysemickich pogl\u0105d\u00f3w\" prof. Kevina MacDonalda\" rel=\"bookmark\" href=\"..\/..\/?p=1692\">Pod naciskiem grup \u017cydowskich, Wydzia\u0142 Psychologii <em>Cal State<\/em> probuje zdystansowa\u0107 si\u0119 od &#8222;antysemickich pogl\u0105d\u00f3w\u201d prof. Kevina MacDonalda<\/a><\/li>\r\n\t\t<li><a title=\" Niemcy: Po skazaniu Ernsta Zuendela za \"negowanie Holokaustu\", s\u0105d skaza\u0142 jego adwokata\" rel=\"bookmark\" href=\"..\/..\/?p=1584\">Niemcy: Po skazaniu Ernsta Zuendela za &#8222;negowanie Holokaustu\u201d, s\u0105d skaza\u0142 jego adwokata<\/a><\/li>\r\n\t\t<li><a title=\" Grecki historyk skazany na 14 miesi\u0119cy wi\u0119zienia za \"negowanie Holokaustu\"\" rel=\"bookmark\" href=\"..\/..\/?p=1464\">Grecki historyk skazany na 14 miesi\u0119cy wi\u0119zienia za &#8222;negowanie Holokaustu\u201d<\/a><\/li>\r\n\t\t<li><a title=\" Austria: Kolejna osoba skazana za \"negowanie Holokaustu\"\" rel=\"bookmark\" href=\"..\/..\/?p=1429\">Austria: Kolejna osoba skazana za &#8222;negowanie Holokaustu\u201d<\/a><\/li>\r\n\t\t<li><a title=\" Organizacje \u017cydowskie \u017c\u0105daj\u0105 od rz\u0105du Danii cofni\u0119cia grantu przyznanego historykowi \"neguj\u0105cemu Holokaust\"\" rel=\"bookmark\" href=\"..\/..\/?p=1122\">Organizacje \u017cydowskie \u017c\u0105daj\u0105 od rz\u0105du Danii cofni\u0119cia grantu przyznanego historykowi &#8222;neguj\u0105cemu Holokaust\u201d<\/a><\/li>\r\n\t\t<li><a title=\" Wi\u0119zie\u0144 polityczny Germar Rudolf trafi do wi\u0119zienia o zaostrzonym rygorze\" rel=\"bookmark\" href=\"..\/..\/?p=1070\">Wi\u0119zie\u0144 polityczny Germar Rudolf trafi do wi\u0119zienia o zaostrzonym rygorze<\/a><\/li>\r\n\t\t<li><a href=\"..\/..\/?p=00873\">David Irving: &#8222;W Auschwitz nie by\u0142o kom\u00f3r gazowych\u201d<\/a><\/li>\r\n\t\t<li><a href=\"..\/..\/?p=00886\">Obowi\u0105zkowe &#8222;nauczanie o Holokau\u015bcie\u201d w szko\u0142ach stanu Indiana<\/a><\/li>\r\n\t\t<li><a href=\"..\/..\/?p=00877\">W\u0142oski rz\u0105d przyj\u0105\u0142 ustaw\u0119 penalizuj\u0105c\u0105 tzw. negowanie Holokaustu<\/a><\/li>\r\n\t\t<li><a href=\"..\/..\/?p=00857\">Unia Europejska zamierza wprowadzi\u0107 powszechny zakaz tzw. negowania Holokaustu<\/a> <\/li>\r\n\t\t<li><a href=\"..\/..\/?p=00726\">Rozpocz\u0105\u0142 si\u0119 proces Germara Rudolfa z okar\u017cenia o &#8222;negowanie Holokaustu\u201d<\/a><\/li>\r\n\t\t<li><a href=\"..\/..\/?p=00672\">Szwajcarski minister sprawiedliwo\u015bci rozwa\u017ca depenalizacj\u0119 tzw. k\u0142amstwa o\u015bwi\u0119cimskiego<\/a><\/li>\r\n\t\t<li><a href=\"..\/..\/?p=00691\">Aresztowanie hiszpa\u0144skiego historyka oskar\u017conego o &#8222;negowanie Holokaustu\u201d<\/a><\/li>\r\n\t\t<li><a href=\"..\/..\/?p=00615\">S\u0105d francuski skaza\u0142 R. Faurissona za &#8222;k\u0142amstwo o\u015bwi\u0119cimskie\u201d<\/a><\/li>\r\n\t\t<li><a href=\"..\/..\/?p=00437\">Holanda kolejnym krajem \u015bcigaj\u0105cym &#8222;k\u0142amstwo o\u015bwi\u0119cimskie\u201d ?<\/a><\/li>\r\n\t\t<li><a href=\"..\/..\/?p=00568\">S\u0105d Najwy\u017cszy odrzuca odwo\u0142anie Davida Irvinga<\/a><\/li>\r\n\t\t<li><a href=\"..\/..\/?p=00469\">Tomasz Winnicki skazany przez s\u0105d kanadyjski na 9 miesi\u0119cy wi\u0119zienia<\/a><\/li>\r\n\t\t<li><a href=\"..\/..\/?p=00107\">S\u0105d skaza\u0142 Davida Irvinga na 3 lata wi\u0119zienia<\/a><\/li>\r\n\t\t<li><a href=\"..\/..\/?p=00059\">Socjalistyczna Unia   Europejska wi\u0119zi niewygodnych dzia\u0142aczy i naukowc\u00f3w<\/a><\/li>\r\n\t\t<li><a href=\"http:\/\/www.ryszardbender.pl\/publikacje\/2000\/nasz_dziennik_72.html\" target=\"_blank\">List prof. Ryszarda Bendera z 2000 roku, zawieraj\u0105cy opini\u0119 o tzw. k\u0142amstwie o\u015bwi\u0119cimskim &#8211; <em>Nasz Dziennik Nr 72, 25-26.03.2000<\/em><\/a><\/li>\r\n<\/ul>\r\n<\/blockquote>","protected":false},"excerpt":{"rendered":"Oddzia\u0142 berli\u0144ski Ameryka\u0144skiego Komitetu \u017bydowskiego z\u0142o\u017cy\u0142 do prokuratury wniosek o wszcz\u0119cie post\u0119powania przeciwko firmie Amazon.de maj\u0105cej, wed\u0142ug \u017cydowskich cenzor\u00f3w, \u0142ama\u0107 prawo niemieckie zabraniaj\u0105ce rozprowadzania materia\u0142\u00f3w &#8222;neguj\u0105cych Holokaust&#8221;. &#8222;Nie wolno nam pozwoli\u0107 na to, aby prawo przeciwko negowaniu Holokaustu oraz przeciwko nienawi\u015bci w Niemczech by\u0142o pomniejszane przez rozw\u00f3j firm internetowych online&#8221; &#8211; stwierdza dyrektor American Jewish [&hellip;]","protected":false},"author":1,"featured_media":0,"comment_status":"closed","ping_status":"closed","sticky":false,"template":"","format":"standard","meta":{"_acf_changed":false,"_monsterinsights_skip_tracking":false,"_monsterinsights_sitenote_active":false,"_monsterinsights_sitenote_note":"","_monsterinsights_sitenote_category":0,"ngg_post_thumbnail":0,"footnotes":"","_wp_rev_ctl_limit":""},"categories":[6],"tags":[16,22,53,67],"acf":[],"_links":{"self":[{"href":"https:\/\/www.bibula.com\/index.php?rest_route=\/wp\/v2\/posts\/11775"}],"collection":[{"href":"https:\/\/www.bibula.com\/index.php?rest_route=\/wp\/v2\/posts"}],"about":[{"href":"https:\/\/www.bibula.com\/index.php?rest_route=\/wp\/v2\/types\/post"}],"author":[{"embeddable":true,"href":"https:\/\/www.bibula.com\/index.php?rest_route=\/wp\/v2\/users\/1"}],"replies":[{"embeddable":true,"href":"https:\/\/www.bibula.com\/index.php?rest_route=%2Fwp%2Fv2%2Fcomments&post=11775"}],"version-history":[{"count":0,"href":"https:\/\/www.bibula.com\/index.php?rest_route=\/wp\/v2\/posts\/11775\/revisions"}],"wp:attachment":[{"href":"https:\/\/www.bibula.com\/index.php?rest_route=%2Fwp%2Fv2%2Fmedia&parent=11775"}],"wp:term":[{"taxonomy":"category","embeddable":true,"href":"https:\/\/www.bibula.com\/index.php?rest_route=%2Fwp%2Fv2%2Fcategories&post=11775"},{"taxonomy":"post_tag","embeddable":true,"href":"https:\/\/www.bibula.com\/index.php?rest_route=%2Fwp%2Fv2%2Ftags&post=11775"}],"curies":[{"name":"wp","href":"https:\/\/api.w.org\/{rel}","templated":true}]}}