{"id":11757,"date":"2009-07-27T11:39:19","date_gmt":"2009-07-27T16:39:19","guid":{"rendered":"http:\/\/www.bibula.com\/?p=11757"},"modified":"2009-07-27T11:40:14","modified_gmt":"2009-07-27T16:40:14","slug":"papiez-laicyzowal-franciszkanina-przewodnika-duchowego-medjugorie","status":"publish","type":"post","link":"https:\/\/www.bibula.com\/?p=11757","title":{"rendered":"Papie\u017c laicyzowa\u0142 franciszkanina, &#8222;przewodnika duchowego&#8221; Medjugorie"},"content":{"rendered":"<p>Ojciec Tomislav Vlasic, \u201educhowy przewodnik\u201d os\u00f3b, kt\u00f3rym mia\u0142a w Medjugorie ukazywa\u0107 si\u0119 Matka Bo\u017ca, porzuci\u0142 kap\u0142a\u0144stwo. Watykan wszcz\u0105\u0142 przeciw niemu post\u0119powanie dyscyplinarne po oskar\u017ceniach o wyolbrzymianie historii objawie\u0144 i romans z zakonnic\u0105.<\/p>\r\n\r\n<p>Papie\u017c Benedykt XVI przeni\u00f3s\u0142 do stanu \u015bwieckiego franciszkanina Tomislava Vlasica, kt\u00f3ry nie zgodzi\u0142 si\u0119, by Watykan zweryfikowa\u0142 doniesienia o jego niemoralnym prowadzeniu si\u0119 z zakonnic\u0105.<\/p>\r\n\r\n<p><br class=\"spacer_\" \/><\/p>\r\n\r\n<p><img decoding=\"async\" src=\"http:\/\/www.fronda.pl\/files\/vlasic_txt.jpg\" alt=\"Tomislav Vlasic.\" \/><span style=\"width: 173px;\"> <\/span><\/p>\r\n\r\n<p><em><span style=\"width: 173px;\">Tomislav Vlasic<\/span><\/em><\/p>\r\n\r\n<p>Papiescy wys\u0142annicy mieli te\u017c sprawdzi\u0107, czy Vlasic nie przesadza\u0142 w relacjonowaniu objawie\u0144 i nie szerzy\u0142 \u201ew\u0105tpliwej doktryny, manipulacji sumieniami, podejrzanego mistycyzmu i niepos\u0142usze\u0144stwa w stosunku do prawomocnie wydanych nakaz\u00f3w\u201d. Franciszkanin nie skomentowa\u0142 zarzut\u00f3w. Watykanowi odpowiedzia\u0142 natomiast, \u017ce czuje si\u0119 pokrzywdzony, bo zmieni\u0142 Medjugorie w mi\u0119dzynarodowe sanktuarium i gromadzi\u0142 \u015brodki na budow\u0119 nowych ko\u015bcio\u0142\u00f3w.<\/p>\r\n\r\n<p><!-- \t\t@page { size: 21cm 29.7cm; margin: 2cm } \t\tP { margin-bottom: 0.21cm } --> <!-- \t\t@page { size: 21cm 29.7cm; margin: 2cm } \t\tP { margin-bottom: 0.21cm } --><\/p>\r\n\r\n<p>To nie jedyne zarzuty, kt\u00f3re stawiano franciszkaninowi. Ju\u017c w 1985 roku zosta\u0142 on wydalony z parafii, gdzie by\u0142 zast\u0119pc\u0105 proboszcza i od tego czasu nie wsp\u00f3\u0142pracowa\u0142 z ksi\u0119\u017cmi prowadz\u0105cymi parafi\u0119. Jednak wiosn\u0105 1988 roku o. Vlasic opublikowa\u0142 list otwarty, adresowany do ca\u0142ego \u015bwiata, w kt\u00f3rym twierdzi\u0142, \u017ce za\u0142o\u017cona przez niego i Agnes Heupel wsp\u00f3lnota powsta\u0142a na pro\u015bb\u0105 Kr\u00f3lowej Pokoju. Potwierdza\u0142 to rzekomymi wypowiedziami Mariji Pavlovic, jednej z wizjonerek. Pavlovic jednak w publicznej deklaracji wys\u0142anej do Kongregacji Doktryny Wiary, stanowczo zaprzeczy\u0142a jakoby istnia\u0142 jakikolwiek zwi\u0105zek mi\u0119dzy wsp\u00f3lnot\u0105 i objawieniami w Medjugorie.<\/p>\r\n\r\n<p>W niedziel\u0119 do prasy przedosta\u0142a si\u0119 informacja, \u017ce Vlasic zamiast podda\u0107 si\u0119 dyscyplinie, zdecydowa\u0142 si\u0119 porzuci\u0107 kap\u0142a\u0144stwo. Dla watyka\u0144skiego dochodzenia oznacza raptowne spowolnienie. Papie\u017c nalega\u0142, by Vlasic podda\u0142 si\u0119 dyscyplinie ko\u015bcielnej pod gro\u017ab\u0105 ekskomuniki. W praktyce oznacza to m.in. zakaz nauczania w imieniu Ko\u015bcio\u0142a i kierownictwa duchowego.<\/p>\r\n\r\n<p>Ojciec Vlasic od pocz\u0105tku odmawia\u0142 Watykanowi wyja\u015bnie\u0144. Z tego powodu z serbskiego sanktuarium przeniesiono go do L&#8217;Aquila we W\u0142oszech. Tam otrzyma\u0142 zakaz komunikowania si\u0119 z kimkolwiek bez zgody prze\u0142o\u017conych. Przeniesienie go w stan \u015bwiecki to cios przede wszystkim dla tych, kt\u00f3rzy mieli nadziej\u0119, \u017ce Watykan kt\u00f3rego\u015b dnia zmieni stanowisko wobec Medjugorie.<\/p>\r\n\r\n<p>AJ\/Telegraph.co.uk<\/p>\r\n\r\n<p><br class=\"spacer_\" \/><\/p>\r\n\r\n\r\n<blockquote><p><strong>ZOB. R\u00d3WNIE\u017b:<\/strong><\/p>\r\n\r\n\r\n<ul>\r\n\t\t<li><a title=\" Watykan nie zmieni\u0142 stanowiska w sprawie Medjugorie: nie jest to miejsce autentycznych objawie\u0144 Matki Bo\u017cej\" rel=\"bookmark\" href=\"..\/..\/?p=10757\">Watykan nie zmieni\u0142 stanowiska w sprawie Medjugorie: nie jest to miejsce autentycznych objawie\u0144 Matki Bo\u017cej<\/a><\/li>\r\n\t\t<li> <a title=\" Okulty\u015bci promuj\u0105 Medjugorie\" rel=\"bookmark\" href=\"..\/..\/?p=7072\">Okulty\u015bci promuj\u0105 Medjugorie<\/a> <\/li>\r\n\t\t<li> <a title=\" \"Pok\u00f3j i dobro\u201d, czyli franciszka\u0144skie boj\u00f3wki spod znaku \"gospy\u201d napad\u0142y na biskupa Mostaru\" rel=\"bookmark\" href=\"..\/..\/?p=4573\">&#8222;Pok\u00f3j i dobro\u201d, czyli franciszka\u0144skie boj\u00f3wki spod znaku &#8222;gospy\u201d napad\u0142y na biskupa Mostaru<\/a> <\/li>\r\n\t\t<li> <a title=\" Rekolekcje z uzdrowieniami - &lt;em&gt;Maria K. Kominek OPs&lt;\/em&gt;\" rel=\"bookmark\" href=\"..\/..\/?p=3988\">Rekolekcje z uzdrowieniami &#8211; <em>Maria K. Kominek OPs<\/em><\/a> <\/li>\r\n\t\t<li> <a title=\" Medjugorje: biskup Mostaru o objawieniach\" rel=\"bookmark\" href=\"..\/..\/?p=1654\">Medjugorje: biskup Mostaru o objawieniach<\/a> <\/li>\r\n\t\t<li> <a title=\" Papieski kaznodzieja, ojciec Cantalamessa jednak nie pojedzie do Medjugorie\" rel=\"bookmark\" href=\"..\/..\/?p=1073\">Papieski kaznodzieja, ojciec Cantalamessa jednak nie pojedzie do Medjugorie<\/a> <\/li>\r\n\t\t<li> <a title=\" Ks. A. Posacki, SJ: \"Prosz\u0119 uwa\u017ca\u0107 na ksi\u0119\u017cy o tej orientacji mocno tradycjonalistycznej\"\" rel=\"bookmark\" href=\"..\/..\/?p=926\">Ks. A. Posacki, SJ: &#8222;Prosz\u0119 uwa\u017ca\u0107 na ksi\u0119\u017cy o tej orientacji mocno tradycjonalistycznej&#8221;<\/a> <\/li>\r\n\t\t<li> <a title=\" Biskup Harry Flynn wspomina s\u0142owa Jana Paw\u0142a II i swoj\u0105 \" Pielgrzymk\u0119 do Medjugorie\"\" rel=\"bookmark\" href=\"..\/..\/?p=669\">Biskup Harry Flynn wspomina s\u0142owa Jana Paw\u0142a II i swoj\u0105 &#8221; Pielgrzymk\u0119 do Medjugorie&#8221;<\/a> <\/li>\r\n\t\t<li> <a title=\" Biskup R. Peric: \"Objawienia\" w Medjugorie nie maj\u0105 w sobie nic z autentyczno\u015bci\" rel=\"bookmark\" href=\"..\/..\/?p=448\">Biskup R. Peric: &#8222;Objawienia&#8221; w Medjugorie nie maj\u0105 w sobie nic z autentyczno\u015bci<\/a><\/li>\r\n<\/ul>\r\n\r\n\r\n<p>OPRACOWANIA na temat Medjugorie:<\/p>\r\n\r\n\r\n<ul>\r\n\t\t<li><a href=\"http:\/\/www.wandea.org.pl\/medjugorie\/vassularyden.htm\" target=\"_blank\"><strong>Problem Medjugorie<\/strong><\/a> <\/li>\r\n\t\t<li><a href=\"http:\/\/www.piusx.org.pl\/zw\/index.php?nr=3&amp;id=169\" target=\"_blank\"><strong>Objawienia. Czy pochodz\u0105 od Boga, czy od diab\u0142a?<\/strong><\/a> &#8211; <em><span>ks. Karol Stehlin, FSSPX<\/span><\/em><\/li>\r\n\t\t<li><a href=\"http:\/\/www.piusx.org.pl\/zawsze_wierni\/artykul\/171\" target=\"_blank\"><strong>Medjugorie antytez\u0105 Fatimy<\/strong><\/a> &#8211; <em><span>Tomasz Kubiak<\/span><\/em><\/li>\r\n\t\t<li><span>In English: <\/span><a href=\"http:\/\/www.culturewars.com\/CultureWars\/Archives\/cw_feb98\/surmanci.html\" target=\"_blank\"><strong>The Ghost of Surmanci: Queen of Peace, Ethnic Cleansing, Ruined Lives<\/strong> &#8211; by Michael E. Jones<\/a><\/li>\r\n\t\t<li><span>In English: <\/span><a href=\"http:\/\/www.olrl.org\/prophecy\/medjugorje.shtml\" target=\"_blank\"><strong>Medjugorje: Condemned by the Church<\/strong><\/a><\/li>\r\n\t\t<li><span>In English: <\/span><a href=\"http:\/\/www.icubed.com\/%7Erpoe\/medugorj.htm\" target=\"_blank\"><strong>Medjugorje: Another View<\/strong><\/a><\/li>\r\n\t\t<li><span>In English: <\/span><a href=\"http:\/\/www.mdaviesonmedj.com\/\" target=\"_blank\"><strong>Medjugorie after Twenty-One Years &#8211; The Definitive Story<\/strong> &#8211; by Michael Davies <\/a><\/li>\r\n\t\t<li><span>In English: <\/span><a href=\"http:\/\/www.culturewars.com\/CultureWars\/Archives\/cw_feb98\/surmanci.html\" target=\"_blank\"><strong>The Ghosts of Surmanci: Queen of Peace, Ethnic Cleansing, Ruined Lives<\/strong><\/a> &#8211; <em><span>Michael Jones, Editor of &#8222;Culture Wars\u201d Magazine (Feb. 1998)<\/span><\/em><\/li>\r\n\t\t<li><span>In English: <\/span><a href=\"http:\/\/www.culturewars.com\/CultureWars\/Archives\/cw_jan98\/med_letter.html\" target=\"_blank\"><strong>An Important Message from Culture Wars Publisher E. Michael Jones, Ph.D <\/strong><\/a> &#8211; <em><span>Michael Jones, Editor of &#8222;Culture Wars\u201d Magazine (Feb. 1998)<\/span><\/em><\/li>\r\n\t\t<li><span>Book in English: <\/span><a href=\"http:\/\/www.culturewars.com\/medj.htm\" target=\"_blank\"><strong>The Medjugorje Deception: <\/strong><\/a> &#8211; <em><span>Michael Jones, Editor of &#8222;Culture Wars\u201d Magazine (Feb. 1998<\/span><\/em><em>)<\/em><\/li>\r\n\t\t<li><span>Video in English: <\/span><a href=\"http:\/\/www.culturewars.com\/medjvid.htm\" target=\"_blank\"><strong>Visions On Demand: The Medjugorje Conspiracy <\/strong><\/a> &#8211; <em><span>produced by  &#8222;Culture Wars\u201d Magazine<\/span><\/em><\/li>\r\n\t\t<li><a href=\"http:\/\/www.cbismo.hr\/\" target=\"_blank\"><strong>Oficjalna strona internetowa biskupa Mostar-Duvno, bp Ratko Peric <\/strong><\/a><\/li>\r\n<\/ul>\r\n<\/blockquote>","protected":false},"excerpt":{"rendered":"Ojciec Tomislav Vlasic, \u201educhowy przewodnik\u201d os\u00f3b, kt\u00f3rym mia\u0142a w Medjugorie ukazywa\u0107 si\u0119 Matka Bo\u017ca, porzuci\u0142 kap\u0142a\u0144stwo. Watykan wszcz\u0105\u0142 przeciw niemu post\u0119powanie dyscyplinarne po oskar\u017ceniach o wyolbrzymianie historii objawie\u0144 i romans z zakonnic\u0105. Papie\u017c Benedykt XVI przeni\u00f3s\u0142 do stanu \u015bwieckiego franciszkanina Tomislava Vlasica, kt\u00f3ry nie zgodzi\u0142 si\u0119, by Watykan zweryfikowa\u0142 doniesienia o jego niemoralnym prowadzeniu si\u0119 [&hellip;]","protected":false},"author":1,"featured_media":0,"comment_status":"closed","ping_status":"closed","sticky":false,"template":"","format":"standard","meta":{"_acf_changed":false,"_monsterinsights_skip_tracking":false,"_monsterinsights_sitenote_active":false,"_monsterinsights_sitenote_note":"","_monsterinsights_sitenote_category":0,"ngg_post_thumbnail":0,"footnotes":"","_wp_rev_ctl_limit":""},"categories":[3],"tags":[74,39,41],"acf":[],"_links":{"self":[{"href":"https:\/\/www.bibula.com\/index.php?rest_route=\/wp\/v2\/posts\/11757"}],"collection":[{"href":"https:\/\/www.bibula.com\/index.php?rest_route=\/wp\/v2\/posts"}],"about":[{"href":"https:\/\/www.bibula.com\/index.php?rest_route=\/wp\/v2\/types\/post"}],"author":[{"embeddable":true,"href":"https:\/\/www.bibula.com\/index.php?rest_route=\/wp\/v2\/users\/1"}],"replies":[{"embeddable":true,"href":"https:\/\/www.bibula.com\/index.php?rest_route=%2Fwp%2Fv2%2Fcomments&post=11757"}],"version-history":[{"count":0,"href":"https:\/\/www.bibula.com\/index.php?rest_route=\/wp\/v2\/posts\/11757\/revisions"}],"wp:attachment":[{"href":"https:\/\/www.bibula.com\/index.php?rest_route=%2Fwp%2Fv2%2Fmedia&parent=11757"}],"wp:term":[{"taxonomy":"category","embeddable":true,"href":"https:\/\/www.bibula.com\/index.php?rest_route=%2Fwp%2Fv2%2Fcategories&post=11757"},{"taxonomy":"post_tag","embeddable":true,"href":"https:\/\/www.bibula.com\/index.php?rest_route=%2Fwp%2Fv2%2Ftags&post=11757"}],"curies":[{"name":"wp","href":"https:\/\/api.w.org\/{rel}","templated":true}]}}