{"id":11740,"date":"2009-07-27T08:27:23","date_gmt":"2009-07-27T13:27:23","guid":{"rendered":"http:\/\/www.bibula.com\/?p=11740"},"modified":"2009-07-27T08:27:23","modified_gmt":"2009-07-27T13:27:23","slug":"milosc-zada-ofiar-stanislaw-michalkiewicz","status":"publish","type":"post","link":"https:\/\/www.bibula.com\/?p=11740","title":{"rendered":"Mi\u0142o\u015b\u0107 \u017c\u0105da ofiar &#8211; <em>Stanis\u0142aw Michalkiewicz<\/em>"},"content":{"rendered":"<p>22 lipca (dawniej E Wedel) w Lublinie i w Koszalinie tamtejsza lewica uczci\u0142a 65 rocznic\u0119 narodzin Polski Ludowej. Ten nawr\u00f3t nowej, \u015bwieckiej tradycji pokazuje, \u017ce nic nie jest przes\u0105dzone, \u017ce wszystko jeszcze przed nami, chocia\u017c oczywi\u015bcie ju\u017c w nowych formach, dostosowanych ju\u017c nie do gustu Chor\u0105\u017cego Pokoju i Ojca Ca\u0142ej Post\u0119powej Ludzko\u015bci, czyli nie\u015bmiertelnego towarzysza Stalina, tylko do tak zwanych \u201e<em>standard\u00f3w europejskich<\/em>\u201d. Co to oznacza &#8211; najlepiej ilustruje przypadek pana europos\u0142a Micha\u0142a Kami\u0144skiego. Mia\u0142 on zosta\u0107 jednym z 14 zast\u0119pc\u00f3w by\u0142ego charyzmatycznego premiera Jerzego Buzka, kt\u00f3ry, jak wiadomo, zosta\u0142 przewodnicz\u0105cym Parlamentu Europejskiego, ale nic z tego nie wysz\u0142o, bo ubieg\u0142 go jaki\u015b brytyjski konserwatywny ambicjoner. Pose\u0142 Kami\u0144ski pociesza\u0142 si\u0119, \u017ce w tej sytuacji ju\u017c na pewno zostanie jednym z pi\u0119ciu szef\u00f3w frakcji parlamentarnych, konkretnie &#8211; frakcji konserwatywnej. Ale \u201e<em>na pewno<\/em>\u201d to wszyscy umrzemy, bo oto jaki\u015b rabin zarzuci\u0142 mu, \u017ce jest antysemit\u0105, a na dodatek &#8211; homofobem, wi\u0119c szefem frakcji konserwatywnej w PE by\u0107 nie mo\u017ce.<\/p>\r\n\r\n<p>Najwidoczniej wed\u0142ug standard\u00f3w przyj\u0119tych w \u015brodowisku rabin\u00f3w, szefem frakcji konserwatywnych powinni by\u0107 filosemiccy sodomici, a je\u015bli ju\u017c nie sodomici &#8211; to przynajmniej ich admiratorzy. No, no! Ho, ho! Wi\u0119c biedny pose\u0142 Kami\u0144ski gimnastykuje si\u0119 niczym podczas ta\u0144ca na rurze, \u017ce \u017cadnym antysemit\u0105, ani homofobem nie jest &#8211; zupe\u0142nie tak samo, jakby za J\u00f3zefa Stalina spotka\u0142 si\u0119 z oskar\u017ceniem o rewizjonizm czy &#8211; Bo\u017ce uchowaj! &#8211; kontrrewolucj\u0119, kt\u00f3rymi pod\u00f3wczas me\u0142amedzi w s\u0142u\u017cbie bolszewik\u00f3w ch\u0119tnie szafowali. W\u0142a\u015bnie jeden taki, w osobie profesora Leszka Ko\u0142akowskiego, wzi\u0105\u0142 i umar\u0142, co stworzy\u0142o okazj\u0119 do pean\u00f3w, jaki to wielki filozof, a zw\u0142aszcza &#8211; jaki uczciwy. Najpierw bowiem b\u0142\u0105dzi\u0142, a potem rewokowa\u0142. Co prawda b\u0142\u0105dzi\u0142 w okresie, gdy b\u0142\u0105dzenie przynosi\u0142o i presti\u017c i korzy\u015bci, a rewokowa\u0142 w momencie, gdy rewokowanie r\u00f3wnie\u017c by\u0142o sowicie wynagradzane, ale to tym lepiej, bo c\u00f3\u017c wynagradza\u0107 w dzisiejszych zepsutych czasach, je\u015bli nie uczciwo\u015b\u0107, a przynajmniej &#8211; spostrzegawczo\u015b\u0107 i refleks? Gdyby jeszcze okaza\u0142o si\u0119, \u017ce b\u0142\u0105dzi\u0142 i rewokowa\u0142 bez swojej wiedzy i zgody, to by\u0142oby doskonale, ale nie b\u0105d\u017amy nazbyt wymagaj\u0105cy.<\/p>\r\n\r\n<p>Tymczasem w kraju zaczynaj\u0105 sprawdza\u0107 si\u0119 s\u0142owa wypisane ongi\u015b na sztandarach, \u017ce \u201e<em>mi\u0142o\u015b\u0107 \u017c\u0105da ofiary<\/em>\u201d. Chodzi naturalnie o s\u0142awn\u0105 \u201e<em>polityk\u0119 mi\u0142o\u015bci<\/em>\u201d, zadeklarowan\u0105 w swoim czasie przez premiera Tuska. Objawi\u0142a si\u0119 ona ostatnio w postaci ca\u0142odziennych utarczek w centrum Warszawy, gdzie kilkuset kupc\u00f3w, maj\u0105cych stoiska w hali Kupieckich Dom\u00f3w Towarowych, tu\u017c pod Pa\u0142acem Kultury i Nauki im. J\u00f3zefa Stalina, pr\u00f3bowa\u0142o broni\u0107 si\u0119 przed eksmisj\u0105, nakazan\u0105 przez niezawis\u0142y s\u0105d. Przyby\u0142y w asy\u015bcie kompanii barczystych ochroniarzy firmy \u201e<em>Zubrzycki<\/em>\u201d komornik zasta\u0142 drzwi zabarykadowane i zdeterminowanych kupc\u00f3w w \u015brodku. Ochroniarze zacz\u0119li hal\u0119 gazowa\u0107, co prawda nie s\u0142awnym Cyklonem, tylko \u0142agodniejszym gazem \u0142zawi\u0105cym, ale i tak wywo\u0142a\u0142o to w\u0105tpliwo\u015bci, kt\u00f3re przybra\u0142y posta\u0107 pytania, od kiedy to prywatne firmy mog\u0105 wobec obywateli u\u017cywa\u0107 \u015brodk\u00f3w, wchodz\u0105cych w sk\u0142ad pa\u0144stwowego monopolu przemocy.<\/p>\r\n\r\n<p>Oczywi\u015bcie pytanie to, jak zreszt\u0105 wiele innych, pozosta\u0142o bez odpowiedzi, bo w demokratycznym pa\u0144stwie prawnym, urzeczywistniaj\u0105cym zasady sprawiedliwo\u015bci spo\u0142ecznej nie wszyscy musz\u0105 wszystko wiedzie\u0107. Skoro bowiem nawet sam minister Skarbu pan Grad nie wie, komu w\u0142a\u015bciwie sprzeda\u0142 stocznie i czy w og\u00f3le je sprzeda\u0142, to c\u00f3\u017c tu wymaga\u0107 od innych? Bowiem okaza\u0142o si\u0119, \u017ce katarski kontrahent, kt\u00f3ry zreszt\u0105 jest tylko po\u015brednikiem, nie wp\u0142aci\u0142 um\u00f3wionych 380 milion\u00f3w z\u0142otych, bo Komitet Obrony Stoczni wys\u0142a\u0142 mu list ostrzegaj\u0105cy, \u017ce te ca\u0142e stocznie, to by\u0142y pralni\u0105 pieni\u0119dzy i w og\u00f3le. Zdenerwowany pan minister Grad zapowiedzia\u0142 skierowanie sprawy do niezawis\u0142ej prokuratury i Agencji Bezpiecze\u0144stwa Wewn\u0119trznego, ale szczerze m\u00f3wi\u0105c, nie bardzo wie, co te instytucje mia\u0142yby sprawdza\u0107. Bo je\u015bli informacje z listu s\u0105 prawdziwe, to tylko patrze\u0107, jak pojawi si\u0119 seria efektownych samob\u00f3jstw, niczym w\u015br\u00f3d os\u00f3b zamieszanych w zab\u00f3jstwo Krzysztofa Olewnika. Jak wiadomo, w monitorowanych przez 24 godziny na dob\u0119 celach powiesili si\u0119 wszyscy domniemani sprawcy tego mordu, a ostatnio &#8211; nawet stra\u017cnik wi\u0119zienny, kt\u00f3ry jednego z tych powieszonych pilnowa\u0142. On te\u017c nie tylko si\u0119 powiesi\u0142 i to na drzewie, przy drodze z Mor\u0105ga do Raju, ale jeszcze, na wszelki wypadek, bodaj dwukrotnie uprzedzi\u0142, \u017ce to samob\u00f3jstwo i \u017ceby nikogo nie wini\u0107. Dzi\u0119ki temu organy, kt\u00f3re pojecha\u0142y spenetrowa\u0107 spraw\u0119, mia\u0142y jasn\u0105 sytuacj\u0119 i pan minister Andrzej Czuma ju\u017c z ca\u0142kowicie czystym sumieniem m\u00f3g\u0142 og\u0142osi\u0107, \u017ce jest to samob\u00f3jstwo ponad wszelk\u0105 w\u0105tpliwo\u015b\u0107.<\/p>\r\n\r\n<p>W takiej sytuacji w\u0105tpliwo\u015bci m\u00f3g\u0142by mie\u0107 jedynie ksi\u0105\u017c\u0119 Gorczakow, co to nie wierzy\u0142 nie zdementowanym informacjom prasowym. Wi\u0119c je\u015bli nawet samob\u00f3jcy zachowuj\u0105 si\u0119 tak praworz\u0105dnie i taktownie, to jest oczywiste, \u017ce nie wolno dopuszcza\u0107 do lekcewa\u017cenia niezawis\u0142ego s\u0105du, kt\u00f3ry nakaza\u0142 eksmisj\u0119 Kupieckich Dom\u00f3w Towarowych. Tote\u017c prokuratura otrzyma\u0142a ju\u017c stosowne zawiadomienia o przest\u0119pstwach i &#8211; jak m\u00f3wi poeta &#8211; \u201e<em>wnet si\u0119 posypi\u0105 pi\u0119kne wyroki<\/em>\u201d, je\u015bli oczywi\u015bcie niezawis\u0142e s\u0105dy nie dostan\u0105 rozkaz\u00f3w, by spraw\u0119 zbagatelizowa\u0107. Wykluczy\u0107 tego do ko\u0144ca nie mo\u017cna, bo i kupcy ze swej strony te\u017c z\u0142o\u017cyli skargi, a skoro nikt nie jest bez grzechu wobec Boga i bez winy wobec cara, to lepiej mo\u017ce nie stawia\u0107 sprawy na ostrzu no\u017ca, w my\u015bl zasady: leben und leben lassen. Bo trzeba nam te\u017c pami\u0119ta\u0107, \u017ce po ca\u0142odziennej bitwie w centrum Warszawy notowania rz\u0105du premiera Tuska mia\u0142y spa\u015b\u0107, a\u017c o ca\u0142e 5 procent &#8211; w czym niekt\u00f3rzy podejrzliwcy upatruj\u0105 nast\u0119pstw przeci\u0119cia przez genera\u0142a Czempi\u0144skiego magicznego kr\u0119gu, jaki dotychczas chroni\u0142 Platform\u0119 Obywatelsk\u0105.<\/p>\r\n\r\n<p>Co\u015b mo\u017ce by\u0107 na rzeczy, bo oto w\u0142a\u015bnie W\u0142adys\u0142aw Frasyniuk, Marian Filar, Dariusz Rosati, no i oczywi\u015bcie &#8211; doktor Andrzej Olechowski, wyst\u0105pili do premiera Tuska, \u017ceby energicznie zabra\u0142 si\u0119 za ojca Tadeusza Rydzyka, kt\u00f3remu fiskus wyliczy\u0142 jakie\u015bci straszliwe zaleg\u0142o\u015bci podatkowe. Wida\u0107 go\u0142ym okiem, \u017ce razwiedka kombinuje, jakby tu wpl\u0105ta\u0107 Platform\u0119 Obywatelsk\u0105 w seri\u0119 uci\u0105\u017cliwych i niepewnych wojen na wszystkich frontach i w ten spos\u00f3b zneutralizowa\u0107 jeszcze przed przysz\u0142orocznymi wyborami prezydenckimi. W tak\u0105 mo\u017cliwo\u015b\u0107 nie wierzy pose\u0142 Janusz Palikot, kt\u00f3ry w \u201e<em>Gazecie Wyborczej<\/em>\u201d wylicza 88 powod\u00f3w dla kt\u00f3rych najlepszym kandydatem b\u0119dzie Donald Tusk. Oczywi\u015bcie na pewno ma racj\u0119, jak zreszt\u0105 we wszystkim, co m\u00f3wi, ale co b\u0119dzie, kiedy agenci, kt\u00f3rymi PO musi by\u0107 naszpikowana, jak sztufada s\u0142onin\u0105, dostan\u0105 rozkaz, \u017ceby Tuska i Platform\u0119 nie tylko zdradzi\u0107, ale i skompromitowa\u0107? W tej sytuacji ostatnie s\u0142owo b\u0119dzie nale\u017ca\u0142o do naszej Katarzyny Wielkiej, czyli pani Anieli, kt\u00f3ra ju\u017c tam jakiego\u015b faworyta na stanowisku tubylczego prezydenta w Polsce zatwierdzi.<\/p>\r\n\r\n<p>Wygl\u0105da bowiem na to, \u017ce po s\u0142awnej wizycie prezydenta Obamy w Moskwie, ster polityki europejskiej ju\u017c ca\u0142kiem przejmuj\u0105 strategiczni partnerzy, podczas gdy USA dbaj\u0105 ju\u017c tylko o za\u0142atwienie w Polsce interes\u00f3w \u017cydowskich. \u015awiadczy o tym r\u00f3wnie\u017c wyznaczenie na ameryka\u0144skiego ambasadora w Warszawie pana Lee Feinsteina, kt\u00f3ry nie tylko jest wrogiem antysemityzmu \u201e<em>we wszystkich jego przejawach<\/em>\u201d, ale przede wszystkim pragnie \u201e<em>jak najszybszego<\/em>\u201d przekazania organizacjom \u201e<em>przemys\u0142u holokaustu<\/em>\u201d \u017c\u0105danych przez nie pieni\u0119dzy. W tej sytuacji, gdy zasadnicze decyzje co do naszego przeznaczenia wydaj\u0105 si\u0119 ju\u017c podj\u0119te, osobliwego znaczenia nabiera \u017ca\u0142o\u015bliwy list, jaki napisali byli prezydenci pa\u0144stw Europy \u015arodkowo-Wschodniej, \u017ceby Ameryka o tym regionie nie zapomnia\u0142a. Ale\u017c wcale nie zapomnia\u0142a &#8211; o czym \u015bwiadczy zar\u00f3wno deklaracja wydana po praskiej konferencji \u201e<em>Mienie ery holokaustu<\/em>\u201d, jak i cho\u0107by &#8211; misja pana Feinsteina.<\/p>\r\n\r\n<p><br \/>\r\n <strong><img decoding=\"async\" src=\"http:\/\/michalkiewicz.pl\/img\/kwad.gif\" alt=\"\" width=\"6\" height=\"12\" \/><em> Stanis\u0142aw Michalkiewicz<\/em><\/strong> <br \/>\r\n <span><span><em>Komentarz \u00a0\u00b7\u00a0 tygodnik \u201eGoniec\u201d (Toronto) \u00a0\u00b7\u00a0 2009-07-26 \u00a0|\u00a0 <a href=\"http:\/\/michalkiewicz.pl\/tekst.php?tekst=856\" target=\"_blank\">www.michalkiewicz.pl<\/a><\/em><\/span><\/span><br \/>\r\n <br \/>\r\n <br \/>\r\n <span><em>Sta\u0142y komentarz Stanis\u0142awa Michalkiewicza ukazuje si\u0119 w ka\u017cdym numerze tygodnika \u201eGoniec\u201d (Toronto, Kanada).<\/em><\/span><\/p>\r\n\r\n<p><br class=\"spacer_\" \/><\/p>","protected":false},"excerpt":{"rendered":"22 lipca (dawniej E Wedel) w Lublinie i w Koszalinie tamtejsza lewica uczci\u0142a 65 rocznic\u0119 narodzin Polski Ludowej. Ten nawr\u00f3t nowej, \u015bwieckiej tradycji pokazuje, \u017ce nic nie jest przes\u0105dzone, \u017ce wszystko jeszcze przed nami, chocia\u017c oczywi\u015bcie ju\u017c w nowych formach, dostosowanych ju\u017c nie do gustu Chor\u0105\u017cego Pokoju i Ojca Ca\u0142ej Post\u0119powej Ludzko\u015bci, czyli nie\u015bmiertelnego towarzysza [&hellip;]","protected":false},"author":1,"featured_media":0,"comment_status":"closed","ping_status":"closed","sticky":false,"template":"","format":"standard","meta":{"_acf_changed":false,"_monsterinsights_skip_tracking":false,"_monsterinsights_sitenote_active":false,"_monsterinsights_sitenote_note":"","_monsterinsights_sitenote_category":0,"ngg_post_thumbnail":0,"footnotes":"","_wp_rev_ctl_limit":""},"categories":[9],"tags":[23,22,53,36],"acf":[],"_links":{"self":[{"href":"https:\/\/www.bibula.com\/index.php?rest_route=\/wp\/v2\/posts\/11740"}],"collection":[{"href":"https:\/\/www.bibula.com\/index.php?rest_route=\/wp\/v2\/posts"}],"about":[{"href":"https:\/\/www.bibula.com\/index.php?rest_route=\/wp\/v2\/types\/post"}],"author":[{"embeddable":true,"href":"https:\/\/www.bibula.com\/index.php?rest_route=\/wp\/v2\/users\/1"}],"replies":[{"embeddable":true,"href":"https:\/\/www.bibula.com\/index.php?rest_route=%2Fwp%2Fv2%2Fcomments&post=11740"}],"version-history":[{"count":0,"href":"https:\/\/www.bibula.com\/index.php?rest_route=\/wp\/v2\/posts\/11740\/revisions"}],"wp:attachment":[{"href":"https:\/\/www.bibula.com\/index.php?rest_route=%2Fwp%2Fv2%2Fmedia&parent=11740"}],"wp:term":[{"taxonomy":"category","embeddable":true,"href":"https:\/\/www.bibula.com\/index.php?rest_route=%2Fwp%2Fv2%2Fcategories&post=11740"},{"taxonomy":"post_tag","embeddable":true,"href":"https:\/\/www.bibula.com\/index.php?rest_route=%2Fwp%2Fv2%2Ftags&post=11740"}],"curies":[{"name":"wp","href":"https:\/\/api.w.org\/{rel}","templated":true}]}}