{"id":11711,"date":"2009-07-25T22:38:19","date_gmt":"2009-07-26T03:38:19","guid":{"rendered":"http:\/\/www.bibula.com\/?p=11711"},"modified":"2009-07-25T22:38:59","modified_gmt":"2009-07-26T03:38:59","slug":"heretycki-tygodnik-powszechny-propaguje-ksiedza-heretyka-ks-skowronek-kobiety-moga-byc-kaplanami","status":"publish","type":"post","link":"https:\/\/www.bibula.com\/?p=11711","title":{"rendered":"Heretycki &#8222;Tygodnik Powszechny&#8221; propaguje ksi\u0119dza-heretyka &#8211; Ks. Skowronek: kobiety mog\u0105 by\u0107 kap\u0142anami"},"content":{"rendered":"<p><strong>Powstrzymywania kobiet od dost\u0119pu do kap\u0142a\u0144stwa nie da si\u0119 utrzyma\u0107, poniewa\u017c nie licuje z godno\u015bci\u0105 kobiety. Nie daje si\u0119 tak\u017ce uzasadni\u0107 Bibli\u0105 &#8211; czytamy w najnowszym &#8222;Tygodniku Powszechnym&#8221;.<\/strong><\/p>\r\n\r\n<p>Autorem tych kategorycznych stwierdze\u0144 jest ks. Alfons Skowronek. Znany z dialogicznego podej\u015bcia do dogmat\u00f3w oraz propagowania ekumenizmu oraz \u201enowego my\u015blenia\u201d duchowny analizuje w ostatnim numerze krakowskiego tygodnika kwesti\u0119 kap\u0142a\u0144stwa. Spraw\u0119 \u015bwi\u0119cenia kobiet porusza niejako przy okazji rozwa\u017cania problemu spadku powo\u0142a\u0144.<\/p>\r\n\r\n<p>Wed\u0142ug ks. Skowronka, kap\u0142a\u0144ska samo\u015bwiadomo\u015b\u0107 staje w\u0142a\u015bnie w obliczu decyduj\u0105cych przemian. &#8211; Od Soboru Watyka\u0144skiego II datuje si\u0119 zwrot w dyskusji o podmiocie kap\u0142a\u0144stwa, kt\u00f3re zarezerwowane jest wy\u0142\u0105cznie dla m\u0119\u017cczyzny. Nowsze badania biblistyczne wskazuj\u0105 na Mari\u0119 Magdalen\u0119 jako \u201eAposto\u0142k\u0119 wszystkich aposto\u0142\u00f3w\u201d (Apostola apostolorum) &#8211; pisze ks. Skowronek. &#8211; Ojcowie Ko\u015bcio\u0142a podnosz\u0105 moment, \u017ce kap\u0142a\u0144stwo przys\u0142uguje w najprzedniejszy spos\u00f3b Maryi (eminentiori modo) &#8211; twierdzi duchowny. Podpiera si\u0119 przy tym cytatem ze \u015bw. Paw\u0142a: \u201eNie ma ju\u017c \u017byda ani poganina, nie ma ju\u017c niewolnika ani cz\u0142owieka wolnego, nie ma ju\u017c m\u0119\u017cczyzny ani kobiety&#8230;\u201d.<\/p>\r\n\r\n<p>&#8211; Nie ma ani jednego przekonuj\u0105cego argumentu przeciwko r\u00f3wnouprawnieniu kobiety w Ko\u015bciele &#8211; dowodzi ks. Skowronek. By nada\u0107 wi\u0119kszego znaczenia swoim wywodom powo\u0142uje si\u0119 te\u017c na s\u0142owa \u015bw. Edyty Stein, kt\u00f3ra pisa\u0142a, \u017ce nic nie stoi na przeszkodzie, by zrealizowa\u0107 kap\u0142a\u0144sk\u0105 ordynacj\u0119 kobiet. &#8211; W naszej duszpasterskiej tera\u017aniejszo\u015bci spraw\u0105 nagl\u0105cej konieczno\u015bci zdaje si\u0119 by\u0107 postulat dzielenia si\u0119 s\u0142owem Bo\u017cym &#8211; pisze ks. Skowronek, przedstawiaj\u0105c kap\u0142ana jako \u201efachowca \u015bwiata wewn\u0119trznego\u201d.<\/p>\r\n\r\n<p>Jak do tez ks. Skowronka odnosz\u0105 si\u0119 polscy hierarchowie? Ks. bp Jacek Jezierski przypomina, \u017ce kwestia kap\u0142a\u0144stwa kobiet zosta\u0142a ju\u017c w Ko\u015bciele przedyskutowana i rozstrzygni\u0119ta. &#8211; Ten problem zacz\u0105\u0142 by\u0107 dyskutowany w Ko\u015bciele za Paw\u0142a VI i potem za Jana Paw\u0142a II -wyja\u015bnia ks. bp Jezierski.<\/p>\r\n\r\n<p>&#8211; Obaj Papie\u017ce stali na stanowisku, \u017ce ani pisma Nowego Testamentu, ani dwadzie\u015bcia wiek\u00f3w Tradycji Ko\u015bcio\u0142a nie znaj\u0105 takiej mo\u017cliwo\u015bci. Zw\u0142aszcza Jan Pawe\u0142 II by\u0142 wyra\u017anie przeciwny d\u0105\u017ceniom do \u015bwi\u0119ce\u0144 kobiet i \u0142\u0105czenia tych d\u0105\u017ce\u0144 z ruchem praw kobiet. Logika Jana Paw\u0142a II by\u0142a prosta: Jezus Chrystus w suwerenny spos\u00f3b spraw\u0119 rozstrzygn\u0105\u0142 &#8211; m\u00f3wi warmi\u0144ski hierarcha.<\/p>\r\n\r\n<p>Dodaje, \u017ce odgrzewanie tej kwestii w &#8222;Tygodniku Powszechnym&#8221; jest niepotrzebne. &#8211; G\u0142os ks. Skowronka jest sp\u00f3\u017aniony, ta kwestia by\u0142a dawno dyskutowana w Europie, oczywi\u015bcie ma prawo my\u015ble\u0107 i dyskutowa\u0107, ale wydaje si\u0119, \u017ce Jan Pawe\u0142 II spraw\u0119 zamkn\u0105\u0142. Jego wypowiedzi mia\u0142y te\u017c wymiar praktyczny i dyscyplinarny, a teologicznie &#8211; powa\u017cny ci\u0119\u017car gatunkowy &#8211; komentuje bp Jezierski.<\/p>\r\n\r\n<p>Argumenty wsp\u00f3\u0142pracownika &#8222;Tygodnika Powszechnego&#8221; dziwi\u0105 te\u017c bpa Ignacego Deca &#8211; To, \u017ce nie udziela si\u0119 \u015bwi\u0119ce\u0144 kobietom nie ma nic wsp\u00f3lnego z kwesti\u0105 ich godno\u015bci, to jest fa\u0142szywy argument &#8211; m\u00f3wi Fronda.pl &#8211; Godno\u015b\u0107 kobiety i m\u0119\u017cczyzny jest taka sama, powo\u0142ania ich s\u0105 natomiast r\u00f3\u017cne &#8211; dodaje.<\/p>\r\n\r\n<p>Ksi\u0105dz arcybiskup S\u0142awoj Leszek G\u0142\u00f3d\u017a temat ujmuje kr\u00f3tko. &#8211; To s\u0105 zje\u0142cza\u0142e tematy i paplanina &#8211; m\u00f3wi. &#8211; &#8222;Tygodnik Powszechny&#8221; nie jest pismem, z kt\u00f3rym nale\u017cy polemizowa\u0107 &#8211; konkluduje duchowny.<\/p>\r\n\r\n<p>AJ<\/p>","protected":false},"excerpt":{"rendered":"Powstrzymywania kobiet od dost\u0119pu do kap\u0142a\u0144stwa nie da si\u0119 utrzyma\u0107, poniewa\u017c nie licuje z godno\u015bci\u0105 kobiety. Nie daje si\u0119 tak\u017ce uzasadni\u0107 Bibli\u0105 &#8211; czytamy w najnowszym &#8222;Tygodniku Powszechnym&#8221;. Autorem tych kategorycznych stwierdze\u0144 jest ks. Alfons Skowronek. Znany z dialogicznego podej\u015bcia do dogmat\u00f3w oraz propagowania ekumenizmu oraz \u201enowego my\u015blenia\u201d duchowny analizuje w ostatnim numerze krakowskiego tygodnika [&hellip;]","protected":false},"author":1,"featured_media":0,"comment_status":"closed","ping_status":"closed","sticky":false,"template":"","format":"standard","meta":{"_acf_changed":false,"_monsterinsights_skip_tracking":false,"_monsterinsights_sitenote_active":false,"_monsterinsights_sitenote_note":"","_monsterinsights_sitenote_category":0,"ngg_post_thumbnail":0,"footnotes":"","_wp_rev_ctl_limit":""},"categories":[5],"tags":[100,33],"acf":[],"_links":{"self":[{"href":"https:\/\/www.bibula.com\/index.php?rest_route=\/wp\/v2\/posts\/11711"}],"collection":[{"href":"https:\/\/www.bibula.com\/index.php?rest_route=\/wp\/v2\/posts"}],"about":[{"href":"https:\/\/www.bibula.com\/index.php?rest_route=\/wp\/v2\/types\/post"}],"author":[{"embeddable":true,"href":"https:\/\/www.bibula.com\/index.php?rest_route=\/wp\/v2\/users\/1"}],"replies":[{"embeddable":true,"href":"https:\/\/www.bibula.com\/index.php?rest_route=%2Fwp%2Fv2%2Fcomments&post=11711"}],"version-history":[{"count":0,"href":"https:\/\/www.bibula.com\/index.php?rest_route=\/wp\/v2\/posts\/11711\/revisions"}],"wp:attachment":[{"href":"https:\/\/www.bibula.com\/index.php?rest_route=%2Fwp%2Fv2%2Fmedia&parent=11711"}],"wp:term":[{"taxonomy":"category","embeddable":true,"href":"https:\/\/www.bibula.com\/index.php?rest_route=%2Fwp%2Fv2%2Fcategories&post=11711"},{"taxonomy":"post_tag","embeddable":true,"href":"https:\/\/www.bibula.com\/index.php?rest_route=%2Fwp%2Fv2%2Ftags&post=11711"}],"curies":[{"name":"wp","href":"https:\/\/api.w.org\/{rel}","templated":true}]}}