{"id":116914,"date":"2020-09-14T12:18:25","date_gmt":"2020-09-14T16:18:25","guid":{"rendered":"https:\/\/www.bibula.com\/?p=116914"},"modified":"2020-09-18T21:32:36","modified_gmt":"2020-09-19T01:32:36","slug":"usa-szkola-jezuitow-promuje-ideologie-gender","status":"publish","type":"post","link":"https:\/\/www.bibula.com\/?p=116914","title":{"rendered":"USA: Szko\u0142a jezuit\u00f3w promuje ideologi\u0119 gender"},"content":{"rendered":"<p><strong>Ideologia gender coraz cz\u0119\u015bciej wkracza nie tylko do szk\u00f3\u0142 \u015bwieckich, ale tak\u017ce na uczelnie katolickie. Dotyczy to zar\u00f3wno szk\u00f3\u0142 \u015brednich, jak i wy\u017cszych. Rodzice, nie\u015bwiadomi tego, co si\u0119 dzieje, mog\u0105 \u017cy\u0107 w b\u0142\u0119dnym przekonaniu, \u017ce posy\u0142aj\u0105 dziecko do instytucji, kt\u00f3ra dba o zgodno\u015b\u0107 uczonych tre\u015bci z doktryn\u0105 katolick\u0105. Tymczasem niestety bywa inaczej. Jednym z najnowszych przyk\u0142ad\u00f3w jest prowadzona przez jezuit\u00f3w De Smet Jesuit High School w St. Louis w stanie Missouri w USA.<\/strong><\/p>\r\n<p>Wed\u0142ug jednego z uczni\u00f3w tej szko\u0142y nowy rok szkolny dla ostatniego roku zacz\u0105\u0142 si\u0119 ku zdumieniu uczestnik\u00f3w m.in. od zaj\u0119\u0107 formacyjnych, kt\u00f3re promuj\u0105 transp\u0142ciowo\u015b\u0107 i polityk\u0119 to\u017csamo\u015bci i kt\u00f3re kolidowa\u0142y z innymi, tradycyjnymi w tre\u015bci i formie zaj\u0119ciami. Jak twierdzi ucze\u0144: \u201eByli\u015bmy karmieni ideologi\u0105 gender\u201d.<\/p>\r\n<p>Uczniowie uczestniczyli w dyskusji prowadzonej przez Catalin\u0119 Martinez, kt\u00f3ra jest kierownikiem ds. \u201er\u00f3\u017cnorodno\u015bci i w\u0142\u0105czania\u201d. Tematem dyskusji by\u0142y \u201eto\u017csamo\u015bci spo\u0142eczne\u201d. Uczniowie mieli zakre\u015bli\u0107 na wr\u0119czonych formularzach \u201eMatrycy to\u017csamo\u015bci spo\u0142ecznych\u201d kategorie, z kt\u00f3rymi si\u0119 identyfikuj\u0105. Ich zmieszanie i zaniepokojenie wywo\u0142a\u0142a terminologia u\u017cyta w formularzu. W\u015br\u00f3d mo\u017cliwych kategorii znalaz\u0142y si\u0119 m.in. takie, jak \u201ecis-seksizm\u201d, \u201ehetero-seksizm\u201d, \u201eosoby transp\u0142ciowe\u201d, \u201eosoby niebinarne\u201d, \u201eosoby transp\u0142ciowe\u201d.<\/p>\r\n<p>\u201ePowiedziano nam, \u017ce musimy zaakceptowa\u0107 transp\u0142ciowo\u015b\u0107 w naszej wierze \u2013 relacjonuje ucze\u0144 \u2013 jak r\u00f3wnie\u017c, \u017ce musimy przyj\u0105\u0107 nasz poci\u0105g [seksualny]. Wiele os\u00f3b by\u0142o w konsternacji, jak to w og\u00f3le mo\u017cliwe\u201d. Ucze\u0144 zwr\u00f3ci\u0142 te\u017c uwag\u0119 na schizofreniczn\u0105 sytuacj\u0119 w szkole, gdy\u017c na lekcjach z moralno\u015bci i etyki m\u00f3wiono co\u015b innego, \u017ce \u201eKo\u015bci\u00f3\u0142 dokonuje rozr\u00f3\u017cnienia, i\u017c poci\u0105g do os\u00f3b tej samej p\u0142ci nie jest grzechem, ale czyny tak\u201d.<\/p>\r\n<p>Jennifer Petry Coulter, za\u0142o\u017cycielka organizacji Keeep Our St. Louis Catholic Schools Catholic (Zachowajcie Katolicko\u015b\u0107 Naszych Katolickich Szk\u00f3\u0142 w St. Louis), twierdzi, \u017ce niestety jest to typowa sytuacja i dzieje si\u0119 \u201ew ca\u0142ym St. Louis\u201d, a \u201erodzice wierz\u0105, \u017ce szko\u0142y ucz\u0105 tego, co w\u0142a\u015bciwe\u201d. Jej zdaniem w szko\u0142ach trwa \u201eolbrzymia indoktrynacja\u201d, a uczniowie i rodzice, kt\u00f3rzy o tym wiedz\u0105, cz\u0119sto boj\u0105 si\u0119 narazi\u0107 i nie robi\u0105 nic w tej sprawie.<\/p>\r\n<p>Portal \u201eChurch Militant\u201d informowa\u0142 niedawno o tym, \u017ce jezuici otrzymuj\u0105 wsparcie finansowe m.in. od organizacji zwi\u0105zanych z Georgem Sorosem. Mo\u017cna si\u0119 zatem spyta\u0107, czy takie zaj\u0119cia, w jakich uczestniczy\u0142 ucze\u0144 z katolickiej De Smet Jesuit High School s\u0105 cz\u0119\u015bci\u0105 agendy ateistycznego miliardera?<\/p>\r\n<p>jjf\/ChurchMilitant.com<\/p>","protected":false},"excerpt":{"rendered":"Ideologia gender coraz cz\u0119\u015bciej wkracza nie tylko do szk\u00f3\u0142 \u015bwieckich, ale tak\u017ce na uczelnie katolickie. Dotyczy to zar\u00f3wno szk\u00f3\u0142 \u015brednich, jak i wy\u017cszych. Rodzice, nie\u015bwiadomi tego, co si\u0119 dzieje, mog\u0105 \u017cy\u0107 w b\u0142\u0119dnym przekonaniu, \u017ce posy\u0142aj\u0105 dziecko do instytucji, kt\u00f3ra dba o zgodno\u015b\u0107 uczonych tre\u015bci z doktryn\u0105 katolick\u0105. Tymczasem niestety bywa inaczej. Jednym z najnowszych [&hellip;]","protected":false},"author":2,"featured_media":0,"comment_status":"closed","ping_status":"closed","sticky":false,"template":"","format":"standard","meta":{"_acf_changed":false,"_monsterinsights_skip_tracking":false,"_monsterinsights_sitenote_active":false,"_monsterinsights_sitenote_note":"","_monsterinsights_sitenote_category":0,"ngg_post_thumbnail":0,"footnotes":"","_wp_rev_ctl_limit":""},"categories":[4],"tags":[80,314,60,221],"acf":[],"_links":{"self":[{"href":"https:\/\/www.bibula.com\/index.php?rest_route=\/wp\/v2\/posts\/116914"}],"collection":[{"href":"https:\/\/www.bibula.com\/index.php?rest_route=\/wp\/v2\/posts"}],"about":[{"href":"https:\/\/www.bibula.com\/index.php?rest_route=\/wp\/v2\/types\/post"}],"author":[{"embeddable":true,"href":"https:\/\/www.bibula.com\/index.php?rest_route=\/wp\/v2\/users\/2"}],"replies":[{"embeddable":true,"href":"https:\/\/www.bibula.com\/index.php?rest_route=%2Fwp%2Fv2%2Fcomments&post=116914"}],"version-history":[{"count":1,"href":"https:\/\/www.bibula.com\/index.php?rest_route=\/wp\/v2\/posts\/116914\/revisions"}],"predecessor-version":[{"id":117452,"href":"https:\/\/www.bibula.com\/index.php?rest_route=\/wp\/v2\/posts\/116914\/revisions\/117452"}],"wp:attachment":[{"href":"https:\/\/www.bibula.com\/index.php?rest_route=%2Fwp%2Fv2%2Fmedia&parent=116914"}],"wp:term":[{"taxonomy":"category","embeddable":true,"href":"https:\/\/www.bibula.com\/index.php?rest_route=%2Fwp%2Fv2%2Fcategories&post=116914"},{"taxonomy":"post_tag","embeddable":true,"href":"https:\/\/www.bibula.com\/index.php?rest_route=%2Fwp%2Fv2%2Ftags&post=116914"}],"curies":[{"name":"wp","href":"https:\/\/api.w.org\/{rel}","templated":true}]}}