{"id":116861,"date":"2020-09-10T10:15:22","date_gmt":"2020-09-10T14:15:22","guid":{"rendered":"https:\/\/www.bibula.com\/?p=116861"},"modified":"2020-09-10T10:15:22","modified_gmt":"2020-09-10T14:15:22","slug":"bijemy-niemcow-na-ladzie-i-morzu","status":"publish","type":"post","link":"https:\/\/www.bibula.com\/?p=116861","title":{"rendered":"Bijemy Niemc\u00f3w na l\u0105dzie i\u00a0morzu\u2026"},"content":{"rendered":"<p><strong>81 lat temu Polska znalaz\u0142a si\u0119 w sytuacji nie do pozazdroszczenia. Wojna zbiera\u0142a swoje krwawe \u017cniwo. Od kilku dni bitwa graniczna by\u0142a przegrana. Westerplatte pad\u0142o po siedmiu dniach epopei. Nadal broni\u0142 si\u0119 Hel, Gdynia i Oksywie. To jednak by\u0142y wyj\u0105tki.<\/strong><\/p>\r\n<p><img fetchpriority=\"high\" decoding=\"async\" class=\"aligncenter \" src=\"https:\/\/i2.wp.com\/mysl-polska.pl\/gif\/piasta%202_0.jpg\" width=\"600\" height=\"325\" \/><\/p>\r\n<p>Niemiecka 10 Armia, po prze\u0142amaniu obrony Armii \u0141\u00f3d\u017a i Krak\u00f3w rozbi\u0142a armi\u0119 odwodow\u0105 zmuszaj\u0105c j\u0105 do wycofania si\u0119 na prawy brzeg Wis\u0142y. W tym samym czasie niemiecka 8 Armia, po prze\u0142amaniu linii obrony Armii \u0141\u00f3d\u017a nad Wart\u0105, odrzuci\u0142a j\u0105 w kierunku wschodnim, a niemiecka 3 Armia zdo\u0142a\u0142a zepchn\u0105\u0107 Armi\u0119 Modlin na lini\u0119 Wis\u0142y. Zagrozi\u0142o to odci\u0119ciem wysuni\u0119tych na zach\u00f3d si\u0142 Armii Pozna\u0144 i Pomorze.<br \/>\r\nW tym czasie na zachodniej granicy Niemiec w najlepsze trwa\u0142a \u201edziwna wojna\u201d. Mimo formalnego w\u0142\u0105czenia si\u0119 w konflikt Francja i Wielka Brytania pozosta\u0142y i mia\u0142y pozosta\u0107 nadal bierne.<br \/>\r\nWszystko wskazywa\u0142o na to, \u017ce lada chwila&#8230; pobijemy Niemc\u00f3w i wygramy wojn\u0119. Przynajmniej takie wnioski mo\u017cna by\u0142o wyci\u0105gn\u0105\u0107 czytaj\u0105c krajow\u0105 pras\u0119.<\/p>\r\n<p>\u201e<strong>Porty niemieckie zbombardowane przez lotnik\u00f3w angielskich<\/strong>\u201d \u2013 grzmia\u0142 5 wrze\u015bnia 1939 roku \u201eEkspres poranny\u201d, informuj\u0105c zreszt\u0105 w tym samym wydaniu o wkroczeniu naszej kawalerii do Prus Wschodnich. 9 wrze\u015bnia czytelnicy dziennika ilustrowanego \u201eWiek Nowy\u201d przeczytali o zab\u00f3jczo skutecznym rajdzie brytyjskich bombowc\u00f3w na przemys\u0142owe zaplecze Berlina. Jeszcze 14 wrze\u015bnia na czo\u0142\u00f3wk\u0119 \u201ePolski Zbrojnej\u201d wdar\u0142 si\u0119 tekst pod wiele m\u00f3wi\u0105cym tytu\u0142em: \u201e<strong>Bijemy niemc\u00f3w na l\u0105dzie i morzu\u201d<\/strong> (pisownia oryginalna). I byliby\u015bmy t\u0105 wojn\u0119 bezsprzecznie wygrali gdyby nie pewien uci\u0105\u017cliwy drobiazg. Mianowicie propaganda dzia\u0142a dop\u00f3ki wszystkie zainteresowane strony trzymaj\u0105 karty przy orderach. Niestety Niemcy powiedzieli \u201esprawdzam\u201d.<\/p>\r\n<p>Napuszon\u0105 wojenn\u0105 propagand\u0119 z wrze\u015bnia 1939 roku mo\u017cemy z obecnej perspektywy sprowadzi\u0107 do roli zabawnej dykteryjki. Warto jednak wznie\u015b\u0107 si\u0119 ponad jej tragikomiczny wyd\u017awi\u0119k i wyci\u0105gn\u0105\u0107 elementarne wnioski. Cho\u0107by taki, \u017ce nawet gdy wszystko wko\u0142o wali si\u0119 i pali zawsze znajd\u0105 si\u0119 m\u0119drcy, kt\u00f3rzy gotowi s\u0105 z pe\u0142n\u0105 powag\u0105 stwierdzi\u0107, i\u017c jest to co najwy\u017cej kontrolowane wyburzenie po\u0142\u0105czone z \u0107wiczeniami stra\u017cackimi. Albo taki, \u017ce jakkolwiek propagand\u0119 od czasu do czasu warto uprawia\u0107, to we w\u0142asn\u0105 propagand\u0119 nigdy nie wolno wierzy\u0107.<\/p>\r\n<p>To ostatnie przemy\u015blenie dedykuj\u0119 w szczeg\u00f3lno\u015bci wsp\u00f3\u0142czesnym \u201esilnym, zwartym i gotowym\u201d, kt\u00f3rzy tak ch\u0119tnie prawi\u0105 peany na temat w\u0142asnych osi\u0105gni\u0119\u0107. <strong>\u015awiat kreowany przez was w telewizyjnych wiadomo\u015bciach jest r\u00f3wnie prawdziwy, co \u015bwiat rodem z wojennych gazet z 39 roku. Oby zderzenie z rzeczywisto\u015bci\u0105 nie okaza\u0142o si\u0119 r\u00f3wnie bolesne.<\/strong><\/p>\r\n<p><strong><em>Przemys\u0142aw Piasta<\/em> <\/strong><br \/>\r\n8.09.2020<em><br \/>\r\n<a href=\"http:\/\/mysl-polska.pl\/2476\" target=\"_blank\" rel=\"noopener noreferrer\">http:\/\/mysl-polska.pl<\/a><\/em><\/p>\r\n<p class=\"zrodlo\">Za: <a href=\"http:\/\/mysl-polska.pl\/2476\">My\u015bl Polska<\/a><\/p>\r\n<h4>\u00a0<\/h4>\r\n<hr style=\"background-color: #000000; border-width: 0; color: #000000; height: 2px; line-height: 0; text-align: center; width: 100%;\" \/>\r\n<h4>\u00a0<\/h4>\r\n<h2>Nasze wojsko jest w fatalnym stanie! Kim chcemy straszy\u0107? [VIDEO]<\/h2>\r\n<p><strong>Polskie wojsko jest w op\u0142akanym stanie. Czy ma jakiekolwiek szanse przy agresji s\u0105siad\u00f3w?<\/strong><\/p>\r\n<p>Konfederacja przygotowa\u0142a konferencje o stanie polskiego wojska oraz bezpiecze\u0144stwa kraju. W\u015br\u00f3d prelegent\u00f3w by\u0142 Jacek Hoga \u2013 prezes Fundacji Ad Arma.<\/p>\r\n<p>Zdaniem Hogi kondycja polskiej armii jest nie do pozazdroszczenia.<\/p>\r\n<p>\u2013 Jeste\u015bmy technicznym bankrutem, jeste\u015bmy bankrutem z perspektywy demograficznej, i niestety jeste\u015bmy bankrutem z perspektywy obronnej \u2013 podkre\u015bli\u0142 Hoga.<\/p>\r\n<p>Jak wskaza\u0142 prezes Ad Arma politycy nic sobie nie robi\u0105 z wydarze\u0144, kt\u00f3re spotka\u0142y naszych s\u0105siad\u00f3w. Od czasu wojny na Ukrainie nic nie zrobiono w zakresie poprawy polskiego lotnictwa, uzbrojenia, a nawet rozwoju sztandarowego postulatu PiS \u2013 Wojsk Obrony Terytorialnej.<\/p>\r\n<p>Przypomnijmy, \u017ce WOT mia\u0142 liczy\u0107 50 tys. \u017co\u0142nierzy. Tymczasem, jak wskaza\u0142 portal Defence24, WOT w 15 proc. sk\u0142ada si\u0119 z kobiet w wieku od 20 do nawet\u2026 50+ lat.<\/p>\r\n<p>\u2013 Chcia\u0142bym zobaczy\u0107 te pododdzia\u0142y z\u0142o\u017cone z pa\u0144 w wieku ko\u0142o 50, 40 czy nawet 20 naprzeciwko batalionu armii rosyjskiej, z\u0142o\u017conej z \u017co\u0142nierzy kontraktowych \u2013 wskaza\u0142 Hoga.<\/p>\r\n<p>Dla por\u00f3wnania Rosja posiada ok. 120 batalionowych grup bojowych z\u0142o\u017conych z \u017co\u0142nierzy kontraktowych. W Polsce takich grup jest zero.<\/p>\r\n<p><iframe title=\"Nasze wojsko jest w fatalnym stanie! Kim chcemy straszy\u0107? Jacek Hoga || Tomasz Sommer NCzasTV\" src=\"https:\/\/www.youtube.com\/embed\/OookD1RfcKc?feature=oembed\" width=\"100%\" height=\"392\" frameborder=\"0\" allowfullscreen=\"allowfullscreen\" data-mce-fragment=\"1\"><\/iframe><\/p>\r\n<p>\u0179r\u00f3d\u0142o: NCzasTV<\/p>\r\n<p class=\"zrodlo\">Za: <a href=\"https:\/\/nczas.com\/2020\/09\/09\/nasze-wojsko-jest-w-fatalnym-stanie-kim-chcemy-straszyc-video\/\">Najwy\u017cszy Czas! (9 wrze\u015bnia 2020)<\/a><\/p>\r\n<h4>\u00a0<\/h4>\r\n<hr style=\"background-color: #000000; border-width: 0; color: #000000; height: 2px; line-height: 0; text-align: center; width: 100%;\" \/>\r\n<h4>\u00a0<\/h4>\r\n<h2>Andrzej Duda: \u201eJeste\u015bmy dzi\u015b pot\u0119g\u0105 jak w XVII wieku\u201d. Emil Krawczyk odpowiada: \u201eBzdura. Regres nawet w stosunku do 1989 roku\u201d<\/h2>\r\n<p><strong>Andrzej Duda podczas Konferencji Gie\u0142d Tr\u00f3jmorza w Krakowie stwierdzi\u0142, \u017ce Polska \u201ema dzi\u015b tak\u0105 si\u0142\u0119 jak w XVII wieku\u201d. Emil Krawczyk z Konfederacji stwierdzi\u0142, \u017ce to bzdura.<\/strong><\/p>\r\n<p><em>\u2013 Mo\u017cna m\u00f3wi\u0107, \u017ce czas, kiedy Krak\u00f3w by\u0142 stolic\u0105 Polski, to by\u0142 absolutnie jeden czy mo\u017ce wr\u0119cz najlepszy okres w dziejach naszego pa\u0144stwa. Chcia\u0142bym, \u017ceby\u015bmy dzisiaj pracuj\u0105c dla Rzeczypospolitej, my polscy politycy, przedstawiciele polskiego rynku kapita\u0142owego, nawi\u0105zywali do tych w\u0142a\u015bnie najlepszych tradycji \u2013<\/em> m\u00f3wi\u0142 w Krakowie Andrzej Duda.<\/p>\r\n<p><em>\u2013 To by\u0142 czas, kiedy tak\u017ce w tej przestrzeni p\u00f3\u0142noc-po\u0142udnie nie toczyli\u015bmy ze sob\u0105 wojen. Wojny tradycyjnie toczyli\u015bmy na innych kierunkach. Chcia\u0142bym, \u017ceby\u015bmy t\u0119 wsp\u00f3\u0142prac\u0119, kt\u00f3ra wtedy by\u0142a pomi\u0119dzy Polsk\u0105, mi\u0119dzy W\u0119grami, mi\u0119dzy Polsk\u0105, a Litw\u0105, \u017ceby\u015bmy j\u0105 kontynuowali, rozwijali \u2013<\/em> doda\u0142 prezydent.<\/p>\r\n<p>Wed\u0142ug Dudy obecnie Polska znajduje si\u0119 w podobnym po\u0142o\u017ceniu co w czasach sarmackich.<\/p>\r\n<p><em>\u2013 My\u015bl\u0119, \u017ce mamy ku temu wielk\u0105 perspektyw\u0119 w tych szcz\u0119\u015bliwych, pokojowych czasach, kiedy od ponad 30 lat \u017cyjemy w wolnych, niepodleg\u0142ych, suwerennych pa\u0144stwach. Dla nas Polak\u00f3w, kiedy patrzymy w g\u0142\u0105b naszej historii, to jest najwi\u0119ksza szansa w dziejach od XVII wieku. Mo\u017ce trudno jest w to uwierzy\u0107, ale taka jest prawda. Ostatni raz Polska tak\u0105 si\u0142\u0119 jak dzisiaj, mia\u0142a w XVII wieku i jest naszym wielkim zadaniem, \u017ceby t\u0119 szans\u0119 wykorzysta\u0107 \u2013<\/em> powiedzia\u0142.<\/p>\r\n<p>Udost\u0119pnion\u0105 przez portal 300polityka wypowied\u017a prezydenta skomentowa\u0142 Emil Krawczyk \u2013 przedstawiciel wolno\u015bciowego skrzyd\u0142a Konfederacja.<\/p>\r\n<p><em>\u201eNiestety to bzdura. Uwa\u017cam, \u017ce jest regres jest nawet w stosunku do 1989 r.\u201d<\/em> \u2013 napisa\u0142 na Twitterze.<\/p>\r\n<blockquote class=\"twitter-tweet\">\r\n<p dir=\"ltr\" lang=\"pl\">Niestety to bzdura. Uwa\u017cam, \u017ce jest regres jest nawet w stosunku do 1989 r. <a href=\"https:\/\/t.co\/HJ9d7Bukru\">https:\/\/t.co\/HJ9d7Bukru<\/a><\/p>\r\n\r\n\u2014 Emil Krawczyk (@krawczyk_emil) <a href=\"https:\/\/twitter.com\/krawczyk_emil\/status\/1302930635833724928?ref_src=twsrc%5Etfw\">September 7, 2020<\/a><\/blockquote>\r\n<p><script async src=\"https:\/\/platform.twitter.com\/widgets.js\" charset=\"utf-8\"><\/script><\/p>\r\n<p>W XVII Rzeczpospolita Obojga Narod\u00f3w by\u0142a ogromnym pa\u0144stwem, kt\u00f3re by\u0142o w stanie wywiera\u0107 wp\u0142yw na polityk\u0119 europejsk\u0105. W dodatku RON s\u0142yn\u0119\u0142a z wolno\u015bci jakimi cieszy\u0142a si\u0119 szlachta.<\/p>\r\n<p>Dzi\u015b Polska jest pa\u0144stwem, kt\u00f3re w zale\u017cno\u015bci od rz\u0105d\u00f3w znajduje si\u0119 na \u0142asce Niemiec, USA lub Rosji. Poziomem swob\u00f3d obywatelskich nawi\u0105zujemy natomiast bardziej do sytuacji 17-wiecznych ch\u0142op\u00f3w ni\u017c sarmat\u00f3w. Trudno wi\u0119c nie przyzna\u0107 racji Krawczykowi.<\/p>\r\n<p class=\"zrodlo\">Za: <a href=\"https:\/\/nczas.com\/2020\/09\/07\/andrzej-duda-jestesmy-dzis-potega-jak-w-xvii-wieku-emil-krawczyk-odpowiada-bzdura-regres-nawet-w-stosunku-do-1989-roku\/\">Najwy\u017cszy Czas! (7 wrze\u015bnia 2020)<\/a><\/p>\r\n<h4>\u00a0<\/h4>\r\n<hr style=\"background-color: #000000; border-width: 0; color: #000000; height: 2px; line-height: 0; text-align: center; width: 100%;\" \/>\r\n<h4>\u00a0<\/h4>","protected":false},"excerpt":{"rendered":"81 lat temu Polska znalaz\u0142a si\u0119 w sytuacji nie do pozazdroszczenia. Wojna zbiera\u0142a swoje krwawe \u017cniwo. Od kilku dni bitwa graniczna by\u0142a przegrana. Westerplatte pad\u0142o po siedmiu dniach epopei. Nadal broni\u0142 si\u0119 Hel, Gdynia i Oksywie. To jednak by\u0142y wyj\u0105tki. Niemiecka 10 Armia, po prze\u0142amaniu obrony Armii \u0141\u00f3d\u017a i Krak\u00f3w rozbi\u0142a armi\u0119 odwodow\u0105 zmuszaj\u0105c j\u0105 [&hellip;]","protected":false},"author":1,"featured_media":0,"comment_status":"closed","ping_status":"closed","sticky":false,"template":"","format":"standard","meta":{"_acf_changed":false,"_monsterinsights_skip_tracking":false,"_monsterinsights_sitenote_active":false,"_monsterinsights_sitenote_note":"","_monsterinsights_sitenote_category":0,"ngg_post_thumbnail":0,"footnotes":"","_wp_rev_ctl_limit":""},"categories":[8],"tags":[349,84,20,59],"acf":[],"_links":{"self":[{"href":"https:\/\/www.bibula.com\/index.php?rest_route=\/wp\/v2\/posts\/116861"}],"collection":[{"href":"https:\/\/www.bibula.com\/index.php?rest_route=\/wp\/v2\/posts"}],"about":[{"href":"https:\/\/www.bibula.com\/index.php?rest_route=\/wp\/v2\/types\/post"}],"author":[{"embeddable":true,"href":"https:\/\/www.bibula.com\/index.php?rest_route=\/wp\/v2\/users\/1"}],"replies":[{"embeddable":true,"href":"https:\/\/www.bibula.com\/index.php?rest_route=%2Fwp%2Fv2%2Fcomments&post=116861"}],"version-history":[{"count":0,"href":"https:\/\/www.bibula.com\/index.php?rest_route=\/wp\/v2\/posts\/116861\/revisions"}],"wp:attachment":[{"href":"https:\/\/www.bibula.com\/index.php?rest_route=%2Fwp%2Fv2%2Fmedia&parent=116861"}],"wp:term":[{"taxonomy":"category","embeddable":true,"href":"https:\/\/www.bibula.com\/index.php?rest_route=%2Fwp%2Fv2%2Fcategories&post=116861"},{"taxonomy":"post_tag","embeddable":true,"href":"https:\/\/www.bibula.com\/index.php?rest_route=%2Fwp%2Fv2%2Ftags&post=116861"}],"curies":[{"name":"wp","href":"https:\/\/api.w.org\/{rel}","templated":true}]}}